{"id":1037196,"date":"2026-05-22T01:17:35","date_gmt":"2026-05-22T01:17:35","guid":{"rendered":"https:\/\/www.europesays.com\/de\/1037196\/"},"modified":"2026-05-22T01:17:35","modified_gmt":"2026-05-22T01:17:35","slug":"wozu-eine-wohnraumkonferenz-der-gruenen-in-leipzig-wir-haben-dr-tobias-peter-gefragt-%c2%b7-leipziger-zeitung","status":"publish","type":"post","link":"https:\/\/www.europesays.com\/de\/1037196\/","title":{"rendered":"Wozu eine Wohnraumkonferenz der Gr\u00fcnen in Leipzig? Wir haben Dr. Tobias Peter gefragt \u00b7 Leipziger Zeitung"},"content":{"rendered":"<p>Unter dem Motto \u201eWohnen mit Zukunft \u2013 bezahlbar, nachhaltig, sozial gerecht\u201c l\u00e4dt die Partei B\u00fcndnis 90\/Die Gr\u00fcnen f\u00fcr den 30. Mai zur Leipziger Wohnraumkonferenz ein. Die Liste der Referentinnen und Referenten mit Thomas Dienberg, Vicki Felthaus, Prof. Alexander Hagner von gaupenraub Wien, Tanja Korzer vom Netzwerk Leipziger Freiheit und anderen Expertinnen und Experten aus Politik, Architektur, Wohnungswirtschaft, Wissenschaft und Zivilgesellschaft klingt spannend.<\/p>\n<p>Was kann man von so einer Konferenz eigentlich erwarten? Wir haben dazu Dr. Tobias Peter, den Vorsitzenden der Gr\u00fcnen Stadtratsfraktion Leipzig und wohnungspolitischer Sprecher der Fraktion gefragt. <img decoding=\"async\" src=\"https:\/\/www.europesays.com\/de\/wp-content\/uploads\/2026\/05\/56482b8a75654d19aa52021f21127669.gif\" alt=\"\" width=\"https:\/\/www.l-iz.de\/top-posts\/2026\/05\/1\" height=\"https:\/\/www.l-iz.de\/top-posts\/2026\/05\/1\"\/><\/p>\n<p><b>Herr Dr. Peter, das Motto der Konferenz ist \u201e<a href=\"https:\/\/gruene-leipzig.de\/partei\/arbeitsgemeinschaften\/ag-stadtentwicklung-und-mobilitaet\/wohnraumkonferenz-wohnen-mit-zukunft\/\" target=\"_blank\" rel=\"noopener nofollow\">Wohnen mit Zukunft \u2013 bezahlbar, nachhaltig, sozial gerecht<\/a>\u201c, geht das in Zeiten steigender Bodenpreise, Bau- und Energiekosten und der zunehmenden Konzentration des Eigentums an Wohnraum \u00fcberhaupt, oder ist das eine \u201egr\u00fcne Utopie\u201c?\u00a0<\/b><\/p>\n<p>Wohnen ist f\u00fcr die Menschen in Leipzig\u00a0das Top-Thema, wie die letzte B\u00fcrgerumfrage wieder gezeigt hat. Und es ist vor allem\u00a0eine Gerechtigkeitsfrage: Steigende Mieten, zu wenig Neubau und ein wachsender Bedarf an bezahlbaren Wohnungen treffen auf \u00f6kologische Krisen und soziale Spaltung. Wir wollen zeigen, dass eine andere Wohnungspolitik m\u00f6glich ist \u2013 eine, die Klimaschutz, Bezahlbarkeit und soziale Sicherheit vereint.\u00a0Das ist keine Utopie, sondern daf\u00fcr gibt es bereits jetzt\u00a0gute Konzepte, Strategien und Beispiele \u2013\u00a0die wollen wir zeigen und diskutieren.\u00a0Die zweifellos\u00a0schwierigen Rahmenbedingungen sehen wir vor allem als Herausforderung. Steigende Bodenpreise brauchen eine neue Bodenpolitik, beim Bund, aber auch auf kommunaler Ebene. Die Vergabe kommunaler Fl\u00e4chen \u00fcber Erbbaupacht\u00a0an Baugruppen\u00a0ist ein Ansatz, den wir auch in Leipzig verfolgen. Kosteng\u00fcnstiges und zugleich energieeffizientes Bauen\u00a0bringt\u00a0nicht nur f\u00fcr Bauende, sondern auch f\u00fcr Mietende\u00a0handfeste finanzielle Vorteile. Wir wollen Strategien und Konzepte diskutieren, wie das ganz konkret funktionieren kann.<\/p>\n<p><b>Sie haben Expertinnen und Experten aus Politik, Architektur, Wohnungswirtschaft, Wissenschaft und Zivilgesellschaft eingeladen. In der Konferenz soll \u00fcber \u201ebest\u00a0practice\u201c-Beispiele berichtet werden. K\u00f6nnen Sie einige dieser Beispiele nennen?<\/b><\/p>\n<p>Wir finden schon in Leipzig gute Beispiele wie das Hausprojekt Leika in Connewitz. Hier wird klimafreundlich mit Holz gebaut, sehr kosteng\u00fcnstig mit unter 3.000 EUR \/ qm mit flexiblen Grundrissen. Ein Projekt, welches sozial gebundenen Mietwohnraum bereitstellt, auf den Stadtraum reagiert und \u00f6ffentliche R\u00e4ume bereitstellt. Das ist eigentlich alles drin, was innovatives soziales und \u00f6kologisches Bauen ausmacht. Als Stadt haben wir das \u00fcber Konzeptvergabe und F\u00f6rderung unterst\u00fctzt. Weitere Beispiele finden wir in der ganzen Republik. Einige davon werden auf der Konferenz unter anderem durch das Architekturb\u00fcro gaupenraub oder die Landmarken AG vorgestellt, die f\u00fcr soziale und \u00f6kologische Ans\u00e4tze stehen.<\/p>\n<p><b>Von au\u00dfen betrachtet erscheint es fast\u00a0unm\u00f6glich\u00a0den\u00a0Wohnraumbedarf\u00a0abzudecken, gleichzeitig die Klimaziele zu erf\u00fcllen und bezahlbaren Wohnraum bereitzustellen. M\u00fcssen wir uns von lieb gewordenen Besitzst\u00e4nden, wie der\u00a0<a href=\"https:\/\/www.destatis.de\/DE\/Presse\/Pressemitteilungen\/2025\/09\/PD25_336_31231.html\" target=\"_blank\" rel=\"noopener nofollow\">durchschnittlichen Wohnfl\u00e4che pro Kopf<\/a>\u00a0von 49,2 Quadratmetern, verabschieden?\u00a0<\/b><\/p>\n<p>Tats\u00e4chlich ist die Wohnfl\u00e4che pro Kopf in den letzten Jahrzehnten deutlich gestiegen. Nicht unbedingt, weil die Wohnungen gr\u00f6\u00dfer werden, sondern weil Bedarf und Angebot immer \u00f6fter nicht zueinander passen. Da sind die \u00e4lteren Ehepaare, die im gr\u00f6\u00dferen Einfamilienhaus verbleiben, aber auch die jungen Familien, die eigentlich in einer viel zu kleinen Wohnung leben, weil sie sich keine gr\u00f6\u00dfere leisten k\u00f6nnen. Wir wollen auf der Konferenz \u00fcber L\u00f6sungsans\u00e4tze diskutieren. Das k\u00f6nnen neben leichterem Wohnungstausch auch flexiblere und modulare Grundrisse sein, die besser auf unterschiedliche Lebensphasen reagieren. Auch gemeinschaftliches Wohnen, wo Infrastrukturen gemeinsam genutzt werden, k\u00f6nnen ein Beitrag sein, um nicht nur den \u00f6kologischen Fu\u00dfabdruck zu reduzieren, sondern auch Einsamkeit zu vermeiden. Wir brauchen mehr Beispiele, die auf diese Weise unn\u00f6tige Versiegelung vermeiden und Zusammenhalt st\u00e4rken.<\/p>\n<p><b>Sie werden<\/b><b> in der <a href=\"https:\/\/gruene-leipzig.de\/wp-content\/uploads\/2026\/02\/Pressemitteilung_20260319_Wohnraumkonferenz-2.pdf\" rel=\"nofollow noopener\" target=\"_blank\">P<\/a><\/b><a href=\"https:\/\/gruene-leipzig.de\/wp-content\/uploads\/2026\/02\/Pressemitteilung_20260319_Wohnraumkonferenz-2.pdf\" target=\"_blank\" rel=\"noopener nofollow\"><b>ressemitteilung<\/b><\/a><b> zitiert mit: \u201eWir brauchen mehr gemeinwohlorientierten Wohnungsbau und klare politische Rahmenbedingungen, damit dauerhaft bezahlbare Wohnungen entstehen.\u201c In Leipzig sind die gr\u00f6\u00dften Bauprojekte, bspw. Freiladebahnhof und Bayerischer Bahnhof, in der Hand privater Investoren und Wohnungskonzerne, wie soll der gemeinwohlorientierte Wohnungsbau unter diesen Umst\u00e4nden funktionieren?\u00a0<\/b><\/p>\n<p>Gemeinwohlorientierter Wohnungsbau funktioniert am besten durch Wohnungsbautr\u00e4ger, die nicht vorrangig Gewinne maximieren wollen.\u00a0Kommunale Unternehmen wie die LWB, die traditionellen Genossenschaften und neue Genossenschaftsmodelle wie die\u00a0SoWo\u00a0geh\u00f6ren ebenso dazu wie selbstorganisierte Hausprojekte.\u00a0Weil bei diesen Tr\u00e4gern\u00a0vorrangig auf bezahlbare Mieten achten, f\u00f6rdern wir diese als Stadt jetzt schon durch Konzeptvergabe kommunaler Fl\u00e4chen und vorrangige soziale Wohnraumf\u00f6rderung. Aber auch bei privaten Stadtentwicklern\u00a0k\u00f6nnen wir durch Bebauungspl\u00e4ne und st\u00e4dtebauliche Vertr\u00e4ge daf\u00fcr sorgen, dass Gemeinwohlziele etwa bei der Gr\u00fcnraumversorgung und bezahlbarem Wohnraum erf\u00fcllt werden.<\/p>\n<p><b>Was erwarten Sie pers\u00f6nlich von der Konferenz?\u00a0<\/b><\/p>\n<p>Ich freue mich auf\u00a0neue inhaltliche Einblicke und\u00a0einen spannenden\u00a0Austausch mit vielen Akteuren und\u00a0Fachleuten. Gemeinsam k\u00f6nnen wir eine andere Wohnungspolitik gestalten. Die Konferenz kann daf\u00fcr einen wichtigen Beitrag leisten.<\/p>\n<p><b>Vielen Dank Herr Dr. Peter, wir sehen uns dann am 30. Mai.<\/b><\/p>\n<p>Da sich Dr. Peter zurzeit nicht in Leipzig aufh\u00e4lt, wurden die Fragen und Antworten per Mail \u00fcbermittelt.<\/p>\n<p>Wir werden am 30. Mai bei der Konferenz anwesend sein, mit einigen der Expertinnen und Experten sprechen und nat\u00fcrlich dar\u00fcber berichten. Bei aller Skepsis ist ein Austausch \u00fcber die Herausforderungen, Ziele und L\u00f6sungsm\u00f6glichkeiten f\u00fcr die Wohnungsmisere auf jeden Fall wichtig.<\/p>\n","protected":false},"excerpt":{"rendered":"Unter dem Motto \u201eWohnen mit Zukunft \u2013 bezahlbar, nachhaltig, sozial gerecht\u201c l\u00e4dt die Partei B\u00fcndnis 90\/Die Gr\u00fcnen f\u00fcr&hellip;\n","protected":false},"author":2,"featured_media":1037197,"comment_status":"","ping_status":"","sticky":false,"template":"","format":"standard","meta":{"footnotes":"","_share_on_mastodon":"0"},"categories":[1832],"tags":[32246,21,3364,29,30,2134,7170,71,859,222417,222418,222419,5727],"class_list":["post-1037196","post","type-post","status-publish","format-standard","has-post-thumbnail","category-leipzig","tag-wohnraum","tag-buendnis-90-die-gruenen","tag-de","tag-deutschland","tag-germany","tag-interview","tag-konferenz","tag-leipzig","tag-sachsen","tag-thomas-dienberg","tag-tobias-peter","tag-vicky-felthaus","tag-wohnungspolitik"],"share_on_mastodon":{"url":"https:\/\/pubeurope.com\/@de\/116615593912010257","error":""},"_links":{"self":[{"href":"https:\/\/www.europesays.com\/de\/wp-json\/wp\/v2\/posts\/1037196","targetHints":{"allow":["GET"]}}],"collection":[{"href":"https:\/\/www.europesays.com\/de\/wp-json\/wp\/v2\/posts"}],"about":[{"href":"https:\/\/www.europesays.com\/de\/wp-json\/wp\/v2\/types\/post"}],"author":[{"embeddable":true,"href":"https:\/\/www.europesays.com\/de\/wp-json\/wp\/v2\/users\/2"}],"replies":[{"embeddable":true,"href":"https:\/\/www.europesays.com\/de\/wp-json\/wp\/v2\/comments?post=1037196"}],"version-history":[{"count":0,"href":"https:\/\/www.europesays.com\/de\/wp-json\/wp\/v2\/posts\/1037196\/revisions"}],"wp:featuredmedia":[{"embeddable":true,"href":"https:\/\/www.europesays.com\/de\/wp-json\/wp\/v2\/media\/1037197"}],"wp:attachment":[{"href":"https:\/\/www.europesays.com\/de\/wp-json\/wp\/v2\/media?parent=1037196"}],"wp:term":[{"taxonomy":"category","embeddable":true,"href":"https:\/\/www.europesays.com\/de\/wp-json\/wp\/v2\/categories?post=1037196"},{"taxonomy":"post_tag","embeddable":true,"href":"https:\/\/www.europesays.com\/de\/wp-json\/wp\/v2\/tags?post=1037196"}],"curies":[{"name":"wp","href":"https:\/\/api.w.org\/{rel}","templated":true}]}}