{"id":1037349,"date":"2026-05-22T02:45:22","date_gmt":"2026-05-22T02:45:22","guid":{"rendered":"https:\/\/www.europesays.com\/de\/1037349\/"},"modified":"2026-05-22T02:45:22","modified_gmt":"2026-05-22T02:45:22","slug":"aerger-im-seniorenheim-in-waiblingen-aufzug-seit-vier-wochen-kaputt-was-hilft-nachrichten-aus-waiblingen","status":"publish","type":"post","link":"https:\/\/www.europesays.com\/de\/1037349\/","title":{"rendered":"\u00c4rger im Seniorenheim in Waiblingen: Aufzug seit vier Wochen kaputt \u2013 was hilft? &#8211; Nachrichten aus Waiblingen"},"content":{"rendered":"<p><strong>Waiblingen-Hohenacker.<\/strong> Seit vier Wochen k\u00f6nnen einige Bewohner ihr Seniorenheim nicht eigenst\u00e4ndig verlassen oder von einem Stockwerk ins andere: Der Aufzug ist kaputt. Ein 64-J\u00e4hriger, der im Rollstuhl sitzt, ist davon betroffen und \u00e4rgert sich \u00fcber die anhaltende St\u00f6rung. Der Betreiber nimmt Stellung und will f\u00fcr zuk\u00fcnftige Ausf\u00e4lle vorsorgen.<\/p>\n<p>F\u00fcr Bewohner wie ihn \u201egeht ohne Hilfe nichts\u201c, sagt Uwe G\u00f6rges. Er lebt seit fast zwei Jahren im Seniorenzentrum<\/p>\n","protected":false},"excerpt":{"rendered":"Waiblingen-Hohenacker. Seit vier Wochen k\u00f6nnen einige Bewohner ihr Seniorenheim nicht eigenst\u00e4ndig verlassen oder von einem Stockwerk ins andere:&hellip;\n","protected":false},"author":2,"featured_media":1037350,"comment_status":"","ping_status":"","sticky":false,"template":"","format":"standard","meta":{"footnotes":"","_share_on_mastodon":"0"},"categories":[1830],"tags":[222460,222459,17125,1634,19907,3364,9037,29,9035,30,163368,9221,7410,43313,1441,42096,9887],"class_list":["post-1037349","post","type-post","status-publish","format-standard","has-post-thumbnail","category-stuttgart","tag-alexander-stift","tag-alexanderstift","tag-aufzug","tag-baden-wuerttemberg","tag-bewohner","tag-de","tag-defekt","tag-deutschland","tag-fahrstuhl","tag-germany","tag-hohenacker","tag-pflege","tag-rollstuhl","tag-rollstuhlfahrer","tag-stuttgart","tag-verlassen","tag-waiblingen"],"share_on_mastodon":{"url":"https:\/\/pubeurope.com\/@de\/116615939795927682","error":""},"_links":{"self":[{"href":"https:\/\/www.europesays.com\/de\/wp-json\/wp\/v2\/posts\/1037349","targetHints":{"allow":["GET"]}}],"collection":[{"href":"https:\/\/www.europesays.com\/de\/wp-json\/wp\/v2\/posts"}],"about":[{"href":"https:\/\/www.europesays.com\/de\/wp-json\/wp\/v2\/types\/post"}],"author":[{"embeddable":true,"href":"https:\/\/www.europesays.com\/de\/wp-json\/wp\/v2\/users\/2"}],"replies":[{"embeddable":true,"href":"https:\/\/www.europesays.com\/de\/wp-json\/wp\/v2\/comments?post=1037349"}],"version-history":[{"count":0,"href":"https:\/\/www.europesays.com\/de\/wp-json\/wp\/v2\/posts\/1037349\/revisions"}],"wp:featuredmedia":[{"embeddable":true,"href":"https:\/\/www.europesays.com\/de\/wp-json\/wp\/v2\/media\/1037350"}],"wp:attachment":[{"href":"https:\/\/www.europesays.com\/de\/wp-json\/wp\/v2\/media?parent=1037349"}],"wp:term":[{"taxonomy":"category","embeddable":true,"href":"https:\/\/www.europesays.com\/de\/wp-json\/wp\/v2\/categories?post=1037349"},{"taxonomy":"post_tag","embeddable":true,"href":"https:\/\/www.europesays.com\/de\/wp-json\/wp\/v2\/tags?post=1037349"}],"curies":[{"name":"wp","href":"https:\/\/api.w.org\/{rel}","templated":true}]}}