{"id":1037414,"date":"2026-05-22T03:22:18","date_gmt":"2026-05-22T03:22:18","guid":{"rendered":"https:\/\/www.europesays.com\/de\/1037414\/"},"modified":"2026-05-22T03:22:18","modified_gmt":"2026-05-22T03:22:18","slug":"erbenheimer-hoefefest-laedt-pfingsten-zum-entdecken-ein","status":"publish","type":"post","link":"https:\/\/www.europesays.com\/de\/1037414\/","title":{"rendered":"Erbenheimer H\u00f6fefest l\u00e4dt Pfingsten zum Entdecken ein"},"content":{"rendered":"<p>Erbenheim \u00f6ffnet seine H\u00f6fe: Drei Tage Musik, Geschichte und Genuss. Das H\u00f6fefest 2026 l\u00e4dt zum Entdecken, Mitmachen und Verweilen ein.<\/p>\n<p>Erbenheim kann vieles. Es kann feiern, es kann erz\u00e4hlen \u2013 und es kann seine T\u00fcren \u00f6ffnen. Beim <strong>Erbenheimer H\u00f6fefest<\/strong> <strong>2026<\/strong> tut es alles gleichzeitig. Wer durch die Gassen streift, merkt schnell: Hier bleibt niemand lange stehen, ohne weiterzugehen. Zu viel passiert, zu viel lockt.<\/p>\n<p>Erbenheimer H\u00f6fefest, kurz gefasst<\/p>\n<p><strong>Offene H\u00f6fe<\/strong> \u2013 Drei Tage Musik, F\u00fchrungen und Genuss<br \/><strong>Eintritt<\/strong>: frei<br \/><strong>Wann: <\/strong>Freitag 22. bis Sonntag, 24. Mai 2026<br \/><strong>Wo: <\/strong>Ganz Wiesbaden-Erbenheim <\/p>\n<p>Die H\u00f6fe \u00f6ffnen, die Menschen folgen. Sie schlendern, probieren, schauen, h\u00f6ren. Und pl\u00f6tzlich wird aus einem Spaziergang eine kleine Reise durch Geschichte, Handwerk und Dorfleben.<\/p>\n<p><strong>Musik, die den Kirchplatz tr\u00e4gt<\/strong><\/p>\n<p>Schon am Freitagabend \u00fcbernimmt die B\u00fchne das Kommando. <strong>\u201eGRUMIS\u201c schieben Bayernrock \u00fcber den Kirchplatz <\/strong>\u2013 laut genug, damit niemand behaupten kann, er habe es nicht geh\u00f6rt. Am Samstag folgt ein Programm, das kaum Luft zum Durchatmen l\u00e4sst: Kinder tanzen, Trommeln treiben den Takt, Big Bands f\u00fcllen den Raum. Und mittendrin: <strong>Erbenheim. Es bewegt sich, es zeigt sich, es spielt.<\/strong><\/p>\n<p>Am Abend \u00fcbernimmt <strong>\u201eDEJA VU\u201c und l\u00e4sst Rock und Pop durch die Nacht ziehen<\/strong>. Wer dann noch stillsteht, hat entweder genug getanzt \u2013 oder wartet auf den n\u00e4chsten Einsatz.<\/p>\n<p><strong>Geschichten hinter Mauern<\/strong><\/p>\n<p>Doch das <strong>Erbenheimer H\u00f6fefest<\/strong> kann aber auch mehr als B\u00fchne. Es f\u00fchrt hinein in R\u00e4ume, die sonst verschlossen bleiben. F\u00fchrungen \u00f6ffnen T\u00fcren zur Ortsgeschichte, lassen Mauern sprechen und T\u00fcrme erz\u00e4hlen. Wer mag, steigt hinauf, schaut hinaus und sieht das Dorf aus einer neuen Perspektive.<\/p>\n<p><strong>Planwagen rollen, Kutschen klappern, Kirchen fl\u00fcstern Geschichte<\/strong>. Und irgendwo erz\u00e4hlt jemand ein M\u00e4rchen \u2013 ganz nebenbei, ganz selbstverst\u00e4ndlich.<\/p>\n<p><strong>Ein Fest f\u00fcr alle Sinne<\/strong><\/p>\n<p>Zwischen Feuerwehr\u00fcbungen, Kunstradfahren und Apfelkunst mischt sich der Duft von Flammkuchen, Erdbeerbowle und frischem Kaffee. Die Landfrauen decken den Fr\u00fchst\u00fcckstisch, Vereine schenken aus, Kinder malen, spielen, suchen \u2013 und finden. <strong>Denn das ist vielleicht das Geheimnis dieses Festes: Es zwingt niemanden, aber es verf\u00fchrt alle.<\/strong><\/p>\n<p><strong>Gemeinsam statt nebeneinander<\/strong><\/p>\n<p>Hinter allem steht, was man nicht sofort sieht: Engagement. Viele H\u00e4nde planen, bauen auf, organisieren, schenken aus. Ohne sie bliebe der Hof leer.<\/p>\n<p>Mit ihnen aber wird das <strong>Erbenheimer H\u00f6fefest<\/strong> zu dem, was es ist: ein Wochenende, das zeigt, wie lebendig Gemeinschaft sein kann.<\/p>\n<p>Foto \u2013 Archivfotos \u00a92026 Wiesabden lebt<\/p>\n<p>Weitere Nachrichten aus dem\u00a0<strong>Ortsbezirk Erbenheim<\/strong>\u00a0<a href=\"http:\/\/wiesbaden-lebt.de\/tag\/erbenheim\" target=\"_blank\" rel=\"noreferrer noopener nofollow\">lesen Sie hier<\/a>.<\/p>\n<p>Die Internetseite zum\u00a0<strong>Erbenheimer H\u00f6fefest<\/strong>\u00a0finden Sie unter\u00a0<a href=\"https:\/\/www.hoefefest.de\/\" target=\"_blank\" rel=\"noreferrer noopener nofollow\">www.hoefefest.de<\/a>.<\/p>\n<p><img loading=\"lazy\" decoding=\"async\" id=\"metis-img-pixel\" src=\"https:\/\/www.europesays.com\/de\/wp-content\/uploads\/2026\/05\/e1cd98fb21de4abd9cb264f0a5447566.gif\" width=\"1\" height=\"1\" alt=\"\"\/>\t\t\t\t\t\t<\/p>\n","protected":false},"excerpt":{"rendered":"Erbenheim \u00f6ffnet seine H\u00f6fe: Drei Tage Musik, Geschichte und Genuss. Das H\u00f6fefest 2026 l\u00e4dt zum Entdecken, Mitmachen und&hellip;\n","protected":false},"author":2,"featured_media":1037415,"comment_status":"","ping_status":"","sticky":false,"template":"","format":"standard","meta":{"footnotes":"","_share_on_mastodon":"0"},"categories":[1847],"tags":[3364,29,131349,222470,548,663,3934,30,13,2052,14,15,12,82797,4544],"class_list":["post-1037414","post","type-post","status-publish","format-standard","has-post-thumbnail","category-wiesbaden","tag-de","tag-deutschland","tag-erbenheim","tag-erbenheimer-hoefefest","tag-eu","tag-europa","tag-europe","tag-germany","tag-headlines","tag-hessen","tag-nachrichten","tag-news","tag-schlagzeilen","tag-stadtteilkultur","tag-wiesbaden"],"share_on_mastodon":{"url":"https:\/\/pubeurope.com\/@de\/116616085455500891","error":""},"_links":{"self":[{"href":"https:\/\/www.europesays.com\/de\/wp-json\/wp\/v2\/posts\/1037414","targetHints":{"allow":["GET"]}}],"collection":[{"href":"https:\/\/www.europesays.com\/de\/wp-json\/wp\/v2\/posts"}],"about":[{"href":"https:\/\/www.europesays.com\/de\/wp-json\/wp\/v2\/types\/post"}],"author":[{"embeddable":true,"href":"https:\/\/www.europesays.com\/de\/wp-json\/wp\/v2\/users\/2"}],"replies":[{"embeddable":true,"href":"https:\/\/www.europesays.com\/de\/wp-json\/wp\/v2\/comments?post=1037414"}],"version-history":[{"count":0,"href":"https:\/\/www.europesays.com\/de\/wp-json\/wp\/v2\/posts\/1037414\/revisions"}],"wp:featuredmedia":[{"embeddable":true,"href":"https:\/\/www.europesays.com\/de\/wp-json\/wp\/v2\/media\/1037415"}],"wp:attachment":[{"href":"https:\/\/www.europesays.com\/de\/wp-json\/wp\/v2\/media?parent=1037414"}],"wp:term":[{"taxonomy":"category","embeddable":true,"href":"https:\/\/www.europesays.com\/de\/wp-json\/wp\/v2\/categories?post=1037414"},{"taxonomy":"post_tag","embeddable":true,"href":"https:\/\/www.europesays.com\/de\/wp-json\/wp\/v2\/tags?post=1037414"}],"curies":[{"name":"wp","href":"https:\/\/api.w.org\/{rel}","templated":true}]}}