{"id":1037540,"date":"2026-05-22T04:38:17","date_gmt":"2026-05-22T04:38:17","guid":{"rendered":"https:\/\/www.europesays.com\/de\/1037540\/"},"modified":"2026-05-22T04:38:17","modified_gmt":"2026-05-22T04:38:17","slug":"tuerkisches-gericht-setzt-chp-parteifuehrung-ab","status":"publish","type":"post","link":"https:\/\/www.europesays.com\/de\/1037540\/","title":{"rendered":"T\u00fcrkisches Gericht setzt CHP-Parteif\u00fchrung ab"},"content":{"rendered":"<p>            <img loading=\"lazy\" decoding=\"async\" class=\"ts-image\" src=\"https:\/\/www.europesays.com\/de\/wp-content\/uploads\/2026\/05\/oezgur-oezel-102.jpg\" alt=\"\u00d6zg\u00fcr \u00d6zel spricht auf einem CHP-Kongress.\" title=\"\u00d6zg\u00fcr \u00d6zel spricht auf einem CHP-Kongress. | Tunahan Turhan\/SOPA Images via Z\"\/><\/p>\n<p class=\"metatextline\">Stand: 22.05.2026 \u2022 05:33 Uhr<\/p>\n<p class=\"article-head__shorttext\">\n        <strong>Die gr\u00f6\u00dfte t\u00fcrkische Oppositionspartei CHP steht unter massivem Druck. Viele prominente Parteimitglieder sitzen im Gef\u00e4ngnis. Nun setzte ein Gericht die Parteispitze um \u00d6zg\u00fcr \u00d6zel ab. Seine Wahl 2023 sei nicht regelkonform gewesen.<\/strong>\n    <\/p>\n<p class=\"textabsatz m-ten m-offset-one l-eight l-offset-two columns twelve\">Ein t\u00fcrkisches Gericht hat die Absetzung des Vorsitzenden der gr\u00f6\u00dften Oppositionspartei CHP, \u00d6zg\u00fcr \u00d6zel, angeordnet. Ein Berufungsgericht annullierte die Wahl der F\u00fchrungsspitze auf dem Parteitag von 2023 wegen Unregelm\u00e4\u00dfigkeiten. Damals war \u00d6zel zum Parteichef gew\u00e4hlt worden. Laut dem Urteil soll der fr\u00fchere Vorsitzende Kemal Kilicdaroglu nun an \u00d6zels Stelle r\u00fccken, um die CHP vorl\u00e4ufig zu f\u00fchren.<\/p>\n<p class=\"textabsatz m-ten m-offset-one l-eight l-offset-two columns twelve\">\u00d6zel rief alle Parlamentarier seiner Partei zu einer Krisensitzung in der Parteizentrale zusammen. Zudem wurden die CHP-Mitglieder dazu aufgerufen, vor dem Hauptquartier gegen die Gerichtsentscheidung zu protestieren. Die Partei hat eigenen Angaben nach Einspruch gegen das Urteil eingelegt. Man habe eine dementsprechende Beschwerde beim Obersten Gerichtshof eingereicht, sagte \u00d6zel.<\/p>\n<p class=\"absatzbild__info__text\">\n                        Nach dem Gerichtsurteil versammelten sich Menschen vor der Parteizentrale in Ankara.\n                    <\/p>\n<p>    Partei weist Vorw\u00fcrfe zur\u00fcck<\/p>\n<p class=\"textabsatz m-ten m-offset-one l-eight l-offset-two columns twelve\">Das Verfahren war von einem ehemaligen Parteimitglied initiiert worden. Es wird die Frage aufgeworfen, ob Delegierte bestochen wurden, um f\u00fcr \u00d6zel zu stimmen. Die CHP-Parteif\u00fchrung weist die Vorw\u00fcrfe zur\u00fcck. In erster Instanz war die Klage <a href=\"https:\/\/www.tagesschau.de\/ausland\/asien\/tuerkei-chp-102.html\" title=\"T\u00fcrkisches Gericht lehnt Absetzung der CHP-Spitze ab\" rel=\"nofollow noopener\" target=\"_blank\">im vergangenen Jahr abgewiesen<\/a> worden.<\/p>\n<p class=\"textabsatz m-ten m-offset-one l-eight l-offset-two columns twelve\">Im September 2025 fand ein au\u00dferordentlicher CHP-Parteikongress statt. Dabei wurde \u00d6zel mit <a href=\"https:\/\/www.tagesschau.de\/ausland\/europa\/tuerkei-chp-oezel-106.html\" title=\"Erdogan-Gegner \u00d6zel als CHP-Chef wiedergew\u00e4hlt\" rel=\"nofollow noopener\" target=\"_blank\">\u00fcberw\u00e4ltigender Mehrheit im Amt best\u00e4tigt<\/a>. 835 von 917 Delegierten stimmten damals f\u00fcr ihn. Die Partei wollte damit das Gerichtsverfahren gegenstandslos machen.<\/p>\n<p>    CHP unter Druck<\/p>\n<p class=\"textabsatz m-ten m-offset-one l-eight l-offset-two columns twelve\">Kilicdaroglu war mehr als zehn Jahre lang CHP-Vorsitzender. Er unterlag bei der Stichwahl um das Pr\u00e4sidentenamt 2023 dem Amtsinhaber Recep Tayyip Erdogan. Nach dieser Niederlage l\u00f6ste \u00d6zel ihn an der Parteispitze ab und richtete die Partei neu aus. Es sollen immer noch interne Machtk\u00e4mpfe zwischen den beiden Lagern schwelen.<\/p>\n<p class=\"textabsatz m-ten m-offset-one l-eight l-offset-two columns twelve\">Gleichzeitig steht die Partei von au\u00dfen unter Druck. Die Justiz geht massiv gegen die CHP vor. Hunderte Mitglieder und zahlreiche B\u00fcrgermeister mit CHP-Mitgliedschaft wurden festgenommen.<\/p>\n<p class=\"textabsatz m-ten m-offset-one l-eight l-offset-two columns twelve\">Der prominenteste festgenommene Vertreter der Partei ist Ekrem \u0130mamo\u011flu &#8211; ein aussichtsreicher politischer Rivale von Erdogan. Er sitzt seit M\u00e4rz vergangenen Jahres in Untersuchungshaft und steht wegen Korruptionsvorw\u00fcrfen vor Gericht.<\/p>\n<p>    Kritik aus Deutschland<\/p>\n<p class=\"textabsatz m-ten m-offset-one l-eight l-offset-two columns twelve\">Au\u00dfenminister Johann Wadephul kritisierte die Absetzung \u00d6zels &#8211; auch mit Blick auf die angestrebte EU-Mitgliedschaft des Landes. &#8222;Die t\u00fcrkische Regierung bekr\u00e4ftigt, dass sie an einer EU-Mitgliedschaft festhalten will, und wir wollen sie dabei unterst\u00fctzen, aber eine Entscheidung wie diese steht im Widerspruch zu diesem Bekenntnis&#8220;, sagte der CDU-Politiker am Rande des NATO-Au\u00dfenministertreffens im schwedischen Helsingborg.<\/p>\n<p class=\"textabsatz m-ten m-offset-one l-eight l-offset-two columns twelve\">Auch vom Koalitionspartner war deutliche Kritik am Vorgehen der t\u00fcrkischen Justiz zu h\u00f6ren. &#8222;Das ist keine unabh\u00e4ngige Justiz, das ist Machtpolitik&#8220;, erkl\u00e4rte die SPD-Au\u00dfenpolitikerin Derya T\u00fcrk-Nachbaur. &#8222;Das Muster ist bekannt: Erst wurde Imamoglu verhaftet und aus dem Amt gedr\u00e4ngt, jetzt wird \u00d6zel per einstweiliger Verf\u00fcgung kaltgestellt.&#8220;<\/p>\n","protected":false},"excerpt":{"rendered":"Stand: 22.05.2026 \u2022 05:33 Uhr Die gr\u00f6\u00dfte t\u00fcrkische Oppositionspartei CHP steht unter massivem Druck. Viele prominente Parteimitglieder sitzen&hellip;\n","protected":false},"author":2,"featured_media":1037541,"comment_status":"","ping_status":"","sticky":false,"template":"","format":"standard","meta":{"footnotes":"","_share_on_mastodon":"0"},"categories":[3],"tags":[107656,13,222497,14,15,222496,12,10,8,9,11,143,103,104],"class_list":["post-1037540","post","type-post","status-publish","format-standard","has-post-thumbnail","category-welt","tag-chp","tag-headlines","tag-kilicdaroglu","tag-nachrichten","tag-news","tag-oezel","tag-schlagzeilen","tag-top-news","tag-top-meldungen","tag-topmeldungen","tag-topnews","tag-tuerkei","tag-welt","tag-world"],"share_on_mastodon":{"url":"https:\/\/pubeurope.com\/@de\/116616384275928140","error":""},"_links":{"self":[{"href":"https:\/\/www.europesays.com\/de\/wp-json\/wp\/v2\/posts\/1037540","targetHints":{"allow":["GET"]}}],"collection":[{"href":"https:\/\/www.europesays.com\/de\/wp-json\/wp\/v2\/posts"}],"about":[{"href":"https:\/\/www.europesays.com\/de\/wp-json\/wp\/v2\/types\/post"}],"author":[{"embeddable":true,"href":"https:\/\/www.europesays.com\/de\/wp-json\/wp\/v2\/users\/2"}],"replies":[{"embeddable":true,"href":"https:\/\/www.europesays.com\/de\/wp-json\/wp\/v2\/comments?post=1037540"}],"version-history":[{"count":0,"href":"https:\/\/www.europesays.com\/de\/wp-json\/wp\/v2\/posts\/1037540\/revisions"}],"wp:featuredmedia":[{"embeddable":true,"href":"https:\/\/www.europesays.com\/de\/wp-json\/wp\/v2\/media\/1037541"}],"wp:attachment":[{"href":"https:\/\/www.europesays.com\/de\/wp-json\/wp\/v2\/media?parent=1037540"}],"wp:term":[{"taxonomy":"category","embeddable":true,"href":"https:\/\/www.europesays.com\/de\/wp-json\/wp\/v2\/categories?post=1037540"},{"taxonomy":"post_tag","embeddable":true,"href":"https:\/\/www.europesays.com\/de\/wp-json\/wp\/v2\/tags?post=1037540"}],"curies":[{"name":"wp","href":"https:\/\/api.w.org\/{rel}","templated":true}]}}