{"id":1037597,"date":"2026-05-22T05:10:14","date_gmt":"2026-05-22T05:10:14","guid":{"rendered":"https:\/\/www.europesays.com\/de\/1037597\/"},"modified":"2026-05-22T05:10:14","modified_gmt":"2026-05-22T05:10:14","slug":"eu-einigt-sich-auf-strengere-abschieberegeln-und-ebnet-weg-fuer-rueckkehrzentren-in-drittstaaten","status":"publish","type":"post","link":"https:\/\/www.europesays.com\/de\/1037597\/","title":{"rendered":"EU einigt sich auf strengere Abschieberegeln \u2013 und ebnet Weg f\u00fcr R\u00fcckkehrzentren in Drittstaaten"},"content":{"rendered":"<p>Die Europ\u00e4ische Union hat den Weg f\u00fcr R\u00fcckkehrzentren in Drittstaaten und weitere Versch\u00e4rfungen im Asylrecht frei gemacht. Dies <a href=\"https:\/\/www.handelsblatt.com\/politik\/international\/migration-und-asyl-eu-ebnet-weg-fuer-abschiebezentren\/100226936.html\" rel=\"nofollow noopener\" target=\"_blank\">teilten Vertreter des Europ\u00e4ischen Parlaments<\/a> nach Verhandlungen mit den Mitgliedstaaten in Br\u00fcssel mit. \u00abAlle noch offenen politischen Fragen wurden ausf\u00fchrlich er\u00f6rtert und vorl\u00e4ufig vereinbart\u00bb, hiess es in einer Mitteilung. Offen bleibt lediglich der Zeitpunkt des Inkrafttretens der neuen Regeln.<\/p>\n<p>                <img src=\"https:\/\/www.europesays.com\/de\/wp-content\/uploads\/2026\/05\/712521665_highres-1024x659.jpg\" alt=\"RONALD WITTEK \/ KEYSTONE\" itemprop=\"contentUrl\" class=\"story-img story-img--landscape\" loading=\"lazy\" decoding=\"async\"\/><\/p>\n<p>                                                    EU-Flagge am Europ\u00e4ischen Parlament in Strassburg (Symbolbild)<br \/>\n                                                                            <\/p>\n<p>                                        RONALD WITTEK \/ KEYSTONE<\/p>\n<p>Nach Angaben aus Verhandlungskreisen verlangen mehrere Mitgliedstaaten mehr Zeit f\u00fcr die Anpassung ihrer nationalen Rechtsordnungen. Sie hatten gefordert, dass grosse Teile der neuen R\u00fcckf\u00fchrungsverordnung erst nach zwei Jahren gelten sollen. Vertreter des Europ\u00e4ischen Parlaments dr\u00e4ngen dagegen auf eine sofortige Umsetzung. Die n\u00e4chsten Verhandlungen sind f\u00fcr den 1. Juni angesetzt.<\/p>\n<p>Die geplanten R\u00fcckkehrzentren (\u00abReturn Hubs\u00bb) sollen ausserhalb der Europ\u00e4ischen Union eingerichtet werden. Dort sollen abgelehnte Asylbewerber untergebracht werden, die nicht in ihre Herkunftsl\u00e4nder zur\u00fcckgef\u00fchrt werden k\u00f6nnen. Unbegleitete Minderj\u00e4hrige sollen laut den neuen Regelungen nicht abgeschoben werden. F\u00fcr Familien mit Kindern bleibt dies jedoch m\u00f6glich.<\/p>\n","protected":false},"excerpt":{"rendered":"Die Europ\u00e4ische Union hat den Weg f\u00fcr R\u00fcckkehrzentren in Drittstaaten und weitere Versch\u00e4rfungen im Asylrecht frei gemacht. Dies&hellip;\n","protected":false},"author":2,"featured_media":1037598,"comment_status":"","ping_status":"","sticky":false,"template":"","format":"standard","meta":{"footnotes":"","_share_on_mastodon":"0"},"categories":[3933],"tags":[331,332,534,548,663,158,3934,3935,1014,13,7882,14,15,16,12,6168],"class_list":["post-1037597","post","type-post","status-publish","format-standard","has-post-thumbnail","category-eu","tag-aktuelle-nachrichten","tag-aktuelle-news","tag-asylrecht","tag-eu","tag-europa","tag-europaeische-union","tag-europe","tag-european-union","tag-gesetzgebung","tag-headlines","tag-migrationspolitik","tag-nachrichten","tag-news","tag-politik","tag-schlagzeilen","tag-verhandlungen"],"share_on_mastodon":{"url":"https:\/\/pubeurope.com\/@de\/116616510151618314","error":""},"_links":{"self":[{"href":"https:\/\/www.europesays.com\/de\/wp-json\/wp\/v2\/posts\/1037597","targetHints":{"allow":["GET"]}}],"collection":[{"href":"https:\/\/www.europesays.com\/de\/wp-json\/wp\/v2\/posts"}],"about":[{"href":"https:\/\/www.europesays.com\/de\/wp-json\/wp\/v2\/types\/post"}],"author":[{"embeddable":true,"href":"https:\/\/www.europesays.com\/de\/wp-json\/wp\/v2\/users\/2"}],"replies":[{"embeddable":true,"href":"https:\/\/www.europesays.com\/de\/wp-json\/wp\/v2\/comments?post=1037597"}],"version-history":[{"count":0,"href":"https:\/\/www.europesays.com\/de\/wp-json\/wp\/v2\/posts\/1037597\/revisions"}],"wp:featuredmedia":[{"embeddable":true,"href":"https:\/\/www.europesays.com\/de\/wp-json\/wp\/v2\/media\/1037598"}],"wp:attachment":[{"href":"https:\/\/www.europesays.com\/de\/wp-json\/wp\/v2\/media?parent=1037597"}],"wp:term":[{"taxonomy":"category","embeddable":true,"href":"https:\/\/www.europesays.com\/de\/wp-json\/wp\/v2\/categories?post=1037597"},{"taxonomy":"post_tag","embeddable":true,"href":"https:\/\/www.europesays.com\/de\/wp-json\/wp\/v2\/tags?post=1037597"}],"curies":[{"name":"wp","href":"https:\/\/api.w.org\/{rel}","templated":true}]}}