{"id":103800,"date":"2025-05-12T04:12:09","date_gmt":"2025-05-12T04:12:09","guid":{"rendered":"https:\/\/www.europesays.com\/de\/103800\/"},"modified":"2025-05-12T04:12:09","modified_gmt":"2025-05-12T04:12:09","slug":"muenster-bistum-zum-tag-der-pflege-in-berlin","status":"publish","type":"post","link":"https:\/\/www.europesays.com\/de\/103800\/","title":{"rendered":"M\u00dcNSTER: Bistum zum Tag der Pflege in Berlin"},"content":{"rendered":"<p class=\"small date article__date\">Ver\u00f6ffentlicht:\u00a0Montag, 12.05.2025 05:59<\/p>\n<p>Vertreter der Caritas aus dem Bistum M\u00fcnster sind heute im Bundesgesundheitsministerium in Berlin. Am internationalen Tag der Pflege wollen sie dort mit dem zust\u00e4ndigen Abteilungsleiter dar\u00fcber sprechen, was in der Pflege falsch l\u00e4uft und was sich \u00e4ndern muss. Die Gruppe hat konkrete Forderungen dabei&#8230;<\/p>\n<p><img decoding=\"async\" alt=\"\" src=\"https:\/\/www.europesays.com\/de\/wp-content\/uploads\/2025\/05\/xxxtag-der-pflege_pia-stapel.jpg&#038;crop=0x155x3720x2325&#038;resize=1280x800&#038;dt=202505120601520.jpeg\" data-size=\"1280x800\"\/><\/p>\n","protected":false},"excerpt":{"rendered":"Ver\u00f6ffentlicht:\u00a0Montag, 12.05.2025 05:59 Vertreter der Caritas aus dem Bistum M\u00fcnster sind heute im Bundesgesundheitsministerium in Berlin. Am internationalen&hellip;\n","protected":false},"author":2,"featured_media":103801,"comment_status":"","ping_status":"","sticky":false,"template":"","format":"standard","meta":{"footnotes":""},"categories":[1843],"tags":[41092,3364,29,30,8970,1209],"class_list":{"0":"post-103800","1":"post","2":"type-post","3":"status-publish","4":"format-standard","5":"has-post-thumbnail","7":"category-muenster","8":"tag-kreis-coesfeld","9":"tag-de","10":"tag-deutschland","11":"tag-germany","12":"tag-muenster","13":"tag-nordrhein-westfalen"},"share_on_mastodon":{"url":"https:\/\/pubeurope.com\/@de\/114492915320993289","error":""},"_links":{"self":[{"href":"https:\/\/www.europesays.com\/de\/wp-json\/wp\/v2\/posts\/103800","targetHints":{"allow":["GET"]}}],"collection":[{"href":"https:\/\/www.europesays.com\/de\/wp-json\/wp\/v2\/posts"}],"about":[{"href":"https:\/\/www.europesays.com\/de\/wp-json\/wp\/v2\/types\/post"}],"author":[{"embeddable":true,"href":"https:\/\/www.europesays.com\/de\/wp-json\/wp\/v2\/users\/2"}],"replies":[{"embeddable":true,"href":"https:\/\/www.europesays.com\/de\/wp-json\/wp\/v2\/comments?post=103800"}],"version-history":[{"count":0,"href":"https:\/\/www.europesays.com\/de\/wp-json\/wp\/v2\/posts\/103800\/revisions"}],"wp:featuredmedia":[{"embeddable":true,"href":"https:\/\/www.europesays.com\/de\/wp-json\/wp\/v2\/media\/103801"}],"wp:attachment":[{"href":"https:\/\/www.europesays.com\/de\/wp-json\/wp\/v2\/media?parent=103800"}],"wp:term":[{"taxonomy":"category","embeddable":true,"href":"https:\/\/www.europesays.com\/de\/wp-json\/wp\/v2\/categories?post=103800"},{"taxonomy":"post_tag","embeddable":true,"href":"https:\/\/www.europesays.com\/de\/wp-json\/wp\/v2\/tags?post=103800"}],"curies":[{"name":"wp","href":"https:\/\/api.w.org\/{rel}","templated":true}]}}