{"id":1038051,"date":"2026-05-22T09:27:17","date_gmt":"2026-05-22T09:27:17","guid":{"rendered":"https:\/\/www.europesays.com\/de\/1038051\/"},"modified":"2026-05-22T09:27:17","modified_gmt":"2026-05-22T09:27:17","slug":"historische-gaerten-kaempfen-weiter-gegen-den-klimawandel","status":"publish","type":"post","link":"https:\/\/www.europesays.com\/de\/1038051\/","title":{"rendered":"Historische G\u00e4rten k\u00e4mpfen weiter gegen den Klimawandel"},"content":{"rendered":"<p>Ma\u00dfnahmen zur Verbesserung der Bodenqualit\u00e4t<\/p>\n<p>Das Projekt \u00abKlimawandel in historischen G\u00e4rten\u00bb umfasste drei Gebiete. Bei dem Modul \u00abBoden-Wasser-Baum\u00bb wurde eine Baumschule im Gro\u00dfen Garten von Dresden und eine Fl\u00e4che f\u00fcr die Z\u00fcchtung von Geh\u00f6lzen in Pillnitz eingerichtet. Im Gro\u00dfen Garten wurde zudem eine Anlage installiert, die geh\u00e4ckselte Resth\u00f6lzer zur Verbesserung der Bodenqualit\u00e4t verwertet. Bei Neupflanzungen setzt man k\u00fcnftig auf Pflanzenkohle. Sie hat einen Schwammeffekt, kann ein Vielfaches ihres Eigengewichts an Wasser und N\u00e4hrstoffen speichern und langsam wieder abgeben. In Pillnitz wurden zwei Wasserbrunnen gebaut, die die Versorgung in Trockenperioden absichern.<\/p>\n<p>Prototypen helfen bei Bew\u00e4sserung im Schlosspark Pillnitz<\/p>\n<p>Im Modul \u00abRobotik\u00bb wurde zusammen mit Wissenschaftlern der Technischen Universit\u00e4t Dresden der Prototyp eines halbautonomen Gie\u00dfroboters f\u00fcr den Schlosspark Pillnitz entwickelt. \u00abGie\u00dfbert\u00bb und \u00abGie\u00dfela\u00bb &#8211; so die Namen der Roboter &#8211; sollen bei der Bew\u00e4sserung der 500 K\u00fcbelpflanzen helfen. Nun sucht man einen Partner, der den Prototypen weiterentwickelt, ihn zertifizierten l\u00e4sst und zur Serienreife bringt. \u00abHistorische Parkanlagen in ganz Deutschland haben die bisherige Entwicklung verfolgt und Interesse an dem serienreifen Produkt signalisiert\u00bb, teilten die SGB mit. Das Modul \u00abKommunikation\u00bb begleitete das Projekt in Form von Ausstellungen, Publikationen und Veranstaltungen.<\/p>\n<p>Copyright 2026, dpa (www.dpa.de). Alle Rechte vorbehalten<\/p>\n","protected":false},"excerpt":{"rendered":"Ma\u00dfnahmen zur Verbesserung der Bodenqualit\u00e4t Das Projekt \u00abKlimawandel in historischen G\u00e4rten\u00bb umfasste drei Gebiete. Bei dem Modul \u00abBoden-Wasser-Baum\u00bb&hellip;\n","protected":false},"author":2,"featured_media":1038052,"comment_status":"","ping_status":"","sticky":false,"template":"","format":"standard","meta":{"footnotes":"","_share_on_mastodon":"0"},"categories":[1835],"tags":[3364,4567,29,2386,30,1563,953,859],"class_list":["post-1038051","post","type-post","status-publish","format-standard","has-post-thumbnail","category-dresden","tag-de","tag-denkmler","tag-deutschland","tag-dresden","tag-germany","tag-klima","tag-naturschutz","tag-sachsen"],"share_on_mastodon":{"url":"https:\/\/pubeurope.com\/@de\/116617520604528313","error":""},"_links":{"self":[{"href":"https:\/\/www.europesays.com\/de\/wp-json\/wp\/v2\/posts\/1038051","targetHints":{"allow":["GET"]}}],"collection":[{"href":"https:\/\/www.europesays.com\/de\/wp-json\/wp\/v2\/posts"}],"about":[{"href":"https:\/\/www.europesays.com\/de\/wp-json\/wp\/v2\/types\/post"}],"author":[{"embeddable":true,"href":"https:\/\/www.europesays.com\/de\/wp-json\/wp\/v2\/users\/2"}],"replies":[{"embeddable":true,"href":"https:\/\/www.europesays.com\/de\/wp-json\/wp\/v2\/comments?post=1038051"}],"version-history":[{"count":0,"href":"https:\/\/www.europesays.com\/de\/wp-json\/wp\/v2\/posts\/1038051\/revisions"}],"wp:featuredmedia":[{"embeddable":true,"href":"https:\/\/www.europesays.com\/de\/wp-json\/wp\/v2\/media\/1038052"}],"wp:attachment":[{"href":"https:\/\/www.europesays.com\/de\/wp-json\/wp\/v2\/media?parent=1038051"}],"wp:term":[{"taxonomy":"category","embeddable":true,"href":"https:\/\/www.europesays.com\/de\/wp-json\/wp\/v2\/categories?post=1038051"},{"taxonomy":"post_tag","embeddable":true,"href":"https:\/\/www.europesays.com\/de\/wp-json\/wp\/v2\/tags?post=1038051"}],"curies":[{"name":"wp","href":"https:\/\/api.w.org\/{rel}","templated":true}]}}