{"id":1038078,"date":"2026-05-22T09:41:16","date_gmt":"2026-05-22T09:41:16","guid":{"rendered":"https:\/\/www.europesays.com\/de\/1038078\/"},"modified":"2026-05-22T09:41:16","modified_gmt":"2026-05-22T09:41:16","slug":"bistum-limburg-kultur-und-bildung-fuer-vielfalt-und-toleranz","status":"publish","type":"post","link":"https:\/\/www.europesays.com\/de\/1038078\/","title":{"rendered":"Bistum Limburg: Kultur und Bildung f\u00fcr Vielfalt und Toleranz"},"content":{"rendered":"<p>F\u00fcr eine demokratische und solidarische Gesellschaft ist es essenziell, dass ihre Kultureinrichtungen eine klare Haltung gegen jede Form der Verachtung und Ausgrenzung einnehmen. Wir verstehen uns als offene Orte der Bildung, \u00e4sthetischen Erfahrung und des gesellschaftlichen Diskurses. Das verpflichtet uns dazu, mutig und innovativ f\u00fcr die Teilhabe aller Menschen an Kultur einzutreten. Wir vertreten und verk\u00f6rpern die Werte der liberalen Demokratie und wollen ihre Zukunft sicherstellen. Eine Instrumentalisierung unserer Themen und R\u00e4ume f\u00fcr parteipolitische Zwecke lehnen wir ab. Wir stehen im Austausch miteinander, um antidemokratische, autorit\u00e4re und rechtspopulistische Positionen gemeinsam zur\u00fcckzudr\u00e4ngen.<\/p>\n<p>Arch\u00e4ologisches Museum Frankfurt, Alte Oper Frankfurt, Bibelhaus Erlebnis Museum, Bildungsst\u00e4tte Anne Frank, Caricatura Museum, Frankfurt Deutsches Architekturmuseum, Deutsches Exilarchiv 1933\u20131945 der Deutschen Nationalbibliothek, Dialogmuseum, DFF\u2009\u2013\u2009Deutsches Filminstitut &amp; Filmmuseum, Dommuseum Frankfurt, Eintracht Frankfurt Museum, English Theatre Frankfurt, Evangelische Akademie, Fachzentrum Haus am Dom\u2009\/ Katholische Akademie, Frankfurter Kunstverein, Historisches Museum Frankfurt, Hochschule f\u00fcr Musik und Darstellende Kunst Frankfurt, Institut f\u00fcr Stadtgeschichte, J\u00fcdisches Museum Frankfurt, K\u00fcnstler*innenhaus Mousonturm, Kulturamt Frankfurt am Main, Literaturhaus Frankfurt am Main, Museum Angewandte Kunst, Museum f\u00fcr Kommunikation Frankfurt, Museum MMK f\u00fcr Moderne Kunst, Oper Frankfurt, Portikus\u2009+\u2009HfbK St\u00e4delschule, Romanfabrik, Schauspiel Frankfurt, SCHIRN Kunsthalle Frankfurt, Senckenberg Forschungsinstitut und Naturmuseum, Struwwelpeter Museum, Theater Willy Praml, Volksb\u00fchne im Gro\u00dfen Hirschgraben, Weltkulturen Museum<\/p>\n","protected":false},"excerpt":{"rendered":"F\u00fcr eine demokratische und solidarische Gesellschaft ist es essenziell, dass ihre Kultureinrichtungen eine klare Haltung gegen jede Form&hellip;\n","protected":false},"author":2,"featured_media":1038079,"comment_status":"","ping_status":"","sticky":false,"template":"","format":"standard","meta":{"footnotes":"","_share_on_mastodon":"0"},"categories":[1829],"tags":[186,80502,29,2050,2051,30,2052,38202,9839,61],"class_list":["post-1038078","post","type-post","status-publish","format-standard","has-post-thumbnail","category-frankfurt-am-main","tag-afd","tag-ausgrenzung","tag-deutschland","tag-frankfurt","tag-frankfurt-am-main","tag-germany","tag-hessen","tag-rechts","tag-toleranz","tag-vielfalt"],"share_on_mastodon":{"url":"https:\/\/pubeurope.com\/@de\/116617575368016901","error":""},"_links":{"self":[{"href":"https:\/\/www.europesays.com\/de\/wp-json\/wp\/v2\/posts\/1038078","targetHints":{"allow":["GET"]}}],"collection":[{"href":"https:\/\/www.europesays.com\/de\/wp-json\/wp\/v2\/posts"}],"about":[{"href":"https:\/\/www.europesays.com\/de\/wp-json\/wp\/v2\/types\/post"}],"author":[{"embeddable":true,"href":"https:\/\/www.europesays.com\/de\/wp-json\/wp\/v2\/users\/2"}],"replies":[{"embeddable":true,"href":"https:\/\/www.europesays.com\/de\/wp-json\/wp\/v2\/comments?post=1038078"}],"version-history":[{"count":0,"href":"https:\/\/www.europesays.com\/de\/wp-json\/wp\/v2\/posts\/1038078\/revisions"}],"wp:featuredmedia":[{"embeddable":true,"href":"https:\/\/www.europesays.com\/de\/wp-json\/wp\/v2\/media\/1038079"}],"wp:attachment":[{"href":"https:\/\/www.europesays.com\/de\/wp-json\/wp\/v2\/media?parent=1038078"}],"wp:term":[{"taxonomy":"category","embeddable":true,"href":"https:\/\/www.europesays.com\/de\/wp-json\/wp\/v2\/categories?post=1038078"},{"taxonomy":"post_tag","embeddable":true,"href":"https:\/\/www.europesays.com\/de\/wp-json\/wp\/v2\/tags?post=1038078"}],"curies":[{"name":"wp","href":"https:\/\/api.w.org\/{rel}","templated":true}]}}