{"id":1038173,"date":"2026-05-22T10:34:15","date_gmt":"2026-05-22T10:34:15","guid":{"rendered":"https:\/\/www.europesays.com\/de\/1038173\/"},"modified":"2026-05-22T10:34:15","modified_gmt":"2026-05-22T10:34:15","slug":"power2drive-europe-2026-zeigt-neue-loesungen-fuer-laden-energie-und-flotten","status":"publish","type":"post","link":"https:\/\/www.europesays.com\/de\/1038173\/","title":{"rendered":"Power2Drive Europe 2026 zeigt neue L\u00f6sungen f\u00fcr Laden, Energie und Flotten"},"content":{"rendered":"<p>Mit dem wachsenden Bestand an <a href=\"https:\/\/traktuell.at\/thema\/e-mobilitaet\/\" rel=\"nofollow noopener\" target=\"_blank\"><strong>Elektrofahrzeugen<\/strong><\/a> steigt laut Veranstaltern die Bedeutung eines netzdienlichen Lademanagements. <strong>Smart Charging<\/strong> soll erm\u00f6glichen, Fahrzeuge gezielt dann zu laden, wenn Strompreise niedrig sind oder erneuerbare Energie in hoher Menge verf\u00fcgbar ist. Die Steuerung erfolgt \u00fcber digitale Anwendungen, die Ladevorg\u00e4nge \u00fcberwachen und zeitlich optimieren.<\/p>\n<p>Von Januar bis April 2026 wurden in Deutschland <strong>223.980 Elektrofahrzeuge <\/strong>neu zugelassen. Das entspricht einem Plus von <strong>41,3 Prozent<\/strong> gegen\u00fcber dem Vorjahreszeitraum.<\/p>\n<p>Eine Studie der <strong>RWTH Aachen University<\/strong> mit 2.500 befragten E-Fahrzeughaltern zeigt zudem, dass Nutzer grunds\u00e4tzlich bereit sind, Ladeverhalten anzupassen. Voraussetzung seien transparente Regeln, nachvollziehbare Eingriffe und ein klarer Mehrwert.<\/p>\n","protected":false},"excerpt":{"rendered":"Mit dem wachsenden Bestand an Elektrofahrzeugen steigt laut Veranstaltern die Bedeutung eines netzdienlichen Lademanagements. Smart Charging soll erm\u00f6glichen,&hellip;\n","protected":false},"author":2,"featured_media":1038174,"comment_status":"","ping_status":"","sticky":false,"template":"","format":"standard","meta":{"footnotes":"","_share_on_mastodon":"0"},"categories":[3933],"tags":[116676,331,332,13865,548,663,158,3934,3935,43913,13,83437,1962,14,15,116674,116675,12,116673,3603],"class_list":["post-1038173","post","type-post","status-publish","format-standard","has-post-thumbnail","category-eu","tag-van-of-the-year","tag-aktuelle-nachrichten","tag-aktuelle-news","tag-busse","tag-eu","tag-europa","tag-europaeische-union","tag-europe","tag-european-union","tag-flottenmanagement","tag-headlines","tag-kommunalfahrzeuge","tag-lkw","tag-nachrichten","tag-news","tag-nfz-werkstatt","tag-nutzfahrzeugtechnik","tag-schlagzeilen","tag-telematik","tag-transporter"],"share_on_mastodon":{"url":"","error":""},"_links":{"self":[{"href":"https:\/\/www.europesays.com\/de\/wp-json\/wp\/v2\/posts\/1038173","targetHints":{"allow":["GET"]}}],"collection":[{"href":"https:\/\/www.europesays.com\/de\/wp-json\/wp\/v2\/posts"}],"about":[{"href":"https:\/\/www.europesays.com\/de\/wp-json\/wp\/v2\/types\/post"}],"author":[{"embeddable":true,"href":"https:\/\/www.europesays.com\/de\/wp-json\/wp\/v2\/users\/2"}],"replies":[{"embeddable":true,"href":"https:\/\/www.europesays.com\/de\/wp-json\/wp\/v2\/comments?post=1038173"}],"version-history":[{"count":0,"href":"https:\/\/www.europesays.com\/de\/wp-json\/wp\/v2\/posts\/1038173\/revisions"}],"wp:featuredmedia":[{"embeddable":true,"href":"https:\/\/www.europesays.com\/de\/wp-json\/wp\/v2\/media\/1038174"}],"wp:attachment":[{"href":"https:\/\/www.europesays.com\/de\/wp-json\/wp\/v2\/media?parent=1038173"}],"wp:term":[{"taxonomy":"category","embeddable":true,"href":"https:\/\/www.europesays.com\/de\/wp-json\/wp\/v2\/categories?post=1038173"},{"taxonomy":"post_tag","embeddable":true,"href":"https:\/\/www.europesays.com\/de\/wp-json\/wp\/v2\/tags?post=1038173"}],"curies":[{"name":"wp","href":"https:\/\/api.w.org\/{rel}","templated":true}]}}