{"id":1038256,"date":"2026-05-22T11:18:22","date_gmt":"2026-05-22T11:18:22","guid":{"rendered":"https:\/\/www.europesays.com\/de\/1038256\/"},"modified":"2026-05-22T11:18:22","modified_gmt":"2026-05-22T11:18:22","slug":"lets-dance-tour-2026-diese-zwei-promis-sind-dabei","status":"publish","type":"post","link":"https:\/\/www.europesays.com\/de\/1038256\/","title":{"rendered":"Let\u2019s Dance Tour 2026: DIESE zwei Promis sind dabei"},"content":{"rendered":"<p class=\"AnnotatedMarkup_paragraph__IUT9l\"><strong>Der \u201eLet\u2019s Dance\u201c-Zauber geht weiter!  <\/strong><br \/>Noch l\u00e4uft die 19. Staffel auf Hochtouren, doch die Vorbereitungen f\u00fcr die gro\u00dfe Tanztour im Winter haben schon l\u00e4ngst gestartet.<strong> <\/strong>Und jetzt k\u00f6nnen wir verk\u00fcnden:<strong> <\/strong>Jan Kittmann und Esther Schweins tanzen bald \u00fcber die gr\u00f6\u00dften Live-B\u00fchnen. Hier gibt\u2019s alle Infos zur \u201eLet\u2019s Dance\u201d-Tour 2026.<\/p>\n<p>Im TV k\u00e4mpfen die Stars Woche f\u00fcr Woche um Punkte, Applaus und das gro\u00dfe Weiterkommen. Auf der Tour wird daraus nochmal ein ganz neues Gef\u00fchl: Aufwendige Lichtshows, detailverliebte Kost\u00fcme, perfekt inszenierte Choreografien und spektakul\u00e4re Effekte sorgen daf\u00fcr, dass sich das Live-Erlebnis fast wie ein Kurztrip nach Las Vegas anf\u00fchlt. Konfetti-Regen und neue Show-Elemente inklusive.<\/p>\n<p>F\u00fcr Jan Kittmann ist der Wechsel auf die Live-B\u00fchne ein besonderer Schritt. Viele kennen ihn vor allem aus dem GZSZ-Kiez, doch in der 19. \u201eLet\u2019s Dance\u201d-Staffel konnten die Zuschauer <a href=\"https:\/\/www.rtl.de\/sendungen\/lets-dance\/let-s-dance-2026-jan-kittmann-und-kathrin-menzinger-sind-raus-id30825853.html\" target=\"_self\" rel=\"nofollow noopener\">bis zur zehnten Show Woche f\u00fcr Woche sehen, dass sein Herz auch f\u00fcrs Tanzen schl\u00e4gt<\/a>. Und sein Traum lebt auf der Tour weiter \u2013 mit Tanzschuhen, Lampenfieber und ganz viel Lust auf diese neue Herausforderung.<\/p>\n<p>Die \u201eLet\u2019s Dance\u201c-Tour 2026 f\u00fchrt auch in diesem Jahr wieder durch Deutschland, \u00d6sterreich und die Schweiz. F\u00fcr die Fans hei\u00dft das: Glitzer, gro\u00dfe Emotionen und echte Show-Momente zum Mitfiebern.<\/p>\n<li class=\"BulletedList_li__361p2\">\n<p class=\"AnnotatedMarkup_paragraph__IUT9l\">07.11.2026, 20:00 Uhr,\u00a0M\u00fcnchen, Olympiahalle M\u00fcnchen<\/p>\n<\/li>\n<li class=\"BulletedList_li__361p2\">\n<p class=\"AnnotatedMarkup_paragraph__IUT9l\">08.11.2026, 14:00 Uhr, M\u00fcnchen, Olympiahalle M\u00fcnchen<\/p>\n<\/li>\n<li class=\"BulletedList_li__361p2\">\n<p class=\"AnnotatedMarkup_paragraph__IUT9l\">10.11.2026, 19:30 Uhr, Leipzig, QUARTERBACK Immobilien ARENA<\/p>\n<\/li>\n<li class=\"BulletedList_li__361p2\">\n<p class=\"AnnotatedMarkup_paragraph__IUT9l\">11.11.2026, 19:30 Uhr, Leipzig, QUARTERBACK Immobilien ARENA<\/p>\n<\/li>\n<li class=\"BulletedList_li__361p2\">\n<p class=\"AnnotatedMarkup_paragraph__IUT9l\">12.11.2026, 19:30 Uhr, Bremen, \u00d6VB-Arena<\/p>\n<\/li>\n<li class=\"BulletedList_li__361p2\">\n<p class=\"AnnotatedMarkup_paragraph__IUT9l\">13.11.2026, 19:30 Uhr, Berlin, Uber Arena<\/p>\n<\/li>\n<li class=\"BulletedList_li__361p2\">\n<p class=\"AnnotatedMarkup_paragraph__IUT9l\">14.11.2026, 19:30 Uhr, Hannover, ZAG Arena<\/p>\n<\/li>\n<li class=\"BulletedList_li__361p2\">\n<p class=\"AnnotatedMarkup_paragraph__IUT9l\">16.11.2026, 19:30 Uhr, Erfurt, Messe Erfurt<\/p>\n<\/li>\n<li class=\"BulletedList_li__361p2\">\n<p class=\"AnnotatedMarkup_paragraph__IUT9l\">17.11.2026, 19:30 Uhr, Erfurt, Messe Erfurt<\/p>\n<\/li>\n<li class=\"BulletedList_li__361p2\">\n<p class=\"AnnotatedMarkup_paragraph__IUT9l\">18.11.2026, 19:30 Uhr, D\u00fcsseldorf, PSD Bank Dome<\/p>\n<\/li>\n<li class=\"BulletedList_li__361p2\">\n<p class=\"AnnotatedMarkup_paragraph__IUT9l\">20.11.2026, 19:30 Uhr, Frankfurt am Main, Festhalle Frankfurt<\/p>\n<\/li>\n<li class=\"BulletedList_li__361p2\">\n<p class=\"AnnotatedMarkup_paragraph__IUT9l\">21.11.2026, 14:00 Uhr, Frankfurt am Main, Festhalle Frankfurt<\/p>\n<\/li>\n<li class=\"BulletedList_li__361p2\">\n<p class=\"AnnotatedMarkup_paragraph__IUT9l\">23.11.2026, 19:30 Uhr, N\u00fcrnberg, PSD Bank N\u00fcrnberg ARENA<\/p>\n<\/li>\n<li class=\"BulletedList_li__361p2\">\n<p class=\"AnnotatedMarkup_paragraph__IUT9l\">24.11.2026, 19:30 Uhr, CH-Z\u00fcrich, Hallenstadion Z\u00fcrich<\/p>\n<\/li>\n<li class=\"BulletedList_li__361p2\">\n<p class=\"AnnotatedMarkup_paragraph__IUT9l\">25.11.2026, 19:30 Uhr, Mannheim, SAP ARENA<\/p>\n<\/li>\n<li class=\"BulletedList_li__361p2\">\n<p class=\"AnnotatedMarkup_paragraph__IUT9l\">27.11.2026, 19:30 Uhr, Stuttgart, Hanns-Martin-Schleyer-Halle<\/p>\n<\/li>\n<li class=\"BulletedList_li__361p2\">\n<p class=\"AnnotatedMarkup_paragraph__IUT9l\">28.11.2026, 14:00 Uhr, Stuttgart, Hanns-Martin-Schleyer-Halle<\/p>\n<\/li>\n<li class=\"BulletedList_li__361p2\">\n<p class=\"AnnotatedMarkup_paragraph__IUT9l\">29.11.2026, 19:30 Uhr, Dortmund, Westfalenhalle<\/p>\n<\/li>\n<li class=\"BulletedList_li__361p2\">\n<p class=\"AnnotatedMarkup_paragraph__IUT9l\">01.12.2026, 19:30 Uhr, Braunschweig, Volkswagen Halle<\/p>\n<\/li>\n<li class=\"BulletedList_li__361p2\">\n<p class=\"AnnotatedMarkup_paragraph__IUT9l\">02.12.2026, 19:30 Uhr, Oberhausen, Rudolf Weber-ARENA<\/p>\n<\/li>\n<li class=\"BulletedList_li__361p2\">\n<p class=\"AnnotatedMarkup_paragraph__IUT9l\">03.12.2026, 19:30 Uhr, K\u00f6ln, LANXESS arena<\/p>\n<\/li>\n<li class=\"BulletedList_li__361p2\">\n<p class=\"AnnotatedMarkup_paragraph__IUT9l\">04.12.2026, 19:30 Uhr, Hamburg, Barclays Arena<\/p>\n<\/li>\n<li class=\"BulletedList_li__361p2\">\n<p class=\"AnnotatedMarkup_paragraph__IUT9l\">05.12.2026, 14:00 Uhr, Hamburg, Barclays Arena<\/p>\n<\/li>\n<li class=\"BulletedList_li__361p2\">\n<p class=\"AnnotatedMarkup_paragraph__IUT9l\">07.12.2026, 19:30 Uhr, AT-Wien, Stadthalle, Halle D<\/p>\n<\/li>\n<p>Tickets gibt es an allen bekannten Vorverkaufsstellen, sowie im Internet unter www.eventim.de, in der Schweiz unter www.ticketcorner.ch, in \u00d6sterreich unter www.oeticket.com und unter www.semmel.de.<\/p>\n","protected":false},"excerpt":{"rendered":"Der \u201eLet\u2019s Dance\u201c-Zauber geht weiter! Noch l\u00e4uft die 19. Staffel auf Hochtouren, doch die Vorbereitungen f\u00fcr die gro\u00dfe&hellip;\n","protected":false},"author":2,"featured_media":1038257,"comment_status":"","ping_status":"","sticky":false,"template":"","format":"standard","meta":{"footnotes":"","_share_on_mastodon":"0"},"categories":[1773],"tags":[3537,29,214,30,639,171330,171329,471,1780,641,684,215,3538],"class_list":["post-1038256","post","type-post","status-publish","format-standard","has-post-thumbnail","category-serien","tag-daniel-hartwich","tag-deutschland","tag-entertainment","tag-germany","tag-lets-dance","tag-lets-dance-19-staffel","tag-lets-dance-2026","tag-serien","tag-series","tag-tanzshow","tag-tv","tag-unterhaltung","tag-victoria-swarovski"],"share_on_mastodon":{"url":"","error":""},"_links":{"self":[{"href":"https:\/\/www.europesays.com\/de\/wp-json\/wp\/v2\/posts\/1038256","targetHints":{"allow":["GET"]}}],"collection":[{"href":"https:\/\/www.europesays.com\/de\/wp-json\/wp\/v2\/posts"}],"about":[{"href":"https:\/\/www.europesays.com\/de\/wp-json\/wp\/v2\/types\/post"}],"author":[{"embeddable":true,"href":"https:\/\/www.europesays.com\/de\/wp-json\/wp\/v2\/users\/2"}],"replies":[{"embeddable":true,"href":"https:\/\/www.europesays.com\/de\/wp-json\/wp\/v2\/comments?post=1038256"}],"version-history":[{"count":0,"href":"https:\/\/www.europesays.com\/de\/wp-json\/wp\/v2\/posts\/1038256\/revisions"}],"wp:featuredmedia":[{"embeddable":true,"href":"https:\/\/www.europesays.com\/de\/wp-json\/wp\/v2\/media\/1038257"}],"wp:attachment":[{"href":"https:\/\/www.europesays.com\/de\/wp-json\/wp\/v2\/media?parent=1038256"}],"wp:term":[{"taxonomy":"category","embeddable":true,"href":"https:\/\/www.europesays.com\/de\/wp-json\/wp\/v2\/categories?post=1038256"},{"taxonomy":"post_tag","embeddable":true,"href":"https:\/\/www.europesays.com\/de\/wp-json\/wp\/v2\/tags?post=1038256"}],"curies":[{"name":"wp","href":"https:\/\/api.w.org\/{rel}","templated":true}]}}