{"id":1038296,"date":"2026-05-22T11:40:17","date_gmt":"2026-05-22T11:40:17","guid":{"rendered":"https:\/\/www.europesays.com\/de\/1038296\/"},"modified":"2026-05-22T11:40:17","modified_gmt":"2026-05-22T11:40:17","slug":"karlsruhe-setzt-der-asylpolitik-grenzen-das-urteil-ist-eine-warnung-fuer-schwarz-rot","status":"publish","type":"post","link":"https:\/\/www.europesays.com\/de\/1038296\/","title":{"rendered":"Karlsruhe setzt der Asylpolitik Grenzen: Das Urteil ist eine Warnung f\u00fcr Schwarz-Rot"},"content":{"rendered":"<p class=\"tspCHpa tspCHpb\">Der Karlsruher Richterspruch ist keine Ohrfeige f\u00fcr den Staat. Aber eine Warnung. Das Bundesverfassungsgericht erkl\u00e4rt das <a>Asylbewerberleistungsgesetz<\/a> nicht f\u00fcr insgesamt verfassungswidrig. Doch zugleich erinnert es den Gesetzgeber an etwas, das in den aufgeheizten Debatten gern verdr\u00e4ngt wird: Menschenw\u00fcrde gilt nicht abgestuft. Nicht nach Pass, Herkunft oder Bleibeperspektive.<\/p>\n<p><img decoding=\"async\" src=\"https:\/\/www.europesays.com\/de\/wp-content\/uploads\/2025\/04\/stephan-andreas-casdorff-rad-15.jpeg\"   alt=\"ist Editor-at-Large des Tagesspiegels.&#10;Er sagt: Dass Merz seine Abkehr von der Staatsr\u00e4son vorab nicht ausreichend erkl\u00e4rt hat, n\u00e4hrt Zweifel an ihm.\" width=\"767\" height=\"767\" loading=\"lazy\" class=\"tspB2n6\"\/><\/p>\n<p class=\"tspCUqr\"><strong>Stephan-Andreas Casdorff<\/strong> ist Editor-at-Large des Tagesspiegels. Er r\u00e4t, Leistungen f\u00fcr Asylsuchende transparent zu berechnen. Das ist auch wichtig f\u00fcr die Integration.<\/p>\n<p class=\"tspCHpa\">Das Urteil ist nicht als Freibrief misszuverstehen. Richtig, Karlsruhe hat die 2018 geltenden, gesenkten Leistungen f\u00fcr Geduldete w\u00e4hrend eines Zeitraums von 15 Monaten akzeptiert. Aber eben unter Bedingungen, die es l\u00e4ngst nicht mehr gibt. Inzwischen wurde die Bezugsdauer auf 36 Monate ausgedehnt, also mehr als verdoppelt. Aus einem vor\u00fcbergehenden Sonderstatus ist faktisch ein Dauerzustand geworden.<\/p>\n<p class=\"tspCHpa\">Hier beginnt das Problem. Der Staat darf unterscheiden. Er darf steuern, ordnen, priorisieren. Aber er darf kein Parallel-Sozialrecht schaffen, dessen Botschaft so gedeutet werden kann: F\u00fcr diese Menschen gen\u00fcgt weniger Leben. Oder anders: Wer Integration verlangt, darf soziale Ausgrenzung nicht institutionalisieren.<\/p>\n<blockquote class=\"tspCMpv\">\n<p>Eines zeigt dieses Urteil deutlich: Die Verfassung kennt kein Existenzminimum zweiter Klasse.<\/p>\n<\/blockquote>\n<p class=\"tspCMpw\"><strong>Stephan-Andreas Casdorff<\/strong><\/p>\n<p class=\"tspCHpa\">Schwarz-Rot sollte deshalb aufh\u00f6ren, das Asylbewerberleistungsgesetz als migrationspolitisches Signal zu benutzen. Kaum ist eine Versch\u00e4rfung beschlossen, folgt die n\u00e4chste. Immer mit dem Risiko, dass Karlsruhe sp\u00e4ter korrigiert. Das ist keine seri\u00f6se Gesetzgebung.<\/p>\n<p class=\"tspCHpa\">Zugleich w\u00e4re es h\u00f6chst ungeschickt, die Sorgen vieler B\u00fcrger zu ignorieren. Der Sozialstaat braucht Akzeptanz. Wer dauerhaft hier lebt, muss integriert werden; wer kein Bleiberecht hat, muss konsequent r\u00fcckgef\u00fchrt werden. Gerade deshalb ben\u00f6tigt Deutschland ein System, das rechtlich sauber, administrativ praktikabel und moralisch glaubw\u00fcrdig ist.<\/p>\n<p>Asyl und Abschiebungen \u2013 mehr dazu im Tagesspiegel <a href=\"https:\/\/www.tagesspiegel.de\/politik\/hochster-wert-in-diesem-jahrzehnt-zahl-der-abschiebungen-in-der-eu-ist-deutlich-gestiegen-15521891.html?icid=topic-list_15629234___\" data-gtm-class=\"article-mzt-link\" data-hydrate-fingerprint=\"09740a54944caac75fd2c0c63fd5c5df\" data-hydrate-props=\"{&amp;escapedquot;element&amp;escapedquot;:{&amp;escapedquot;type&amp;escapedquot;:&amp;escapedquot;relatedContent&amp;escapedquot;,&amp;escapedquot;fieldMap&amp;escapedquot;:{},&amp;escapedquot;relation&amp;escapedquot;:{&amp;escapedquot;fields&amp;escapedquot;:{&amp;escapedquot;isPaid&amp;escapedquot;:null},&amp;escapedquot;href&amp;escapedquot;:&amp;escapedquot;\/politik\/hochster-wert-in-diesem-jahrzehnt-zahl-der-abschiebungen-in-der-eu-ist-deutlich-gestiegen-15521891.html&amp;escapedquot;,&amp;escapedquot;teaserTitle&amp;escapedquot;:{&amp;escapedquot;kicker&amp;escapedquot;:&amp;escapedquot;\u201eH\u00f6chster Wert in diesem Jahrzehnt\u201c&amp;escapedquot;,&amp;escapedquot;headline&amp;escapedquot;:&amp;escapedquot;Zahl der Abschiebungen in der EU ist deutlich gestiegen&amp;escapedquot;},&amp;escapedquot;id&amp;escapedquot;:&amp;escapedquot;15521891&amp;escapedquot;,&amp;escapedquot;type&amp;escapedquot;:&amp;escapedquot;story&amp;escapedquot;},&amp;escapedquot;isPartOfList&amp;escapedquot;:true,&amp;escapedquot;topicListType&amp;escapedquot;:&amp;escapedquot;topic-list&amp;escapedquot;},&amp;escapedquot;showArrow&amp;escapedquot;:true}\" data-hydrate-slots=\"{&#039;default&#039;:[]}\" class=\"tspCWqt tspCYq0\" rel=\"nofollow noopener\" target=\"_blank\">\u201eH\u00f6chster Wert in diesem Jahrzehnt\u201c Zahl der Abschiebungen in der EU ist deutlich gestiegen <\/a><a href=\"https:\/\/www.tagesspiegel.de\/politik\/erstmals-seit-2015-nicht-mehr-eu-spitze-zahl-der-asylantrage-in-deutschland-sinkt-offenbar-auf-rekordtief-15497215.html?icid=topic-list_15629234___\" data-gtm-class=\"article-mzt-link\" data-hydrate-fingerprint=\"09740a54944caac75fd2c0c63fd5c5df\" data-hydrate-props=\"{&amp;escapedquot;element&amp;escapedquot;:{&amp;escapedquot;type&amp;escapedquot;:&amp;escapedquot;relatedContent&amp;escapedquot;,&amp;escapedquot;fieldMap&amp;escapedquot;:{},&amp;escapedquot;relation&amp;escapedquot;:{&amp;escapedquot;fields&amp;escapedquot;:{&amp;escapedquot;isPaid&amp;escapedquot;:null},&amp;escapedquot;href&amp;escapedquot;:&amp;escapedquot;\/politik\/erstmals-seit-2015-nicht-mehr-eu-spitze-zahl-der-asylantrage-in-deutschland-sinkt-offenbar-auf-rekordtief-15497215.html&amp;escapedquot;,&amp;escapedquot;teaserTitle&amp;escapedquot;:{&amp;escapedquot;kicker&amp;escapedquot;:&amp;escapedquot;Erstmals seit 2015 nicht mehr EU-Spitze&amp;escapedquot;,&amp;escapedquot;headline&amp;escapedquot;:&amp;escapedquot;Zahl der Asylantr\u00e4ge in Deutschland sinkt offenbar auf Rekordtief&amp;escapedquot;},&amp;escapedquot;id&amp;escapedquot;:&amp;escapedquot;15497215&amp;escapedquot;,&amp;escapedquot;type&amp;escapedquot;:&amp;escapedquot;story&amp;escapedquot;},&amp;escapedquot;isPartOfList&amp;escapedquot;:true,&amp;escapedquot;topicListType&amp;escapedquot;:&amp;escapedquot;topic-list&amp;escapedquot;},&amp;escapedquot;showArrow&amp;escapedquot;:true}\" data-hydrate-slots=\"{&#039;default&#039;:[]}\" class=\"tspCWqt tspCYq0\" rel=\"nofollow noopener\" target=\"_blank\">Erstmals seit 2015 nicht mehr EU-Spitze Zahl der Asylantr\u00e4ge in Deutschland sinkt offenbar auf Rekordtief <\/a><a href=\"https:\/\/www.tagesspiegel.de\/politik\/migrationspolitik-deutschland-bereitet-sich-auf-scharfere-asylregeln-vor-15407202.html?icid=topic-list_15629234___\" data-gtm-class=\"article-mzt-link\" data-hydrate-fingerprint=\"09740a54944caac75fd2c0c63fd5c5df\" data-hydrate-props=\"{&amp;escapedquot;element&amp;escapedquot;:{&amp;escapedquot;type&amp;escapedquot;:&amp;escapedquot;relatedContent&amp;escapedquot;,&amp;escapedquot;fieldMap&amp;escapedquot;:{},&amp;escapedquot;relation&amp;escapedquot;:{&amp;escapedquot;fields&amp;escapedquot;:{&amp;escapedquot;isPaid&amp;escapedquot;:null},&amp;escapedquot;href&amp;escapedquot;:&amp;escapedquot;\/politik\/migrationspolitik-deutschland-bereitet-sich-auf-scharfere-asylregeln-vor-15407202.html&amp;escapedquot;,&amp;escapedquot;teaserTitle&amp;escapedquot;:{&amp;escapedquot;kicker&amp;escapedquot;:&amp;escapedquot;Migrationspolitik&amp;escapedquot;,&amp;escapedquot;headline&amp;escapedquot;:&amp;escapedquot;Deutschland bereitet sich auf sch\u00e4rfere Asylregeln vor&amp;escapedquot;},&amp;escapedquot;id&amp;escapedquot;:&amp;escapedquot;15407202&amp;escapedquot;,&amp;escapedquot;type&amp;escapedquot;:&amp;escapedquot;story&amp;escapedquot;},&amp;escapedquot;isPartOfList&amp;escapedquot;:true,&amp;escapedquot;topicListType&amp;escapedquot;:&amp;escapedquot;topic-list&amp;escapedquot;},&amp;escapedquot;showArrow&amp;escapedquot;:true}\" data-hydrate-slots=\"{&#039;default&#039;:[]}\" class=\"tspCWqt tspCYq0\" rel=\"nofollow noopener\" target=\"_blank\">Migrationspolitik Deutschland bereitet sich auf sch\u00e4rfere Asylregeln vor <\/a><\/p>\n<p class=\"tspCHpa\">Die Regierung sollte nun dreierlei tun. Erstens <a href=\"https:\/\/www.tagesspiegel.de\/internationales\/migration-eu-bericht-deutschland-muss-fur-asylreform-noch-aufholen-15572570.html?icid=in-text-link_15629234\" class=\"link link--internal\" data-gtm-class=\"article-text-link\" data-gtm-val=\"internal\" rel=\"nofollow noopener\" target=\"_blank\">die 36-Monats-Regel<\/a> umgehend \u00fcberpr\u00fcfen. Zweitens die Leistungen realit\u00e4tsgerecht und transparent berechnen, sie nicht politisch kleinrechnen. Drittens das Asylbewerberleistungsgesetz schrittweise ins regul\u00e4re Sozialrecht \u00fcberf\u00fchren. Jedenfalls dort, wo Menschen auf unabsehbare Zeit in Deutschland leben.<\/p>\n<p class=\"tspCHpa\">Eines zeigt dieses Urteil deutlich: Die Verfassung kennt kein Existenzminimum zweiter Klasse. Und ein Staat, der seine Humanit\u00e4t besonders unter fiskalischem Vorbehalt organisiert, verliert am Ende mehr als Geld \u2013 n\u00e4mlich Autorit\u00e4t.<\/p>\n","protected":false},"excerpt":{"rendered":"Der Karlsruher Richterspruch ist keine Ohrfeige f\u00fcr den Staat. Aber eine Warnung. Das Bundesverfassungsgericht erkl\u00e4rt das Asylbewerberleistungsgesetz nicht&hellip;\n","protected":false},"author":2,"featured_media":1038297,"comment_status":"","ping_status":"","sticky":false,"template":"","format":"standard","meta":{"footnotes":"","_share_on_mastodon":"0"},"categories":[1844],"tags":[534,2765,1634,5441,3364,29,30,3659,8903,34556],"class_list":["post-1038296","post","type-post","status-publish","format-standard","has-post-thumbnail","category-karlsruhe","tag-asylrecht","tag-auslaenderpolitik","tag-baden-wuerttemberg","tag-bundesverfassungsgericht","tag-de","tag-deutschland","tag-germany","tag-integration","tag-karlsruhe","tag-verfassungsrecht"],"share_on_mastodon":{"url":"https:\/\/pubeurope.com\/@de\/116618043561766088","error":""},"_links":{"self":[{"href":"https:\/\/www.europesays.com\/de\/wp-json\/wp\/v2\/posts\/1038296","targetHints":{"allow":["GET"]}}],"collection":[{"href":"https:\/\/www.europesays.com\/de\/wp-json\/wp\/v2\/posts"}],"about":[{"href":"https:\/\/www.europesays.com\/de\/wp-json\/wp\/v2\/types\/post"}],"author":[{"embeddable":true,"href":"https:\/\/www.europesays.com\/de\/wp-json\/wp\/v2\/users\/2"}],"replies":[{"embeddable":true,"href":"https:\/\/www.europesays.com\/de\/wp-json\/wp\/v2\/comments?post=1038296"}],"version-history":[{"count":0,"href":"https:\/\/www.europesays.com\/de\/wp-json\/wp\/v2\/posts\/1038296\/revisions"}],"wp:featuredmedia":[{"embeddable":true,"href":"https:\/\/www.europesays.com\/de\/wp-json\/wp\/v2\/media\/1038297"}],"wp:attachment":[{"href":"https:\/\/www.europesays.com\/de\/wp-json\/wp\/v2\/media?parent=1038296"}],"wp:term":[{"taxonomy":"category","embeddable":true,"href":"https:\/\/www.europesays.com\/de\/wp-json\/wp\/v2\/categories?post=1038296"},{"taxonomy":"post_tag","embeddable":true,"href":"https:\/\/www.europesays.com\/de\/wp-json\/wp\/v2\/tags?post=1038296"}],"curies":[{"name":"wp","href":"https:\/\/api.w.org\/{rel}","templated":true}]}}