{"id":1038311,"date":"2026-05-22T11:49:24","date_gmt":"2026-05-22T11:49:24","guid":{"rendered":"https:\/\/www.europesays.com\/de\/1038311\/"},"modified":"2026-05-22T11:49:24","modified_gmt":"2026-05-22T11:49:24","slug":"leak-arbeiteten-maximilian-krah-und-dieter-dehm-mit-russland","status":"publish","type":"post","link":"https:\/\/www.europesays.com\/de\/1038311\/","title":{"rendered":"Leak: Arbeiteten Maximilian Krah und Dieter Dehm mit Russland?"},"content":{"rendered":"<p>Leak aus Putins Propagandamaschine <\/p>\n<p>Diese deutschen Politiker gelten Moskau als Komplizen<\/p>\n<p>22.05.2026 &#8211; 13:45 UhrLesedauer: 3 Min.<\/p>\n<p><a href=\"#focus-0\" class=\"transition-colors duration-200 block text-current relative\" data-sctrack=\"FocusGalleryImage.Reference\"><img fetchpriority=\"high\" data-testid=\"Opener.Image\"   loading=\"eager\" src=\"https:\/\/www.europesays.com\/de\/wp-content\/uploads\/2026\/05\/1779450561_806_image.png\" alt=\"Der Ex-Bundestagsabgeordnete Diether Dehm (l.) und der Bundestagsabgeordnete Maximilian Krah: Sie tauchen in Unterlagen russischer Propaganda als mutma\u00dfliche Helfer auf.\" title=\"Der Ex-Bundestagsabgeordnete Diether Dehm (l.) und der Bundestagsabgeordnete Maximilian Krah: Sie tauchen in Unterlagen russischer Propaganda als mutma\u00dfliche Helfer auf.\" width=\"1920\" height=\"1080\" class=\"bg-[url:var(--lqipURL)] bg-cover bg-center flex h-full w-full max-w-full\" style=\"--lqipURL:url('https:\/\/images.t-online.de\/2026\/05\/dQFdn2CIqI82\/0x0:1920x1080\/fit-in\/150x0\/filters:blur(25)\/image.png')\" decoding=\"async\"\/><img loading=\"lazy\" src=\"https:\/\/www.t-online.de\/s\/paper\/_next\/static\/media\/zoom-in.f7dae02f.svg\" alt=\"Vergr\u00f6\u00dfern des Bildes\" title=\"Vergr\u00f6\u00dfern des Bildes\" class=\"block h-[calc(var(--height)_\/_16_*_1rem)] w-[calc(var(--width)_\/_16_*_1rem)] max-w-none absolute bottom-8 right-8 rounded-4 bg-snow p-8\" style=\"--width:32;--height:32\" decoding=\"async\"\/><\/a><\/p>\n<p>Der Ex-Bundestagsabgeordnete Diether Dehm (l.) und der Bundestagsabgeordnete Maximilian Krah: Sie tauchen in Unterlagen russischer Propaganda als mutma\u00dfliche Helfer auf.<\/p>\n<p><img loading=\"lazy\" src=\"https:\/\/www.t-online.de\/s\/paper\/_next\/static\/media\/audio-volume.6689034c.svg\" alt=\"\" title=\"\" class=\"block h-[calc(var(--height)_\/_16_*_1rem)] w-[calc(var(--width)_\/_16_*_1rem)] max-w-none group-hover:brightness-0 group-hover:invert\" style=\"--width:16;--height:16\" decoding=\"async\"\/>Vorlesen<\/p>\n<p>Aktuelle Zeit:0:00Gesamtdauer:0:00<\/p>\n<p>1x<\/p>\n<p class=\"text-center\">Jetzt neu bei t-online:<\/p>\n<p class=\"text-center\">Schriftgr\u00f6\u00dfe anpassen!<\/p>\n<p><img loading=\"lazy\" src=\"https:\/\/www.t-online.de\/s\/paper\/_next\/static\/media\/font-sizes.32942e33.svg\" alt=\"\" title=\"\" class=\"block h-[calc(var(--height)_\/_16_*_1rem)] w-[calc(var(--width)_\/_16_*_1rem)] max-w-none group-hover:hidden group-aria-expanded:hidden\" style=\"--width:16;--height:16\" decoding=\"async\"\/><img loading=\"lazy\" src=\"https:\/\/www.t-online.de\/s\/paper\/_next\/static\/media\/font-sizes-dark-mode.e382645c.svg\" alt=\"\" title=\"\" class=\"block h-[calc(var(--height)_\/_16_*_1rem)] w-[calc(var(--width)_\/_16_*_1rem)] max-w-none hidden group-hover:block group-aria-expanded:block\" style=\"--width:16;--height:16\" decoding=\"async\"\/><img loading=\"lazy\" src=\"https:\/\/www.t-online.de\/s\/paper\/_next\/static\/media\/sharing-menu-icon.1eb71368.svg\" alt=\"\" title=\"\" class=\"block h-[calc(var(--height)_\/_16_*_1rem)] w-[calc(var(--width)_\/_16_*_1rem)] max-w-none group-hover:brightness-0 group-hover:invert\" style=\"--width:16;--height:16\" decoding=\"async\"\/>Artikel teilen<\/p>\n<p class=\"font-bold text-18 leading-17 user-text-lg:text-22 user-text-xl:text-24\">Vertrauliche Dokumente der russischen Propaganda r\u00fccken zwei prominente Deutsche in die N\u00e4he von Mitt\u00e4tern. Standen sie dem Kreml tats\u00e4chlich zur Verf\u00fcgung \u2013 oder gerieten sie unwissentlich in die Aff\u00e4re?<\/p>\n<p class=\"text-18 leading-17 user-text-lg:text-22 user-text-xl:text-24\">Zwei deutsche Politiker sollen an Desinformationskampagnen f\u00fcr den russischen Staat beteiligt worden sein. <a class=\"transition-colors duration-200 cursor-pointer text-inherit no-underline text-salemsfur md:hover:text-magenta md:hover:border-magenta md:focus:text-magenta border-current border-b border-solid break-words\" data-tracking=\"{&quot;action&quot;:&quot;click&quot;,&quot;category&quot;:&quot;intextLink&quot;,&quot;label&quot;:&quot;\/nachrichten\/deutschland\/innenpolitik\/id_101262296\/propaganda-offensive-gegen-deutschland-leak-enthuellt-russlands-vorgehen.html&quot;}\" href=\"https:\/\/www.t-online.de\/nachrichten\/deutschland\/innenpolitik\/id_101262296\/propaganda-offensive-gegen-deutschland-leak-enthuellt-russlands-vorgehen.html\" data-sctrack=\"BodyAnchor\" rel=\"nofollow noopener\" target=\"_blank\">Das geht aus internen Chats der russischen Social Design Agency (SDA) hervor, die t-online vorliegen<\/a>. Die Agentur verantwortet im Auftrag der Pr\u00e4sidialadministration von <a class=\"transition-colors duration-200 cursor-pointer text-inherit no-underline text-salemsfur md:hover:text-magenta md:hover:border-magenta md:focus:text-magenta border-current border-b border-solid break-words\" data-tracking=\"{&quot;action&quot;:&quot;click&quot;,&quot;category&quot;:&quot;intextLink&quot;,&quot;label&quot;:&quot;\/themen\/wladimir-putin\/&quot;}\" href=\"https:\/\/www.t-online.de\/themen\/wladimir-putin\/\" data-sctrack=\"BodyAnchor\" rel=\"nofollow noopener\" target=\"_blank\">Wladimir Putin<\/a> verdeckte Propaganda in Deutschland und Europa. F\u00fcr ihre Desinformation versucht sie, ohnehin reichweitenstarke Meinungsmacher als Multiplikatoren ihrer Inhalte zu nutzen. Damit will sie in der Regel <a class=\"transition-colors duration-200 cursor-pointer text-inherit no-underline text-salemsfur md:hover:text-magenta md:hover:border-magenta md:focus:text-magenta border-current border-b border-solid break-words\" data-tracking=\"{&quot;action&quot;:&quot;click&quot;,&quot;category&quot;:&quot;intextLink&quot;,&quot;label&quot;:&quot;\/themen\/alternative-fuer-deutschland\/&quot;}\" href=\"https:\/\/www.t-online.de\/themen\/alternative-fuer-deutschland\/\" data-sctrack=\"BodyAnchor\" rel=\"nofollow noopener\" target=\"_blank\">AfD<\/a> und BSW unterst\u00fctzen.<\/p>\n<p class=\"text-18 leading-17 user-text-lg:text-22 user-text-xl:text-24\">Zwei von jenen, die sie daf\u00fcr einplante, sind zwei prominente Deutsche: der AfD-Bundestagsabgeordnete Maximilian Krah, der zuvor f\u00fcr die Partei ein Mandat im Europaparlament hatte, sowie der ehemalige Linken-Bundestagsabgeordnete Diether Dehm. Beide werden explizit in den Dokumenten erw\u00e4hnt. Krah bestreitet auf Anfrage von t-online, an Kampagnen f\u00fcr die Agentur mitgewirkt zu haben. Dehm reagierte auf eine Anfrage nicht.<\/p>\n<p>Krah: &#8222;Habe mich nie einspannen lassen&#8220;<\/p>\n<p class=\"text-18 leading-17 user-text-lg:text-22 user-text-xl:text-24\">Krah sagte t-online: &#8222;Ich habe mich noch nie f\u00fcr irgendwelche russischen Kampagnen einspannen lassen. Es gab keine Abmachung \u2013 nicht mit <a class=\"transition-colors duration-200 cursor-pointer text-inherit no-underline text-salemsfur md:hover:text-magenta md:hover:border-magenta md:focus:text-magenta border-current border-b border-solid break-words\" data-tracking=\"{&quot;action&quot;:&quot;click&quot;,&quot;category&quot;:&quot;intextLink&quot;,&quot;label&quot;:&quot;\/themen\/russland\/&quot;}\" href=\"https:\/\/www.t-online.de\/themen\/russland\/\" data-sctrack=\"BodyAnchor\" rel=\"nofollow noopener\" target=\"_blank\">Russland<\/a> und nicht mit irgendwelchen Mittelsm\u00e4nnern.&#8220; Seine Stellungnahmen seien Ausdruck seiner \u00dcberzeugung und nicht irgendwelcher Vorgaben. &#8222;Das klingt wie eine fabrizierte Geheimdienst-Ente.&#8220;<\/p>\n<p class=\"text-18 leading-17 user-text-lg:text-22 user-text-xl:text-24\">Dem Dementi gegen\u00fcber stehen die Chatverl\u00e4ufe aus dem Inneren der russischen Propagandaagentur in <a class=\"transition-colors duration-200 cursor-pointer text-inherit no-underline text-salemsfur md:hover:text-magenta md:hover:border-magenta md:focus:text-magenta border-current border-b border-solid break-words\" data-tracking=\"{&quot;action&quot;:&quot;click&quot;,&quot;category&quot;:&quot;intextLink&quot;,&quot;label&quot;:&quot;\/themen\/moskau\/&quot;}\" href=\"https:\/\/www.t-online.de\/themen\/moskau\/\" data-sctrack=\"BodyAnchor\" rel=\"nofollow noopener\" target=\"_blank\">Moskau<\/a>, die offenbar einige Wochen vor der <a class=\"transition-colors duration-200 cursor-pointer text-inherit no-underline text-salemsfur md:hover:text-magenta md:hover:border-magenta md:focus:text-magenta border-current border-b border-solid break-words\" data-tracking=\"{&quot;action&quot;:&quot;click&quot;,&quot;category&quot;:&quot;intextLink&quot;,&quot;label&quot;:&quot;\/nachrichten\/deutschland\/bundestagswahl\/&quot;}\" href=\"https:\/\/www.t-online.de\/nachrichten\/deutschland\/bundestagswahl\/\" data-sctrack=\"BodyAnchor\" rel=\"nofollow noopener\" target=\"_blank\">Bundestagswahl<\/a> im M\u00e4rz 2025 entstanden sind: In ihnen h\u00e4lt ein Mitarbeiter der Agentur fest, welche Projekte geplant sind. Teil der Planungen waren demnach Krah und Dehm.<\/p>\n<p>&#8222;Sonderauftrag&#8220; f\u00fcr Krah?<\/p>\n<p class=\"text-18 leading-17 user-text-lg:text-22 user-text-xl:text-24\">Bez\u00fcglich Krah ist von einem &#8222;Sonderauftrag mit einem deutschen Artikel&#8220; die Rede: &#8222;Eine Vereinbarung mit dem Key Opinion Maker (zu Deutsch: zentraler Meinungsmacher) wurde getroffen: er wird von Maximilian Krah (deutscher Europaabgeordneter, AfD) verfasst. Wir arbeiten an einer anderen Plattform als seinen Social-Media-Kan\u00e4len.&#8220; Der Beitrag werde &#8222;definitiv in den Medien pr\u00e4sent sein&#8220;. Die Angelegenheit werde voraussichtlich in der n\u00e4chsten Woche gekl\u00e4rt.<\/p>\n<p class=\"text-18 leading-17 user-text-lg:text-22 user-text-xl:text-24\">Das ist \u00fcber die Textstelle hinaus bemerkenswert, da Krah<a class=\"transition-colors duration-200 cursor-pointer text-inherit no-underline text-salemsfur md:hover:text-magenta md:hover:border-magenta md:focus:text-magenta border-current border-b border-solid break-words\" data-tracking=\"{&quot;action&quot;:&quot;click&quot;,&quot;category&quot;:&quot;intextLink&quot;,&quot;label&quot;:&quot;\/nachrichten\/deutschland\/innenpolitik\/id_100539260\/spionageaffaere-der-afd-maximilian-krah-fuhr-heimlich-nach-russland.html&quot;}\" href=\"https:\/\/www.t-online.de\/nachrichten\/deutschland\/innenpolitik\/id_100539260\/spionageaffaere-der-afd-maximilian-krah-fuhr-heimlich-nach-russland.html\" data-sctrack=\"BodyAnchor\" rel=\"nofollow noopener\" target=\"_blank\"> noch im November 2024 heimlich nach Russland reiste<\/a>, um Strippenzieher des Einflussnetzwerks des Oligarchen Viktor Medwedtschuk zu treffen. Dem Netzwerk werden Bestechungszahlungen an europ\u00e4ische Politiker zugeschrieben \u2013 auch \u00fcber das vermeintliche Medienportal &#8222;Voice of Europe&#8220;, dem Krah ein Interview gab. Ermittler durchsuchten im Zuge der Untersuchungen Wohnung und B\u00fcro seines ehemaligen Assistenten. Medwedtschuks Bewegung &#8222;Eine andere Ukraine&#8220; wurde ebenfalls lange von der Social Design Agency unterst\u00fctzt.<\/p>\n<p><a href=\"#focus-1\" class=\"transition-colors duration-200 block text-current relative\" data-sctrack=\"FocusGalleryImage.Reference\"><img   loading=\"lazy\" src=\"https:\/\/www.europesays.com\/de\/wp-content\/uploads\/2026\/05\/1779450564_745_image.png\" alt=\"Die AfD-Abgeordneten Krah (l.) und Petr Bystron (r.) mit Oligarch Viktor Medwedtschuk (M.): Ihre N\u00e4he zu seinem Einflussnetzwerk interessiert auch Ermittler.\" title=\"Die AfD-Abgeordneten Krah (l.) und Petr Bystron (r.) mit Oligarch Viktor Medwedtschuk (M.): Ihre N\u00e4he zu seinem Einflussnetzwerk interessiert auch Ermittler.\" width=\"929\" height=\"523\" class=\"h-full w-full max-w-full rounded-8\" decoding=\"async\"\/><img loading=\"lazy\" src=\"https:\/\/www.t-online.de\/s\/paper\/_next\/static\/media\/zoom-in.f7dae02f.svg\" alt=\"Vergr\u00f6\u00dfern des Bildes\" title=\"Vergr\u00f6\u00dfern des Bildes\" class=\"block h-[calc(var(--height)_\/_16_*_1rem)] w-[calc(var(--width)_\/_16_*_1rem)] max-w-none absolute bottom-8 right-8 rounded-4 bg-snow p-8\" style=\"--width:32;--height:32\" decoding=\"async\"\/>Die AfD-Abgeordneten Krah (l.) und Petr Bystron (r.) mit Oligarch Viktor Medwedtschuk (M.): Ihre N\u00e4he zu seinem Einflussnetzwerk interessiert auch Ermittler. (Quelle: privat)<\/a><\/p>\n","protected":false},"excerpt":{"rendered":"Leak aus Putins Propagandamaschine Diese deutschen Politiker gelten Moskau als Komplizen 22.05.2026 &#8211; 13:45 UhrLesedauer: 3 Min. Der&hellip;\n","protected":false},"author":2,"featured_media":1038312,"comment_status":"","ping_status":"","sticky":false,"template":"","format":"standard","meta":{"footnotes":"","_share_on_mastodon":"0"},"categories":[4013],"tags":[3028,186,331,332,13871,29,222626,663,1560,13,5020,35667,308,14,15,12689,222627,4043,4044,850,307,12,306],"class_list":["post-1038311","post","type-post","status-publish","format-standard","has-post-thumbnail","category-russland","tag-3028","tag-afd","tag-aktuelle-nachrichten","tag-aktuelle-news","tag-buendnis-sahra-wagenknecht","tag-deutschland","tag-diether-dehm","tag-europa","tag-europaeisches-parlament","tag-headlines","tag-kreml","tag-maximilian-krah","tag-moskau","tag-nachrichten","tag-news","tag-propaganda","tag-propagandamaschine","tag-russia","tag-russian-federation","tag-russische-foederation","tag-russland","tag-schlagzeilen","tag-wladimir-putin"],"share_on_mastodon":{"url":"","error":""},"_links":{"self":[{"href":"https:\/\/www.europesays.com\/de\/wp-json\/wp\/v2\/posts\/1038311","targetHints":{"allow":["GET"]}}],"collection":[{"href":"https:\/\/www.europesays.com\/de\/wp-json\/wp\/v2\/posts"}],"about":[{"href":"https:\/\/www.europesays.com\/de\/wp-json\/wp\/v2\/types\/post"}],"author":[{"embeddable":true,"href":"https:\/\/www.europesays.com\/de\/wp-json\/wp\/v2\/users\/2"}],"replies":[{"embeddable":true,"href":"https:\/\/www.europesays.com\/de\/wp-json\/wp\/v2\/comments?post=1038311"}],"version-history":[{"count":0,"href":"https:\/\/www.europesays.com\/de\/wp-json\/wp\/v2\/posts\/1038311\/revisions"}],"wp:featuredmedia":[{"embeddable":true,"href":"https:\/\/www.europesays.com\/de\/wp-json\/wp\/v2\/media\/1038312"}],"wp:attachment":[{"href":"https:\/\/www.europesays.com\/de\/wp-json\/wp\/v2\/media?parent=1038311"}],"wp:term":[{"taxonomy":"category","embeddable":true,"href":"https:\/\/www.europesays.com\/de\/wp-json\/wp\/v2\/categories?post=1038311"},{"taxonomy":"post_tag","embeddable":true,"href":"https:\/\/www.europesays.com\/de\/wp-json\/wp\/v2\/tags?post=1038311"}],"curies":[{"name":"wp","href":"https:\/\/api.w.org\/{rel}","templated":true}]}}