{"id":1038343,"date":"2026-05-22T12:08:22","date_gmt":"2026-05-22T12:08:22","guid":{"rendered":"https:\/\/www.europesays.com\/de\/1038343\/"},"modified":"2026-05-22T12:08:22","modified_gmt":"2026-05-22T12:08:22","slug":"glasfaser-in-dresden-gigabit-internet-erreicht-das-schoenfelder-hochland","status":"publish","type":"post","link":"https:\/\/www.europesays.com\/de\/1038343\/","title":{"rendered":"Glasfaser in Dresden: Gigabit-Internet erreicht das Sch\u00f6nfelder Hochland"},"content":{"rendered":"<p>Im Sch\u00f6nfelder Hochland surfen die ersten Haushalte jetzt mit Gigabit-Tempo. Bis das gesamte F\u00f6rdergebiet versorgt ist, wird es allerdings noch dauern \u2013 der Plan reicht bis 2027.<\/p>\n<p><b>Dresden.<\/b> Im Sch\u00f6nfelder Hochland sind die ersten gef\u00f6rderten Glasfaseranschl\u00fcsse in Betrieb gegangen. Seit wenigen Tagen surfen dort die ersten Dresdnerinnen und Dresdner mit Gigabit-Geschwindigkeit, wie die Landeshauptstadt Dresden mitteilte. Insgesamt entstehen im Stadtgebiet Anschl\u00fcsse f\u00fcr mehr als 4.000 Haushalte und Unternehmen, etwa die H\u00e4lfte davon an bislang unterversorgten Adressen.<\/p>\n<p>Diese rund 1.600 Adressen werden mit F\u00f6rdermitteln von Bund, Freistaat Sachsen und Stadt erschlossen. Als unterversorgt gilt eine Adresse, wenn am Anschluss technisch nicht mindestens 30 Mbit\/s m\u00f6glich sind. Solche Adressen liegen h\u00e4ufig in l\u00e4ndlich gepr\u00e4gten Lagen, in denen sich ein Ausbau f\u00fcr Unternehmen wirtschaftlich nicht rechnet. Untersucht wurde die Versorgungslage bereits 2017, den F\u00f6rderbescheid erhielt die Stadt im Juni 2020, die Verlegung begann im Fr\u00fchjahr 2021.<\/p>\n<p>Der Ausbau l\u00e4uft in vier Gebieten. Vodafone verlegt nach eigenen Angaben rund 200 Kilometer Glasfasertrasse und errichtet 13 Netzknotenpunkte; etwa drei Viertel der Tiefbauarbeiten seien abgeschlossen. Im \u00f6stlichen Gebiet um Sch\u00f6nfeld seien Anfang Mai die ersten beiden Netzabschnitte ans Netz gegangen. F\u00fcr die noch ausstehenden Tiefbauma\u00dfnahmen habe man zus\u00e4tzliche Partner beauftragt.<\/p>\n","protected":false},"excerpt":{"rendered":"Im Sch\u00f6nfelder Hochland surfen die ersten Haushalte jetzt mit Gigabit-Tempo. Bis das gesamte F\u00f6rdergebiet versorgt ist, wird es&hellip;\n","protected":false},"author":2,"featured_media":1038344,"comment_status":"","ping_status":"","sticky":false,"template":"","format":"standard","meta":{"footnotes":"","_share_on_mastodon":"0"},"categories":[1835],"tags":[3364,29,2386,141343,109600,30,15329,25632,859,222631,18098],"class_list":["post-1038343","post","type-post","status-publish","format-standard","has-post-thumbnail","category-dresden","tag-de","tag-deutschland","tag-dresden","tag-dresden-news","tag-freistaat-sachsen","tag-germany","tag-glasfaser","tag-glasfaseranschluss","tag-sachsen","tag-schnfelder-hochland","tag-vodafone"],"share_on_mastodon":{"url":"","error":""},"_links":{"self":[{"href":"https:\/\/www.europesays.com\/de\/wp-json\/wp\/v2\/posts\/1038343","targetHints":{"allow":["GET"]}}],"collection":[{"href":"https:\/\/www.europesays.com\/de\/wp-json\/wp\/v2\/posts"}],"about":[{"href":"https:\/\/www.europesays.com\/de\/wp-json\/wp\/v2\/types\/post"}],"author":[{"embeddable":true,"href":"https:\/\/www.europesays.com\/de\/wp-json\/wp\/v2\/users\/2"}],"replies":[{"embeddable":true,"href":"https:\/\/www.europesays.com\/de\/wp-json\/wp\/v2\/comments?post=1038343"}],"version-history":[{"count":0,"href":"https:\/\/www.europesays.com\/de\/wp-json\/wp\/v2\/posts\/1038343\/revisions"}],"wp:featuredmedia":[{"embeddable":true,"href":"https:\/\/www.europesays.com\/de\/wp-json\/wp\/v2\/media\/1038344"}],"wp:attachment":[{"href":"https:\/\/www.europesays.com\/de\/wp-json\/wp\/v2\/media?parent=1038343"}],"wp:term":[{"taxonomy":"category","embeddable":true,"href":"https:\/\/www.europesays.com\/de\/wp-json\/wp\/v2\/categories?post=1038343"},{"taxonomy":"post_tag","embeddable":true,"href":"https:\/\/www.europesays.com\/de\/wp-json\/wp\/v2\/tags?post=1038343"}],"curies":[{"name":"wp","href":"https:\/\/api.w.org\/{rel}","templated":true}]}}