{"id":1038464,"date":"2026-05-22T13:16:16","date_gmt":"2026-05-22T13:16:16","guid":{"rendered":"https:\/\/www.europesays.com\/de\/1038464\/"},"modified":"2026-05-22T13:16:16","modified_gmt":"2026-05-22T13:16:16","slug":"vor-zwei-jahren-mann-erstochen-mutmassliche-frankreich-moerderin-geht-polizei-auf-mallorca-ins-netz","status":"publish","type":"post","link":"https:\/\/www.europesays.com\/de\/1038464\/","title":{"rendered":"Vor zwei Jahren Mann erstochen: Mutma\u00dfliche Frankreich-M\u00f6rderin geht Polizei auf Mallorca ins Netz"},"content":{"rendered":"<p>Eine <strong>wegen Mordes gesuchte Franz\u00f6sin<\/strong> ist auf Mallorca festgenommen worden. Die spanische Nationalpolizei nahm die Frau in Palma aufgrund eines Europ\u00e4ischen Haftbefehls fest. Frankreich wirft ihr vor, gemeinsam mit einem <strong>bereits verhafteten Komplizen<\/strong> im vergangenen Jahr einen Mann erstochen zu haben.<\/p>\n<p>Nach Angaben der Ermittler soll das Opfer <strong>im Jahr 2024 bei einer Messerattacke ums Leben gekommen<\/strong> sein. Bereits vor einigen Monaten war ein mutma\u00dflicher Beteiligter an der Tat festgenommen worden. Im Zuge der weiteren Ermittlungen geriet schlie\u00dflich auch die nun auf Mallorca verhaftete Frau ins Visier der franz\u00f6sischen Beh\u00f6rden.<\/p>\n<p>Da die Verd\u00e4chtige zun\u00e4chst nicht aufgefunden werden konnte, erlie\u00df Frankreich einen <strong>Europ\u00e4ischen Haft- und Auslieferungsbefehl<\/strong>. Neben dem Vorwurf des Mordes wird der Frau auch Raub und Betrug zur Last gelegt. Sie soll nach der Tat die Bankkarte des Opfers benutzt haben.<\/p>\n<p>Hinweise auf Mallorca als Aufenthaltsort<\/p>\n<p>Hinweise darauf, dass sich die Gesuchte auf Mallorca aufhalten k\u00f6nnte, brachten die Ermittler der spanischen Nationalpolizei auf ihre Spur. Die <strong>auf internationale Kriminalit\u00e4t spezialisierte Einheit der Polizei auf den Balearen<\/strong> leitete daraufhin Nachforschungen ein und konnte die Frau schlie\u00dflich auf der Insel ausfindig machen.<\/p>\n<p data-is-last-node=\"\" data-is-only-node=\"\"><strong>Die Festnahme erfolgte am Donnerstagabend in Palma.<\/strong> Am Freitag wurde die Verd\u00e4chtige dem spanischen Nationalgericht, der Audiencia Nacional, vorgef\u00fchrt. Dieses entscheidet nun \u00fcber das weitere Auslieferungsverfahren nach Frankreich.<\/p>\n","protected":false},"excerpt":{"rendered":"Eine wegen Mordes gesuchte Franz\u00f6sin ist auf Mallorca festgenommen worden. Die spanische Nationalpolizei nahm die Frau in Palma&hellip;\n","protected":false},"author":2,"featured_media":1038465,"comment_status":"","ping_status":"","sticky":false,"template":"","format":"standard","meta":{"footnotes":"","_share_on_mastodon":"0"},"categories":[3974],"tags":[331,332,964,548,663,3934,886,3980,156,13,222649,963,474,222351,222350,222650,14,15,12],"class_list":["post-1038464","post","type-post","status-publish","format-standard","has-post-thumbnail","category-frankreich","tag-aktuelle-nachrichten","tag-aktuelle-news","tag-balearen","tag-eu","tag-europa","tag-europe","tag-festnahmen","tag-france","tag-frankreich","tag-headlines","tag-kriminalitaet-auf-mallorca","tag-lokales","tag-mallorca","tag-mallorca-news","tag-mallorca-urlaub","tag-mordfaelle","tag-nachrichten","tag-news","tag-schlagzeilen"],"share_on_mastodon":{"url":"https:\/\/pubeurope.com\/@de\/116618421335687824","error":""},"_links":{"self":[{"href":"https:\/\/www.europesays.com\/de\/wp-json\/wp\/v2\/posts\/1038464","targetHints":{"allow":["GET"]}}],"collection":[{"href":"https:\/\/www.europesays.com\/de\/wp-json\/wp\/v2\/posts"}],"about":[{"href":"https:\/\/www.europesays.com\/de\/wp-json\/wp\/v2\/types\/post"}],"author":[{"embeddable":true,"href":"https:\/\/www.europesays.com\/de\/wp-json\/wp\/v2\/users\/2"}],"replies":[{"embeddable":true,"href":"https:\/\/www.europesays.com\/de\/wp-json\/wp\/v2\/comments?post=1038464"}],"version-history":[{"count":0,"href":"https:\/\/www.europesays.com\/de\/wp-json\/wp\/v2\/posts\/1038464\/revisions"}],"wp:featuredmedia":[{"embeddable":true,"href":"https:\/\/www.europesays.com\/de\/wp-json\/wp\/v2\/media\/1038465"}],"wp:attachment":[{"href":"https:\/\/www.europesays.com\/de\/wp-json\/wp\/v2\/media?parent=1038464"}],"wp:term":[{"taxonomy":"category","embeddable":true,"href":"https:\/\/www.europesays.com\/de\/wp-json\/wp\/v2\/categories?post=1038464"},{"taxonomy":"post_tag","embeddable":true,"href":"https:\/\/www.europesays.com\/de\/wp-json\/wp\/v2\/tags?post=1038464"}],"curies":[{"name":"wp","href":"https:\/\/api.w.org\/{rel}","templated":true}]}}