{"id":1038503,"date":"2026-05-22T13:38:26","date_gmt":"2026-05-22T13:38:26","guid":{"rendered":"https:\/\/www.europesays.com\/de\/1038503\/"},"modified":"2026-05-22T13:38:26","modified_gmt":"2026-05-22T13:38:26","slug":"vom-konstantesten-dortmunder-zu-600-einsatzminuten-in-2026-der-bemerkenswerte-einbruch-von-karim-adeyemi-beim-bvb","status":"publish","type":"post","link":"https:\/\/www.europesays.com\/de\/1038503\/","title":{"rendered":"Vom konstantesten Dortmunder zu 600 Einsatzminuten in 2026: Der bemerkenswerte Einbruch von Karim Adeyemi beim BVB"},"content":{"rendered":"<p>Die WM findet ohne Karim Adeyemi statt. Das ist folgerichtig, schlie\u00dflich hat der 24-J\u00e4hrige beim BVB im neuen Jahr keine 600 Minuten mehr gespielt. Bleibt der Offensivspieler nun in Dortmund?<\/p>\n<p>Die Argumente waren zwar offensichtlich, aber Lars Ricken hatte trotzdem noch einmal m\u00e4chtig die Werbetrommel ger\u00fchrt. &#8222;Julian Nagelsmann kennt nat\u00fcrlich seine Schnelligkeit. Und ich glaube: Wenn du 26 Mann mit zur WM nehmen kannst, dann kannst du auch Spezialisten mitnehmen. Spieler, die eine ganz besondere Waffe haben&#8220;, hatte der Sport-Gesch\u00e4ftsf\u00fchrer von Borussia Dortmund zur Bild zuletzt gesagt.<\/p>\n<p><img loading=\"lazy\" decoding=\"async\" src=\"https:\/\/www.europesays.com\/de\/wp-content\/uploads\/2026\/05\/d8b53900a4514cc2877ba0a76e28697d.gif\" width=\"1\" height=\"1\" alt=\"\" style=\"width:1px;height:1px\"\/><\/p>\n","protected":false},"excerpt":{"rendered":"Die WM findet ohne Karim Adeyemi statt. Das ist folgerichtig, schlie\u00dflich hat der 24-J\u00e4hrige beim BVB im neuen&hellip;\n","protected":false},"author":2,"featured_media":1038504,"comment_status":"","ping_status":"","sticky":false,"template":"","format":"standard","meta":{"footnotes":"","_share_on_mastodon":"0"},"categories":[1833],"tags":[888,299,3364,29,217,2033,347,30,78298,1209,4604],"class_list":["post-1038503","post","type-post","status-publish","format-standard","has-post-thumbnail","category-dortmund","tag-borussia-dortmund","tag-bundesliga","tag-de","tag-deutschland","tag-dortmund","tag-features","tag-fussball","tag-germany","tag-k-adeyemi","tag-nordrhein-westfalen","tag-soccer"],"share_on_mastodon":{"url":"https:\/\/pubeurope.com\/@de\/116618508892379585","error":""},"_links":{"self":[{"href":"https:\/\/www.europesays.com\/de\/wp-json\/wp\/v2\/posts\/1038503","targetHints":{"allow":["GET"]}}],"collection":[{"href":"https:\/\/www.europesays.com\/de\/wp-json\/wp\/v2\/posts"}],"about":[{"href":"https:\/\/www.europesays.com\/de\/wp-json\/wp\/v2\/types\/post"}],"author":[{"embeddable":true,"href":"https:\/\/www.europesays.com\/de\/wp-json\/wp\/v2\/users\/2"}],"replies":[{"embeddable":true,"href":"https:\/\/www.europesays.com\/de\/wp-json\/wp\/v2\/comments?post=1038503"}],"version-history":[{"count":0,"href":"https:\/\/www.europesays.com\/de\/wp-json\/wp\/v2\/posts\/1038503\/revisions"}],"wp:featuredmedia":[{"embeddable":true,"href":"https:\/\/www.europesays.com\/de\/wp-json\/wp\/v2\/media\/1038504"}],"wp:attachment":[{"href":"https:\/\/www.europesays.com\/de\/wp-json\/wp\/v2\/media?parent=1038503"}],"wp:term":[{"taxonomy":"category","embeddable":true,"href":"https:\/\/www.europesays.com\/de\/wp-json\/wp\/v2\/categories?post=1038503"},{"taxonomy":"post_tag","embeddable":true,"href":"https:\/\/www.europesays.com\/de\/wp-json\/wp\/v2\/tags?post=1038503"}],"curies":[{"name":"wp","href":"https:\/\/api.w.org\/{rel}","templated":true}]}}