{"id":1038512,"date":"2026-05-22T13:43:17","date_gmt":"2026-05-22T13:43:17","guid":{"rendered":"https:\/\/www.europesays.com\/de\/1038512\/"},"modified":"2026-05-22T13:43:17","modified_gmt":"2026-05-22T13:43:17","slug":"stuttgart-mitte-passanten-in-der-koenigstrasse-belaestigt-polizei-nimmt-37-jaehrigen-fest","status":"publish","type":"post","link":"https:\/\/www.europesays.com\/de\/1038512\/","title":{"rendered":"Stuttgart-Mitte: Passanten in der K\u00f6nigstra\u00dfe bel\u00e4stigt \u2013 Polizei nimmt 37-J\u00e4hrigen fest"},"content":{"rendered":"<p>\t\t\t\t\t\t\t\t\t\t\t\t\t\t\t\t\t\t\t\t\t\t\t\t\t\t\t\t      \t\t            \t\t             \t\t\t\t   \t\t\t\t\t   <img decoding=\"async\" id=\"article-image\" fetchpriority=\"high\" alt=\"Stuttgart-Mitte: Passanten in der K\u00f6nigstra\u00dfe bel\u00e4stigt \u2013 Polizei nimmt 37-J\u00e4hrigen fest\" title=\"Stuttgart-Mitte: Passanten in der K\u00f6nigstra\u00dfe bel\u00e4stigt \u2013 Polizei nimmt 37-J\u00e4hrigen fest\" src=\"https:\/\/www.europesays.com\/de\/wp-content\/uploads\/2026\/05\/media.media.2cca0961-23c7-41ff-8215-7fd92c1e1e47.16x9_700.jpg\" data-linkto=\"https:\/\/www.stuttgarter-nachrichten.de\/javascript:void(0);\"\/>\t\t\t\t\t\t\t\t\t\t\t\t\t\t\t\t\t\t\t\t\t\t\t\tEin 37-J\u00e4hriger soll in der K\u00f6nigstra\u00dfe Passanten bel\u00e4stigt haben (Symbolbild).\u00a0Foto: LICHTGUT\t\t\t<\/p>\n<p>Ein 37-J\u00e4hriger bel\u00e4stigt offenbar Passanten in der Stuttgarter-Innenstadt. Als die Polizei ihn kontrolliert, stellt sie fest, dass gegen ihn ein Haftbefehl vorliegt.<\/p>\n<p>Polizeibeamte haben am Donnerstagnachmittag einen 37 Jahre alten Mann in <a href=\"https:\/\/www.stuttgarter-nachrichten.de\/thema\/Stuttgart\" title=\"Stuttgart\" class=\"art_thema\" rel=\"nofollow noopener\" target=\"_blank\">Stuttgart<\/a>-Mitte festgenommen, der Passanten bel\u00e4stigt haben soll und gegen den ein Haftbefehl bestanden hat. <\/p>\n<p>Der 37-J\u00e4hrige soll laut einer Mitteilung der <a href=\"https:\/\/www.stuttgarter-nachrichten.de\/thema\/Polizei\" title=\"Polizei\" class=\"art_thema\" rel=\"nofollow noopener\" target=\"_blank\">Polizei<\/a> gegen 16.45 Uhr in der <a href=\"https:\/\/www.stuttgarter-nachrichten.de\/thema\/K%C3%B6nigstra%C3%9Fe\" title=\"K\u00f6nigstra\u00dfe\" class=\"art_thema\" rel=\"nofollow noopener\" target=\"_blank\">K\u00f6nigstra\u00dfe<\/a> mit lauter Musik und Bettelei Passanten bel\u00e4stigt haben, weshalb Polizeibeamte ihn kontrollierten. <\/p>\n<p>Dabei stellten die Beamten fest, dass gegen den 37-J\u00e4hrigen ein Haftbefehl der Staatsanwaltschaft Heilbronn bestand. Bei der anschlie\u00dfenden Festnahme leistete der 37-J\u00e4hrige Widerstand, dabei wurden zwei Polizeibeamte leicht verletzt. Der Tatverd\u00e4chtige wurde in die Justizvollzugsanstalt Stammheim gebracht.<\/p>\n","protected":false},"excerpt":{"rendered":"Ein 37-J\u00e4hriger soll in der K\u00f6nigstra\u00dfe Passanten bel\u00e4stigt haben (Symbolbild).\u00a0Foto: LICHTGUT Ein 37-J\u00e4hriger bel\u00e4stigt offenbar Passanten in der&hellip;\n","protected":false},"author":2,"featured_media":1038513,"comment_status":"","ping_status":"","sticky":false,"template":"","format":"standard","meta":{"footnotes":"","_share_on_mastodon":"0"},"categories":[1830],"tags":[1634,3364,29,30,6139,121,8248,1441],"class_list":["post-1038512","post","type-post","status-publish","format-standard","has-post-thumbnail","category-stuttgart","tag-baden-wuerttemberg","tag-de","tag-deutschland","tag-germany","tag-koenigstrasse","tag-polizei","tag-polizeibericht-stuttgart","tag-stuttgart"],"share_on_mastodon":{"url":"https:\/\/pubeurope.com\/@de\/116618528552607676","error":""},"_links":{"self":[{"href":"https:\/\/www.europesays.com\/de\/wp-json\/wp\/v2\/posts\/1038512","targetHints":{"allow":["GET"]}}],"collection":[{"href":"https:\/\/www.europesays.com\/de\/wp-json\/wp\/v2\/posts"}],"about":[{"href":"https:\/\/www.europesays.com\/de\/wp-json\/wp\/v2\/types\/post"}],"author":[{"embeddable":true,"href":"https:\/\/www.europesays.com\/de\/wp-json\/wp\/v2\/users\/2"}],"replies":[{"embeddable":true,"href":"https:\/\/www.europesays.com\/de\/wp-json\/wp\/v2\/comments?post=1038512"}],"version-history":[{"count":0,"href":"https:\/\/www.europesays.com\/de\/wp-json\/wp\/v2\/posts\/1038512\/revisions"}],"wp:featuredmedia":[{"embeddable":true,"href":"https:\/\/www.europesays.com\/de\/wp-json\/wp\/v2\/media\/1038513"}],"wp:attachment":[{"href":"https:\/\/www.europesays.com\/de\/wp-json\/wp\/v2\/media?parent=1038512"}],"wp:term":[{"taxonomy":"category","embeddable":true,"href":"https:\/\/www.europesays.com\/de\/wp-json\/wp\/v2\/categories?post=1038512"},{"taxonomy":"post_tag","embeddable":true,"href":"https:\/\/www.europesays.com\/de\/wp-json\/wp\/v2\/tags?post=1038512"}],"curies":[{"name":"wp","href":"https:\/\/api.w.org\/{rel}","templated":true}]}}