{"id":1038514,"date":"2026-05-22T13:44:12","date_gmt":"2026-05-22T13:44:12","guid":{"rendered":"https:\/\/www.europesays.com\/de\/1038514\/"},"modified":"2026-05-22T13:44:12","modified_gmt":"2026-05-22T13:44:12","slug":"kann-der-tvb-stuttgart-den-flensburger-hochgeschwindigkeits-express-bremsen-tvb-stuttgart-news-aus-der-handball-bundesliga","status":"publish","type":"post","link":"https:\/\/www.europesays.com\/de\/1038514\/","title":{"rendered":"Kann der TVB Stuttgart den Flensburger Hochgeschwindigkeits-Express bremsen? &#8211; TVB Stuttgart: News aus der Handball-Bundesliga"},"content":{"rendered":"<p><strong>Waiblingen-Bittenfeld. <\/strong> Nach der L\u00e4nderspielpause stehen die Erstliga-Handballer des TVB Stuttgart  an diesem Pfingstsonntag (16.30 Uhr) vor ihrem vorletzten Heimspiel in dieser Saison \u2013 und das d\u00fcrfte zu einer besonderen Herausforderung werden: Die SG Flensburg-Handewitt k\u00e4mpft im Saisonendspurt mit den F\u00fcchsen Berlin um Platz zwei, der die Qualifikation f\u00fcr die Champions League bedeutet. Die Fans in der Porsche-Arena werden nicht Gefahr laufen, auf der Trib\u00fcne wegzunicken:<\/p>\n","protected":false},"excerpt":{"rendered":"Waiblingen-Bittenfeld. Nach der L\u00e4nderspielpause stehen die Erstliga-Handballer des TVB Stuttgart an diesem Pfingstsonntag (16.30 Uhr) vor ihrem vorletzten&hellip;\n","protected":false},"author":2,"featured_media":1038515,"comment_status":"","ping_status":"","sticky":false,"template":"","format":"standard","meta":{"footnotes":"","_share_on_mastodon":"0"},"categories":[1830],"tags":[4808,1634,3364,29,30,1391,51891,120540,74607,1441,7401],"class_list":["post-1038514","post","type-post","status-publish","format-standard","has-post-thumbnail","category-stuttgart","tag-1-bundesliga","tag-baden-wuerttemberg","tag-de","tag-deutschland","tag-germany","tag-handball","tag-misha-kaufmann","tag-rems-murr-handball","tag-rems-murr-sport","tag-stuttgart","tag-tvb-stuttgart"],"share_on_mastodon":{"url":"https:\/\/pubeurope.com\/@de\/116618530978256697","error":""},"_links":{"self":[{"href":"https:\/\/www.europesays.com\/de\/wp-json\/wp\/v2\/posts\/1038514","targetHints":{"allow":["GET"]}}],"collection":[{"href":"https:\/\/www.europesays.com\/de\/wp-json\/wp\/v2\/posts"}],"about":[{"href":"https:\/\/www.europesays.com\/de\/wp-json\/wp\/v2\/types\/post"}],"author":[{"embeddable":true,"href":"https:\/\/www.europesays.com\/de\/wp-json\/wp\/v2\/users\/2"}],"replies":[{"embeddable":true,"href":"https:\/\/www.europesays.com\/de\/wp-json\/wp\/v2\/comments?post=1038514"}],"version-history":[{"count":0,"href":"https:\/\/www.europesays.com\/de\/wp-json\/wp\/v2\/posts\/1038514\/revisions"}],"wp:featuredmedia":[{"embeddable":true,"href":"https:\/\/www.europesays.com\/de\/wp-json\/wp\/v2\/media\/1038515"}],"wp:attachment":[{"href":"https:\/\/www.europesays.com\/de\/wp-json\/wp\/v2\/media?parent=1038514"}],"wp:term":[{"taxonomy":"category","embeddable":true,"href":"https:\/\/www.europesays.com\/de\/wp-json\/wp\/v2\/categories?post=1038514"},{"taxonomy":"post_tag","embeddable":true,"href":"https:\/\/www.europesays.com\/de\/wp-json\/wp\/v2\/tags?post=1038514"}],"curies":[{"name":"wp","href":"https:\/\/api.w.org\/{rel}","templated":true}]}}