{"id":103861,"date":"2025-05-12T04:49:10","date_gmt":"2025-05-12T04:49:10","guid":{"rendered":"https:\/\/www.europesays.com\/de\/103861\/"},"modified":"2025-05-12T04:49:10","modified_gmt":"2025-05-12T04:49:10","slug":"schallplatten-boerse-in-fellbach-so-ticken-die-fans-alter-schallplatten","status":"publish","type":"post","link":"https:\/\/www.europesays.com\/de\/103861\/","title":{"rendered":"Schallplatten-B\u00f6rse in Fellbach: So ticken die Fans alter Schallplatten"},"content":{"rendered":"<p>Rund 200 Fans arbeiten sich bei der Schallplatten- und CD-B\u00f6rse in der Fellbacher Schwabenlandhalle durch Berge aus schwarzem Vinyl.<\/p>\n<p>            \tEva Herschmann                      <\/p>\n<p>           12.05.2025 &#8211; 06:00 Uhr       <\/p>\n<p>Oft schon wurde sie totgesagt, die gute alte Schallplatte. Doch die Scheibe l\u00e4uft noch l\u00e4ngst nicht auf der letzten Rille. Bei der Schallplatten- und CD-B\u00f6rse in der Schwabenlandhalle in <a href=\"https:\/\/www.stuttgarter-zeitung.de\/thema\/Fellbach\" title=\"Fellbach\" class=\"art_thema\" target=\"_blank\" rel=\"noopener\">Fellbach<\/a> (Rems-Murr-Kreis) haben sich mehr als 200 Fans durch Berge von schwarzem Vinyl gearbeitet. Denn auch Sammler stehen noch immer auf die Platte. <\/p>\n<p>Die ersten Schallplattenb\u00f6rsen wurden Ende der 1970er Jahre von Musikliebhabern in kleinen privaten Rahmen organisiert. Dort gab es alles \u2013 von Mainstream bis hin zu Rarit\u00e4ten. In den 90er Jahren drohte zwischenzeitlich die Compact-Disc, kurz CD, die Platte vom Markt zu verdr\u00e4ngen. Doch die Scheibe behauptete sich \u2013 und sie dreht sich bis heute als LP, Maxi-Single oder Single. W\u00e4hrend die CD als Tontr\u00e4germedium R\u00fcckg\u00e4nge verzeichnet und die Download- und Streamingdienste wegen der digitalen Konkurrenz weniger verdienen, ist f\u00fcr die Musikindustrie die Schallplatte wieder zu einer der eintr\u00e4glichsten Einkommensquellen geworden. Nahezu jede neuere Ver\u00f6ffentlichung erscheint auch als Schallplatte. <\/p>\n<p>Wer Platten wirklich sch\u00e4tzt, kauft \u201elieber das Original\u201c <\/p>\n<p>Weil viele der begehrten Wieder- und Neuver\u00f6ffentlichungen nur limitiert und einige bedeutende Interpreten gar nicht mehr auf Vinyl erscheinen, haben auch die Schallplattenb\u00f6rsen wieder Konjunktur, und auf diesen seien die echten Sammler zu finden, erkl\u00e4rt Aussteller Thomas Schmid aus Metzingen. Denn neue Platten, gerade Nachpressungen, seien zwar oft billiger, aber auch von schlechterer Qualit\u00e4t. \u201eSie sind oft minderwertig gepresst. Wer Platten wirklich wertsch\u00e4tzt, kauft deshalb lieber das 50 Jahre alte Original, und auch nicht im Internet.\u201c <\/p>\n<p>Schallplatten m\u00fcssten nicht nur geh\u00f6rt, sondern auch gesehen werden, findet Michael Fischer. \u201eIch habe mir schon viele Platten gekauft, einfach, weil mir das Cover gut gefallen hat\u201c, sagt der H\u00e4ndler und Sammler aus Frankfurt, der seinen Stand im Foyer der Schwabenlandhalle aufgebaut hat. Auch diesmal hat er nicht nur verkauft, sondern auch selbst einige Scheiben erstanden. Ein paar originale Ostpressungen seien darunter, nat\u00fcrlich auch von den Puhdys, einer der bekanntesten DDR-Bands, erkl\u00e4rt Fischer. \u201eUnd ein paar alte Beach-Boys-Platten f\u00fcr zwei Euro das St\u00fcck.\u201c <\/p>\n<p>Verkauft hat Michael Fischer in Fellbach auch. \u201eObwohl sonst mehr los war\u201c, sagt er mit Blick auf den \u00fcberschaubaren Besucherandrang. So sei unter anderem ein j\u00fcngerer Sammler auf der Suche nach der ersten Rainbow-Platte bei ihm f\u00fcndig geworden. \u201eDer war total gl\u00fccklich.\u201c Vielleicht sei das Stuttgarter Fr\u00fchlingsfest auf dem Wasen schuld am \u00fcbersichtlichen Andrang, mutma\u00dft derweil der Veranstalter Wolfgang Korte. \u201eOder das sch\u00f6ne Fr\u00fchlingswetter.\u201c<\/p>\n<p>Ein Autogramm von Freddie Mercury \u2013 allerdings nicht als Schn\u00e4ppchen <\/p>\n<p>Die ernsten Sammler h\u00e4lt weder das eine noch das andere ab. \u00dcberwiegend m\u00e4nnliche Besucher \u2013 von denen nicht wenige ihren Musikgeschmack mit einem Tour-Shirt ihrer Lieblingsband sichtbar zur Schau tragen \u2013 w\u00fchlen sich durch Massen von Schallplatten. Das Angebot in allen Genres, von Avantgarde-Klassik \u00fcber Schlager bis Punk und von Abba bis ZZ Top, ist riesig. Und es gibt neben Rarit\u00e4ten in Vinyl auch Original-Unterschriften auf Plattencovers oder Fotos. Darunter die von Freddie Mercury, dem Leads\u00e4nger der legend\u00e4ren britischen Formation Queen, und den restlichen Bandmitgliedern \u2013 wenn auch nicht zum Schn\u00e4ppchenpreis. <\/p>\n<p> Auf dem T-Shirt von Holger Kimmerle prangt kein Band-Logo: \u201eSuche Rambo 1 + 2 Papp-Aufsteller\u201c steht auf der breiten Brust des Reutlingers. Denn in Fellbach gibt es auch eine DVD-, Film- und Comicabteilung. Der 51-j\u00e4hrige Kimmerle, der als Model und Personal Trainer arbeitet, 2011 zum Gesicht Baden-W\u00fcrttembergs gew\u00e4hlt wurde und als Nebendarsteller im Stuttgarter Tatort \u201eVerblendung\u201c sowie bei Soko Stuttgart zu sehen war, l\u00f6st gerade seine 40-j\u00e4hrige Sammlung von Film-B\u00fcchern und -Plakaten auf. \u201eIch will mich auf Sylvester Stallone konzentrieren. Haupts\u00e4chlich auf seine Rambo-Filme.\u201c <\/p>\n","protected":false},"excerpt":{"rendered":"Rund 200 Fans arbeiten sich bei der Schallplatten- und CD-B\u00f6rse in der Fellbacher Schwabenlandhalle durch Berge aus schwarzem&hellip;\n","protected":false},"author":2,"featured_media":103862,"comment_status":"","ping_status":"","sticky":false,"template":"","format":"standard","meta":{"footnotes":""},"categories":[1830],"tags":[1634,3364,29,6725,30,15472,41115,1441,15477],"class_list":{"0":"post-103861","1":"post","2":"type-post","3":"status-publish","4":"format-standard","5":"has-post-thumbnail","7":"category-stuttgart","8":"tag-baden-wuerttemberg","9":"tag-de","10":"tag-deutschland","11":"tag-fellbach","12":"tag-germany","13":"tag-schallplatten","14":"tag-schallplatten-boerse","15":"tag-stuttgart","16":"tag-vinyl"},"share_on_mastodon":{"url":"https:\/\/pubeurope.com\/@de\/114493060848664138","error":""},"_links":{"self":[{"href":"https:\/\/www.europesays.com\/de\/wp-json\/wp\/v2\/posts\/103861","targetHints":{"allow":["GET"]}}],"collection":[{"href":"https:\/\/www.europesays.com\/de\/wp-json\/wp\/v2\/posts"}],"about":[{"href":"https:\/\/www.europesays.com\/de\/wp-json\/wp\/v2\/types\/post"}],"author":[{"embeddable":true,"href":"https:\/\/www.europesays.com\/de\/wp-json\/wp\/v2\/users\/2"}],"replies":[{"embeddable":true,"href":"https:\/\/www.europesays.com\/de\/wp-json\/wp\/v2\/comments?post=103861"}],"version-history":[{"count":0,"href":"https:\/\/www.europesays.com\/de\/wp-json\/wp\/v2\/posts\/103861\/revisions"}],"wp:featuredmedia":[{"embeddable":true,"href":"https:\/\/www.europesays.com\/de\/wp-json\/wp\/v2\/media\/103862"}],"wp:attachment":[{"href":"https:\/\/www.europesays.com\/de\/wp-json\/wp\/v2\/media?parent=103861"}],"wp:term":[{"taxonomy":"category","embeddable":true,"href":"https:\/\/www.europesays.com\/de\/wp-json\/wp\/v2\/categories?post=103861"},{"taxonomy":"post_tag","embeddable":true,"href":"https:\/\/www.europesays.com\/de\/wp-json\/wp\/v2\/tags?post=103861"}],"curies":[{"name":"wp","href":"https:\/\/api.w.org\/{rel}","templated":true}]}}