{"id":1038632,"date":"2026-05-22T14:49:21","date_gmt":"2026-05-22T14:49:21","guid":{"rendered":"https:\/\/www.europesays.com\/de\/1038632\/"},"modified":"2026-05-22T14:49:21","modified_gmt":"2026-05-22T14:49:21","slug":"benefizkonzert-in-nuernberg-karin-baumueller-soeder-sammelt-fuer-kranke-kinder-regional","status":"publish","type":"post","link":"https:\/\/www.europesays.com\/de\/1038632\/","title":{"rendered":"Benefizkonzert in N\u00fcrnberg: Karin Baum\u00fcller-S\u00f6der sammelt f\u00fcr kranke Kinder | Regional"},"content":{"rendered":"<p><a class=\"skip-content skip-content--link\" href=\"#in-content-skip-link-target-v-0-0\">TTS-Player \u00fcberspringen\u21b5<\/a><a id=\"in-content-skip-link-target-v-0-0\" class=\"skip-content--target-link-hidden skip-content skip-content--target-link\" href=\"#in-content-skip-link-target-v-0-0\">Artikel weiterlesen<\/a><\/p>\n<p data-780e759e=\"0-1612\">N\u00fcrnberg (Bayern) \u2013 <b>Ein Abend f\u00fcr den guten Zweck und ein starkes Signal f\u00fcr kranke Kinder. Beim Fr\u00fchjahrs-Benefizkonzert f\u00fcr das neue Kinderklinikum N\u00fcrnberg kamen 140.000 Euro zusammen. In den Rathaussaal hatten Schirmherrin Karin Baum\u00fcller-S\u00f6der (53) und der Vorstandsvorsitzende des Klinikums, Prof. Dr. Achim Jockwig (61), geladen. 300 G\u00e4ste erlebten ein Konzert vor beeindruckender Kulisse und eine besondere Premiere.<\/b><\/p>\n<p>140.000 Euro f\u00fcr Neubauprojekt<\/p>\n<p data-780e759e=\"0-1612\">Die gr\u00f6\u00dfte Einzelspende \u00fcberreichte die alpha Gruppe mit 100.000 Euro. Die Findelkind-Sozialstiftung steuerte 25.000 Euro bei. \u201eEs freut mich sehr, dass unsere G\u00e4ste das Neubauprojekt weiterhin so gro\u00dfz\u00fcgig unterst\u00fctzen\u201c, so Karin Baum\u00fcller-S\u00f6der. \u201eIn wenigen Monaten werden wir ein Kinderkrankenhaus mit erstklassiger Kinder- und Jugendmedizin er\u00f6ffnen. Auch dank vieler Spenden entsteht ein Ort mit spezieller Medizintechnik f\u00fcr Kinder, der bestm\u00f6glich nach den Bed\u00fcrfnissen der kleinen Patientinnen und Patienten eingerichtet ist. Trotz teilweise schwerer Krankheit sollen sie sich mit ihren Familien so wohl f\u00fchlen wie m\u00f6glich, denn nur dann k\u00f6nnen sie schnell wieder gesund werden. Vielen Dank an alle <a href=\"https:\/\/www.bild.de\/politik\/leute\/markus-soeder\/markus-soeder-alle-infos-76681868.bild.html\" class=\"text-link\" rel=\"nofollow noopener\" target=\"_blank\">Spender<\/a>innen und Spender f\u00fcr die gro\u00dfartige Unterst\u00fctzung dieses Herzensprojektes.\u201c<\/p>\n<p><img decoding=\"async\" width=\"992\" height=\"661\" alt=\"Karin Baum\u00fcller-S\u00f6der (3. v. l.) und Prof. Dr. Achim Jockwig (4. v. l.) mit dem Arcis Saxophon Quartett aus M\u00fcnchen, Sopranistin Andromahi Raptis (35, 2. v. r.) und Pianistin Kristina Yorgova (30, r.)\" src=\"https:\/\/www.europesays.com\/de\/wp-content\/uploads\/2026\/05\/528e0f4609aba6919330d73d9c035836,ea329cf0.jpeg\"   class=\"dynamic\" loading=\"lazy\"\/><\/p>\n<p class=\"fig__caption__text\">Karin Baum\u00fcller-S\u00f6der (3. v. l.) und Prof. Dr. Achim Jockwig (4. v. l.) mit dem Arcis Saxophon Quartett aus M\u00fcnchen, Sopranistin Andromahi Raptis (35, 2. v. r.) und Pianistin Kristina Yorgova (30, r.)<\/p>\n<p>Foto: Jakob Lichtenfeld<\/p>\n<p data-780e759e=\"0-1612\">Auch Prof. Dr. Achim Jockwig dankte den Unterst\u00fctzern: \u201eAuf der Baustelle geht es mit Riesenschritten voran. Schon Anfang des kommenden Jahres werden wir das neue <a href=\"https:\/\/www.neubau-kinderklinikum.de\/das-projekt#Informationen\" target=\"_blank\" rel=\"nofollow noopener\" class=\"text-link\">Kinderklinikum im Friedl-Sch\u00f6ller-Haus<\/a> beziehen. Jede Spende hilft, dass wir eine besonders kindgerechte Ausstattung umsetzen k\u00f6nnen. Ich sage Danke an alle Unterst\u00fctzer, F\u00f6rderer und Freunde. Au\u00dferdem danke ich den K\u00fcnstlerinnen und K\u00fcnstlern, dem Organisationsteam des Benefizkonzertes und allen voran unserer Schirmherrin Karin Baum\u00fcller-S\u00f6der.\u201c<\/p>\n<p>Neubau soll 2027 fertig sein<\/p>\n<p data-780e759e=\"1613-2016\">Der Neubau des Kinderklinikums <a href=\"https:\/\/www.bild.de\/regional\/nuernberg\/nuernberg-regional\/home-51164870.bild.html\" class=\"text-link\" rel=\"nofollow noopener\" target=\"_blank\">N\u00fcrnberg<\/a> wird vom Freistaat Bayern mit 119 Mio. Euro gef\u00f6rdert. Der Einzug in das neue Geb\u00e4ude mit f\u00fcnf Stockwerken und 30.000 Quadratmetern Nutzfl\u00e4che ist f\u00fcr Anfang 2027 geplant.<\/p>\n","protected":false},"excerpt":{"rendered":"TTS-Player \u00fcberspringen\u21b5Artikel weiterlesen N\u00fcrnberg (Bayern) \u2013 Ein Abend f\u00fcr den guten Zweck und ein starkes Signal f\u00fcr kranke&hellip;\n","protected":false},"author":2,"featured_media":1038633,"comment_status":"","ping_status":"","sticky":false,"template":"","format":"standard","meta":{"footnotes":"","_share_on_mastodon":"0"},"categories":[1837],"tags":[772,3364,29,127,30,32200,3263,1414,3783,18827],"class_list":["post-1038632","post","type-post","status-publish","format-standard","has-post-thumbnail","category-nuernberg","tag-bayern","tag-de","tag-deutschland","tag-ehefrau","tag-germany","tag-kinderkrankheiten","tag-krankenhaus","tag-ministerpraesident","tag-nuernberg","tag-soeder-markus"],"share_on_mastodon":{"url":"https:\/\/pubeurope.com\/@de\/116618787925523293","error":""},"_links":{"self":[{"href":"https:\/\/www.europesays.com\/de\/wp-json\/wp\/v2\/posts\/1038632","targetHints":{"allow":["GET"]}}],"collection":[{"href":"https:\/\/www.europesays.com\/de\/wp-json\/wp\/v2\/posts"}],"about":[{"href":"https:\/\/www.europesays.com\/de\/wp-json\/wp\/v2\/types\/post"}],"author":[{"embeddable":true,"href":"https:\/\/www.europesays.com\/de\/wp-json\/wp\/v2\/users\/2"}],"replies":[{"embeddable":true,"href":"https:\/\/www.europesays.com\/de\/wp-json\/wp\/v2\/comments?post=1038632"}],"version-history":[{"count":0,"href":"https:\/\/www.europesays.com\/de\/wp-json\/wp\/v2\/posts\/1038632\/revisions"}],"wp:featuredmedia":[{"embeddable":true,"href":"https:\/\/www.europesays.com\/de\/wp-json\/wp\/v2\/media\/1038633"}],"wp:attachment":[{"href":"https:\/\/www.europesays.com\/de\/wp-json\/wp\/v2\/media?parent=1038632"}],"wp:term":[{"taxonomy":"category","embeddable":true,"href":"https:\/\/www.europesays.com\/de\/wp-json\/wp\/v2\/categories?post=1038632"},{"taxonomy":"post_tag","embeddable":true,"href":"https:\/\/www.europesays.com\/de\/wp-json\/wp\/v2\/tags?post=1038632"}],"curies":[{"name":"wp","href":"https:\/\/api.w.org\/{rel}","templated":true}]}}