{"id":1038706,"date":"2026-05-22T15:30:15","date_gmt":"2026-05-22T15:30:15","guid":{"rendered":"https:\/\/www.europesays.com\/de\/1038706\/"},"modified":"2026-05-22T15:30:15","modified_gmt":"2026-05-22T15:30:15","slug":"proxmox-ve-9-2-mit-dynamic-load-balancer-und-linux-kernel-7-0","status":"publish","type":"post","link":"https:\/\/www.europesays.com\/de\/1038706\/","title":{"rendered":"Proxmox VE 9.2 mit Dynamic Load Balancer und Linux Kernel 7.0"},"content":{"rendered":"<p>Die Wiener Proxmox Server Solutions GmbH hat ihr Proxmox Virtual Environment (VE) 9.2 ver\u00f6ffentlicht. Es basiert auf Debian GNU\/Linux 13.5 \u201eTrixie\u201c einschlie\u00dflich aktualisierter Pakete und Bugfixes. Proxmox VE 9.2 verwendet einen angepassten Linux-Kernel 7.0. QEMU wurde auf Version 11.0 aktualisiert und sorgt f\u00fcr die Emulation und Virtualisierung der virtuellen Maschinen (VMs). F\u00fcr Linux-Container kommt LXC in Version 7.0 zum Einsatz. Den Storage-Stack bildet OpenZFS 2.4, verteilte Speicherl\u00f6sungen stellen Ceph 19.2.3 \u201eSquid\u201c oder Ceph 20.2.1 \u201eTentacle\u201c bereit.<\/p>\n<p>        Weiterlesen nach der Anzeige<\/p>\n<p>Als zentrale neue Funktion sieht das Proxmox-Team den neuen Dynamic Load Balancer. Im Modus f\u00fcr dynamisches Scheduling nutzt der Cluster Resource Scheduler (CRS) Echtzeitmetriken zur Ressourcen-Auslastung von Knoten und G\u00e4sten, um HA-verwaltete G\u00e4ste gleichm\u00e4\u00dfig \u00fcber den Cluster zu verteilen. Der neue Load-Balancer kann HA-verwaltete G\u00e4ste automatisch migrieren, um Ungleichgewichte bei der Auslastung der Cluster-Knoten zu reduzieren. Verhalten und Empfindlichkeit des Load-Balancers lassen sich \u00fcber verschiedene Parameter im HA-Bereich beziehungsweise in den Datacenter-Optionen anpassen.<\/p>\n<p>Verbesserungen am Software-Defined-Networking-Stack (SDN)<\/p>\n<p>Proxmox VE 9.2 erweitert seine M\u00f6glichkeiten, moderne Netzwerkarchitekturen zu unterst\u00fctzen. Neu sind dabei WireGuard und BGP als Fabric-Protokolle. Zudem unterst\u00fctzt Proxmox VE jetzt Route-Maps und Prefix-Lists f\u00fcr eine fein abgestufte Filterung von BGP- und EVPN-Routen. Ebenfalls neu sind die Weiterverteilung von Routen in OSPF-Fabrics, zus\u00e4tzliche Optionen zur Konfiguration von EVPN-Controllern sowie Unterst\u00fctzung f\u00fcr IPv6-Underlays in EVPN-Umgebungen.<\/p>\n<p>Benutzerdefinierte CPU-Modelle sollen es dem Administrator erm\u00f6glichen, ma\u00dfgeschneiderte virtuelle Prozessoren f\u00fcr spezielle Workloads zu definieren und gleichzeitig die verwendeten CPUs im Cluster zu standardisieren. Damit k\u00f6nnen unter anderem Kompatibilit\u00e4tsprobleme innerhalb des Clusters vermieden werden. Ein neuer Bereich unter \u201eDatacenter \/ Guest Resources\/Hardware\u201c erm\u00f6glicht das Erstellen, Bearbeiten und Entfernen eigener CPU-Modelle direkt in der Weboberfl\u00e4che. Der Auswahlbereich f\u00fcr CPU-Flags zeigt zudem die auf den einzelnen Cluster-Knoten unterst\u00fctzten Funktionen an.<\/p>\n<p>HA f\u00fcr Cluster-Wartungen deaktivierbar<\/p>\n<p>        Weiterlesen nach der Anzeige<\/p>\n<p>Bei Wartungsarbeiten im Proxmox-Cluster k\u00f6nnen HA-Dienste unter Umst\u00e4nden eher hinderlich statt hilfreich sein. \u00dcber die neuen CRM-Befehle \u201edisarm-ha\u201c und \u201earm-ha\u201c wird der HA-Stack in einem Rutsch clusterweit deaktiviert beziehungsweise sp\u00e4ter wieder aktiviert. So k\u00f6nnen geplante Wartungsarbeiten am gesamten Cluster einschlie\u00dflich \u00c4nderungen an der Cluster-Netzwerkkonfiguration problemlos durchgef\u00fchrt werden, ohne dass beispielsweise Fencing-Mechanismen f\u00fcr einzelne Knoten ausgel\u00f6st werden. Der Zustand der HA-Ressourcen bleibt w\u00e4hrend der Deaktivierung erhalten, sodass die Ressourcen nach Abschluss der Wartungsarbeiten automatisch in ihren vorherigen Zustand zur\u00fcckkehren.<\/p>\n<p>S\u00e4mtliche Verbesserungen und Neuerungen sowie m\u00f6gliche Probleme beim Upgrade von Proxmox VE 9.1 auf 9.2 beschreibt die <a href=\"https:\/\/pve.proxmox.com\/wiki\/Roadmap#Proxmox_VE_9.2\" rel=\"external noopener nofollow\" target=\"_blank\">Proxmox-Roadmap<\/a> detailliert. Proxmox VE 9.2 steht als Open-Source-Software ab sofort zum <a href=\"https:\/\/www.proxmox.com\/de\/downloads\" rel=\"external noopener nofollow\" target=\"_blank\">Download<\/a> bereit und kann kostenlos eingesetzt werden. Die Preise f\u00fcr optionale Support-Abonnements wurden moderat um gut vier Prozent erh\u00f6ht. Der Zugriff auf das Enterprise-Repository kostet <a href=\"https:\/\/www.proxmox.com\/en\/products\/proxmox-virtual-environment\/pricing\" rel=\"external noopener nofollow\" target=\"_blank\">nun ab 120 Euro netto pro Jahr<\/a>. Professioneller Support schl\u00e4gt je nach Paket mit 370 bis 1.100 Euro netto pro Jahr und CPU-Sockel zu Buche.<\/p>\n<p>(<a class=\"redakteurskuerzel__link\" href=\"https:\/\/www.heise.de\/news\/mailto:axk@heise.de\" title=\"Axel Kannenberg\" rel=\"nofollow noopener\" target=\"_blank\">axk<\/a>)<\/p>\n<p>\n      Dieser Link ist leider nicht mehr g\u00fcltig.\n    <\/p>\n<p>Links zu verschenkten Artikeln werden ung\u00fcltig,<br \/>\n      wenn diese \u00e4lter als 7\u00a0Tage sind oder zu oft aufgerufen wurden.\n    <\/p>\n<p><strong>Sie ben\u00f6tigen ein heise+ Paket, um diesen Artikel zu lesen. Jetzt eine Woche unverbindlich testen \u2013 ohne Verpflichtung!<\/strong><\/p>\n","protected":false},"excerpt":{"rendered":"Die Wiener Proxmox Server Solutions GmbH hat ihr Proxmox Virtual Environment (VE) 9.2 ver\u00f6ffentlicht. Es basiert auf Debian&hellip;\n","protected":false},"author":2,"featured_media":1038707,"comment_status":"","ping_status":"","sticky":false,"template":"","format":"standard","meta":{"footnotes":"","_share_on_mastodon":"0"},"categories":[135],"tags":[29,30,196,222680,1539,190,189,222681,194,191,1546,193,192],"class_list":["post-1038706","post","type-post","status-publish","format-standard","has-post-thumbnail","category-wissenschaft-technik","tag-deutschland","tag-germany","tag-it","tag-load-balancing","tag-proxmox","tag-science","tag-science-technology","tag-sdn","tag-technik","tag-technology","tag-virtualisierung","tag-wissenschaft","tag-wissenschaft-technik"],"share_on_mastodon":{"url":"https:\/\/pubeurope.com\/@de\/116618947973982294","error":""},"_links":{"self":[{"href":"https:\/\/www.europesays.com\/de\/wp-json\/wp\/v2\/posts\/1038706","targetHints":{"allow":["GET"]}}],"collection":[{"href":"https:\/\/www.europesays.com\/de\/wp-json\/wp\/v2\/posts"}],"about":[{"href":"https:\/\/www.europesays.com\/de\/wp-json\/wp\/v2\/types\/post"}],"author":[{"embeddable":true,"href":"https:\/\/www.europesays.com\/de\/wp-json\/wp\/v2\/users\/2"}],"replies":[{"embeddable":true,"href":"https:\/\/www.europesays.com\/de\/wp-json\/wp\/v2\/comments?post=1038706"}],"version-history":[{"count":0,"href":"https:\/\/www.europesays.com\/de\/wp-json\/wp\/v2\/posts\/1038706\/revisions"}],"wp:featuredmedia":[{"embeddable":true,"href":"https:\/\/www.europesays.com\/de\/wp-json\/wp\/v2\/media\/1038707"}],"wp:attachment":[{"href":"https:\/\/www.europesays.com\/de\/wp-json\/wp\/v2\/media?parent=1038706"}],"wp:term":[{"taxonomy":"category","embeddable":true,"href":"https:\/\/www.europesays.com\/de\/wp-json\/wp\/v2\/categories?post=1038706"},{"taxonomy":"post_tag","embeddable":true,"href":"https:\/\/www.europesays.com\/de\/wp-json\/wp\/v2\/tags?post=1038706"}],"curies":[{"name":"wp","href":"https:\/\/api.w.org\/{rel}","templated":true}]}}