{"id":1038906,"date":"2026-05-22T17:27:14","date_gmt":"2026-05-22T17:27:14","guid":{"rendered":"https:\/\/www.europesays.com\/de\/1038906\/"},"modified":"2026-05-22T17:27:14","modified_gmt":"2026-05-22T17:27:14","slug":"britische-polizei-prueft-vorwurf-sexuellen-fehlverhaltens-gegen-ex-royal-andrew","status":"publish","type":"post","link":"https:\/\/www.europesays.com\/de\/1038906\/","title":{"rendered":"Britische Polizei pr\u00fcft Vorwurf sexuellen Fehlverhaltens gegen Ex-Royal Andrew"},"content":{"rendered":"<p>\n         Zuerst ver\u00f6ffentlicht am<br \/>\n            22\/05\/2026 &#8211; 17:00 MESZ\n            <\/p>\n<p>Die Polizei in Gro\u00dfbritannien ermittelt gegen den fr\u00fcheren Prinz Andrew. Sie erkl\u00e4rte am Freitag, sie sei bereit, einen Vorwurf sexuellen Fehlverhaltens gegen den Bruder von K\u00f6nig Charles zu pr\u00fcfen.<\/p>\n<p>          <img decoding=\"async\" class=\"c-ad__placeholder__logo\" src=\"https:\/\/static.euronews.com\/website\/images\/logos\/logo-euronews-stacked-outlined-72x72-grey-9.svg\" width=\"72\" height=\"72\" alt=\"\" loading=\"lazy\"\/><br \/>\n          WERBUNG<\/p>\n<p>          <img decoding=\"async\" class=\"c-ad__placeholder__logo\" src=\"https:\/\/static.euronews.com\/website\/images\/logos\/logo-euronews-stacked-outlined-72x72-grey-9.svg\" width=\"72\" height=\"72\" alt=\"\" loading=\"lazy\"\/><br \/>\n          WERBUNG<\/p>\n<p>Andrew Mountbatten-Windsor, der zweite der drei S\u00f6hne der verstorbenen K\u00f6nigin Elizabeth, wurde Mitte Februar festgenommen. Ausl\u00f6ser waren neue Enth\u00fcllungen \u00fcber seine Verbindungen zu dem inzwischen verstorbenen US-Sexualstraft\u00e4ter Jeffrey Epstein.<\/p>\n<p>Ermittler der Polizeibeh\u00f6rde Thames Valley erkl\u00e4rten, sie st\u00fcnden in Kontakt mit der Anw\u00e4ltin eines m\u00f6glichen Opfers. Zuvor hatte es Berichte gegeben, wonach eine Frau &#8222;zu sexuellen Zwecken&#8220; nach Windsor westlich von London gebracht worden sein soll, wo Andrew auf dem Anwesen der K\u00f6nigsfamilie lebte.<\/p>\n<p>Die Beamten gehen bereits Hinweisen nach, wonach Andrew w\u00e4hrend seiner Zeit als Handelsgesandter des Vereinigten K\u00f6nigreichs \u00fcber rund ein Jahrzehnt hinweg vertrauliche Informationen mit dem in Ungnade gefallenen Finanzier Epstein geteilt haben soll.<\/p>\n<p>Die Beh\u00f6rde erkl\u00e4rte, ihre Untersuchung beleuchte &#8222;eine Reihe von Aspekten des mutma\u00dflichen Fehlverhaltens&#8220; nach der Ver\u00f6ffentlichung von Unterlagen auf Grundlage des Epstein Files Transparency Act in den USA.<\/p>\n<p>Neben den Ermittlungen wegen mutma\u00dflichen Fehlverhaltens im Staatsdienst laufe &#8222;die Bewertung von Hinweisen, wonach im Jahr 2010 eine Frau zu sexuellen Zwecken an eine Adresse in Windsor gebracht wurde&#8220;. <\/p>\n<p>&#8222;Wir stehen mit der rechtlichen Vertretung der Frau in Kontakt, um zu best\u00e4tigen, dass eine m\u00f6gliche Anzeige bei der Polizei ernst genommen und mit Sorgfalt und Sensibilit\u00e4t sowie unter Wahrung ihrer Privatsph\u00e4re und ihres Rechts auf Anonymit\u00e4t behandelt w\u00fcrde\u201c, <a href=\"https:\/\/www.thamesvalley.police.uk\/news\/thames-valley\/news\/2026\/may\/w.c.-16-05-2026\/thames-valley-police-is-continuing-an-investigation-into-misconduct-in-public-office\/\" target=\"_blank\" rel=\"noreferrer nofollow noopener\"><strong>hie\u00df es weiter in der Mitteilung (Quelle auf Englisch)<\/strong><\/a>.<\/p>\n<p>Die Polizei erneuerte ihren Aufruf an alle, die relevante Informationen haben, sich zu melden.<\/p>\n<p><strong>Skandal um Andrew Mountbatten-Windsor: K\u00f6nig entzieht Titel<\/strong><\/p>\n<p>Nach seiner Festnahme im Februar vernahm die Polizei Mountbatten-Windsor stundenlang auf einer Wache. Es geht um den Verdacht des Fehlverhaltens im Staatsdienst w\u00e4hrend seiner Reisen als Handelsgesandter des Vereinigten K\u00f6nigreichs in den Jahren 2001 bis 2011.<\/p>\n<p>Mountbatten-Windsor weist alle Vorw\u00fcrfe zur\u00fcck. Anklage wurde bislang nicht erhoben, er gilt jedoch weiterhin als Beschuldigter.<\/p>\n<p>Im Oktober entzog ihm der K\u00f6nig seine verbliebenen royalen Titel. Hintergrund ist der wachsende Skandal um Andrews Verbindungen zu Epstein, der 2019 in der Haft starb.<\/p>\n<p>Zudem musste er seine fr\u00fchere Residenz, die Royal Lodge in Windsor, r\u00e4umen. Inzwischen lebt er auf dem privaten Landsitz des K\u00f6nigs in Sandringham in der ostenglischen Grafschaft Norfolk.<\/p>\n<p>Vorw\u00fcrfe m\u00f6glichen sexuellen Fehlverhaltens in der Royal Lodge waren Anfang dieses Jahres aufgekommen.<\/p>\n<p>Der Anwalt Brad Edwards von der US-Kanzlei Edwards Henderson berichtete der BBC im Januar, eine Frau \u2013 keine Britin und damals in ihren Zwanzigern \u2013 habe 2010 nach einer angeblich gemeinsam mit Andrew verbrachten Nacht in seinem Wohnsitz in Windsor eine F\u00fchrung durch den Buckingham-Palast erhalten und dort Tee getrunken.<\/p>\n<p>&#8222;Es geht um mindestens eine Frau, die Jeffrey Epstein zu Prinz Andrew geschickt hat&#8220;, wurde der Anwalt zitiert.<\/p>\n","protected":false},"excerpt":{"rendered":"Zuerst ver\u00f6ffentlicht am 22\/05\/2026 &#8211; 17:00 MESZ Die Polizei in Gro\u00dfbritannien ermittelt gegen den fr\u00fcheren Prinz Andrew. Sie&hellip;\n","protected":false},"author":2,"featured_media":1038907,"comment_status":"","ping_status":"","sticky":false,"template":"","format":"standard","meta":{"footnotes":"","_share_on_mastodon":"0"},"categories":[3976],"tags":[331,332,13,23542,14,15,121,12,5502,3992,3993,3994,3995,3996,3997],"class_list":["post-1038906","post","type-post","status-publish","format-standard","has-post-thumbnail","category-vereinigtes-koenigreich","tag-aktuelle-nachrichten","tag-aktuelle-news","tag-headlines","tag-jeffrey-epstein","tag-nachrichten","tag-news","tag-polizei","tag-schlagzeilen","tag-sexueller-missbrauch","tag-uk","tag-united-kingdom","tag-united-kingdom-of-great-britain-and-northern-ireland","tag-vereinigtes-koenigreich","tag-vereinigtes-koenigreich-grossbritannien-und-nordirland","tag-vereinigtes-koenigreich-von-grossbritannien-und-nordirland"],"share_on_mastodon":{"url":"https:\/\/pubeurope.com\/@de\/116619407946673846","error":""},"_links":{"self":[{"href":"https:\/\/www.europesays.com\/de\/wp-json\/wp\/v2\/posts\/1038906","targetHints":{"allow":["GET"]}}],"collection":[{"href":"https:\/\/www.europesays.com\/de\/wp-json\/wp\/v2\/posts"}],"about":[{"href":"https:\/\/www.europesays.com\/de\/wp-json\/wp\/v2\/types\/post"}],"author":[{"embeddable":true,"href":"https:\/\/www.europesays.com\/de\/wp-json\/wp\/v2\/users\/2"}],"replies":[{"embeddable":true,"href":"https:\/\/www.europesays.com\/de\/wp-json\/wp\/v2\/comments?post=1038906"}],"version-history":[{"count":0,"href":"https:\/\/www.europesays.com\/de\/wp-json\/wp\/v2\/posts\/1038906\/revisions"}],"wp:featuredmedia":[{"embeddable":true,"href":"https:\/\/www.europesays.com\/de\/wp-json\/wp\/v2\/media\/1038907"}],"wp:attachment":[{"href":"https:\/\/www.europesays.com\/de\/wp-json\/wp\/v2\/media?parent=1038906"}],"wp:term":[{"taxonomy":"category","embeddable":true,"href":"https:\/\/www.europesays.com\/de\/wp-json\/wp\/v2\/categories?post=1038906"},{"taxonomy":"post_tag","embeddable":true,"href":"https:\/\/www.europesays.com\/de\/wp-json\/wp\/v2\/tags?post=1038906"}],"curies":[{"name":"wp","href":"https:\/\/api.w.org\/{rel}","templated":true}]}}