{"id":1038973,"date":"2026-05-22T18:06:49","date_gmt":"2026-05-22T18:06:49","guid":{"rendered":"https:\/\/www.europesays.com\/de\/1038973\/"},"modified":"2026-05-22T18:06:49","modified_gmt":"2026-05-22T18:06:49","slug":"keine-zuege-zwischen-stade-und-hamburg","status":"publish","type":"post","link":"https:\/\/www.europesays.com\/de\/1038973\/","title":{"rendered":"Keine Z\u00fcge zwischen Stade und Hamburg"},"content":{"rendered":"<p>&#13;<br \/>\n            Landkreis Stade. Wie die Eisenbahngesellschaft metronom auf seiner Internetseite mitteilt, ist die Bahnstrecke zwischen Harburg und Hamburg Hauptbahnhof aktuell gesperrt. \u201eDie Oberleitung ist defekt, alle Z\u00fcge werden zur\u00fcckgehalten\u201c, hei\u00dft es in der Mitteilung. <\/p>\n<p>          &#13;<br \/>\n            Feuerwehreinsatz im Harburger Tunnel st\u00f6rt Schienenersatzverkehr <\/p>\n<p>Und auch zwischen Harburg und Stade kam der Bahnverkehr am Abend zum Erliegen. Nach Angaben der S-Bahn Hamburg fuhren gegen 18.30 Uhr keine S-Bahnen zwischen Wilhelmsburg und Stade. \u201eDer Grund ist ein Feuerwehreinsatz\u201c, teilte die S-Bahn Hamburg mit.  <\/p>\n<p>Ein Feuer im S-Bahn-Tunnel in Hamburg-Harburg hatte den Gro\u00dfeinsatz der Feuerwehr ausgel\u00f6st und die laufenden Abbauarbeiten der Tunnelbaustelle kurzzeitig unterbrochen. Mehr als 45 Einsatzkr\u00e4fte waren im Einsatz. <\/p>\n<p>Gegen 17.47 Uhr wurde der Feuerwehr eine starke Verrauchung im Harburg-Tunnel gemeldet. Dort ruht seit rund zwei Wochen der S-Bahn-Verkehr aufgrund umfangreicher Bauarbeiten. Arbeiter erneuern derzeit die Technik und schleifen die Gleise im Tunnelbereich. <\/p>\n<p>Unrat im Tunnel ger\u00e4t zwischen Heimfeld und Harburg-Rathaus in Brand <\/p>\n<p>Nach ersten Erkenntnissen geriet bei den Abbauarbeiten offenbar eine kleinere Menge Unrat im Tunnel in Brand. Aufgrund der starken Rauchentwicklung gingen die Einsatzkr\u00e4fte zun\u00e4chst von einem Kabelbrand aus. Dieser Verdacht best\u00e4tigte sich jedoch nicht. <\/p>\n<p>Der Brand ereignete sich zwischen den S-Bahn-Stationen Harburg Rathaus und Heimfeld. Zahlreiche Bauarbeiter brachten sich \u00fcber einen Notausstieg am Schwarzenberg-Campus sowie \u00fcber den Bahnsteig der Station Harburg Rathaus in Sicherheit. <\/p>\n<p>Zwei Angriffstrupps der Feuerwehr lokalisierten das Feuer schlie\u00dflich aus beiden Richtungen kommend zwischen den Stationen und l\u00f6schten den Brand mit einem Feuerl\u00f6scher ab. Verletzt wurde bei dem Einsatz niemand. Alle Bauarbeiter konnten den Tunnel rechtzeitig verlassen. <\/p>\n<p>Einschr\u00e4nkungen im Schienenersatzverkehr <\/p>\n<p>Durch den Feuerwehreinsatz kam es jedoch erneut zu massiven Behinderungen im Schienenersatzverkehr der S-Bahn. Die Sperrung endet planm\u00e4\u00dfig mit der Wiederaufnahme des S-Bahn-Verkehrs am Samstagmorgen. <\/p>\n<p>Lesen Sie auch<\/p>\n<p>  &#13;<\/p>\n<p>          &#13;<br \/>\n            <a href=\"https:\/\/www.tageblatt.de\/Nachrichten\/Im-S-Bahn-Tunnel-So-machen-die-Bauarbeiten-in-Harburg-den-Bahnverkehr-besser-743951.html\" rel=\"nofollow noopener\" target=\"_blank\">&#13;<br \/>\n              <img decoding=\"async\" class=\"img-responsive\"   src=\"https:\/\/www.europesays.com\/de\/wp-content\/uploads\/2026\/05\/Mit-Blick-auf-ein-Display-begleitet-ein-Arbeiter-den-1312378m.jpg\" loading=\"lazy\" title=\"Im S-Bahn-Tunnel: So machen die Bauarbeiten in Harburg den Bahnverkehr besser\" alt=\"Mit Blick auf ein Display begleitet ein Arbeiter den Spezialzug beim Fr\u00e4sen der Schiene. Die Maschine tr\u00e4gt d\u00fcnne Metallschichten ab und saugt die entstehenden Fr\u00e4ssp\u00e4ne auf.\" style=\"object-position:27.923378652416470658% 42.450781442128651122%;\"\/>&#13;<br \/>\n            <\/a>&#13;<\/p>\n<p>    &#13;<\/p>\n<p>  &#13;<\/p>\n<p>          &#13;<br \/>\n            <a href=\"https:\/\/www.tageblatt.de\/Nachrichten\/Bauarbeiten-im-S-Bahn-Tunnel-Faehrt-die-S5-ab-morgen-wieder-wie-geplant-743817.html\" rel=\"nofollow noopener\" target=\"_blank\">&#13;<br \/>\n              <img decoding=\"async\" class=\"img-responsive\"   src=\"https:\/\/www.europesays.com\/de\/wp-content\/uploads\/2026\/05\/Die-Bauarbeiten-zur-Generalueberholung-des-Harburger-S-1311938m.jpg\" loading=\"lazy\" title=\"Bauarbeiten im S-Bahn-Tunnel: F\u00e4hrt die S5 ab morgen wieder wie geplant?\" alt=\"Die Bauarbeiten zur General\u00fcberholung des Harburger S-Bahntunnels sind auf der Zielgeraden. Ein Schienenfr\u00e4szug f\u00e4hrt am vergangenen Donnerstagabend um 21.58 Uhr durch den gesperrten S-Bahnhof Harburg Rathaus.\"\/>&#13;<br \/>\n            <\/a>&#13;<\/p>\n<p>    &#13;<\/p>\n<p>Seit dem 10. Mai und noch bis 1 Uhr am Samstag (23. Mai) fahren zwischen Wilhelmsburg und Neugraben Busse statt S-Bahnen aufgrund der umfangreichen Instandhaltungsarbeiten im Harburger Tunnel. Auch die Buxtehuder Stra\u00dfe ist aufgrund eines Wasserrohrbruchs weiterhin nur eingeschr\u00e4nkt befahrbar. <\/p>\n<p>(tom\/Lenthe) <\/p>\n<p>Copyright \u00a9 2026 TAGEBLATT | Weiterverwendung und -verbreitung nur mit Genehmigung.<\/p>\n","protected":false},"excerpt":{"rendered":"&#13; Landkreis Stade. Wie die Eisenbahngesellschaft metronom auf seiner Internetseite mitteilt, ist die Bahnstrecke zwischen Harburg und Hamburg&hellip;\n","protected":false},"author":2,"featured_media":1038974,"comment_status":"","ping_status":"","sticky":false,"template":"","format":"standard","meta":{"footnotes":"","_share_on_mastodon":"0"},"categories":[1826],"tags":[2226,29,184314,30,692,1949,20656,85772,35798,8,123672],"class_list":["post-1038973","post","type-post","status-publish","format-standard","has-post-thumbnail","category-hamburg","tag-bahnstrecke","tag-deutschland","tag-erzhlmirneues_tb","tag-germany","tag-hamburg","tag-s-bahn","tag-s-bahnen","tag-s5","tag-streckensperrung","tag-top-meldungen","tag-userneeds_tb"],"share_on_mastodon":{"url":"https:\/\/pubeurope.com\/@de\/116619566566529240","error":""},"_links":{"self":[{"href":"https:\/\/www.europesays.com\/de\/wp-json\/wp\/v2\/posts\/1038973","targetHints":{"allow":["GET"]}}],"collection":[{"href":"https:\/\/www.europesays.com\/de\/wp-json\/wp\/v2\/posts"}],"about":[{"href":"https:\/\/www.europesays.com\/de\/wp-json\/wp\/v2\/types\/post"}],"author":[{"embeddable":true,"href":"https:\/\/www.europesays.com\/de\/wp-json\/wp\/v2\/users\/2"}],"replies":[{"embeddable":true,"href":"https:\/\/www.europesays.com\/de\/wp-json\/wp\/v2\/comments?post=1038973"}],"version-history":[{"count":0,"href":"https:\/\/www.europesays.com\/de\/wp-json\/wp\/v2\/posts\/1038973\/revisions"}],"wp:featuredmedia":[{"embeddable":true,"href":"https:\/\/www.europesays.com\/de\/wp-json\/wp\/v2\/media\/1038974"}],"wp:attachment":[{"href":"https:\/\/www.europesays.com\/de\/wp-json\/wp\/v2\/media?parent=1038973"}],"wp:term":[{"taxonomy":"category","embeddable":true,"href":"https:\/\/www.europesays.com\/de\/wp-json\/wp\/v2\/categories?post=1038973"},{"taxonomy":"post_tag","embeddable":true,"href":"https:\/\/www.europesays.com\/de\/wp-json\/wp\/v2\/tags?post=1038973"}],"curies":[{"name":"wp","href":"https:\/\/api.w.org\/{rel}","templated":true}]}}