{"id":1038983,"date":"2026-05-22T18:13:01","date_gmt":"2026-05-22T18:13:01","guid":{"rendered":"https:\/\/www.europesays.com\/de\/1038983\/"},"modified":"2026-05-22T18:13:01","modified_gmt":"2026-05-22T18:13:01","slug":"linke-buchtage-berlin-im-kreuzberger-mehringhof","status":"publish","type":"post","link":"https:\/\/www.europesays.com\/de\/1038983\/","title":{"rendered":"Linke Buchtage Berlin im Kreuzberger Mehringhof"},"content":{"rendered":"<p>In \u00fcber 30 Veranstaltungen pr\u00e4sentieren und diskutieren Autor:innen die j\u00fcngsten Neuerscheinungen linker und unabh\u00e4ngiger Verlage, so die Ank\u00fcndigung. Das vielf\u00e4ltige Programm soll einen Querschnitt aktueller gesellschaftspolitischer Fragen abbilden, Denkanst\u00f6\u00dfe geben und zur gemeinsamen Debatte einladen:<\/p>\n<p>Von feministischer Kritik am misogynen &#8222;Bitch Hunt&#8220; \u00fcber Reportagen zum Rechtsruck in Ostdeutschland bis zur Faschismustheorie als \u00a0literarischer Gattung: Die diesj\u00e4hrigen 23.\u00a0<strong>Linken Buchtage Berlin<\/strong> wollen aktuelle Analysen und widerst\u00e4ndige Perspektiven auf gesellschaftliche Konflikte der Gegenwart versammeln. Zudem gehe es um die Geschichte der Behindertenbewegung, antimilitaristische Positionen angesichts globaler Aufr\u00fcstung sowie solidarische und emanzipatorische Perspektiven auf soziale K\u00e4mpfe.\u00a0<\/p>\n<p>Parallel zu Buchvorstellungen und Podien l\u00e4dt eine Vielfalt linker und unabh\u00e4ngiger Verlage auf zwei Etagen zum Erkunden ihrer aktuellen Programme ein. Die begleitende <strong>Comic-Ausstellung<\/strong> &#8222;Gerahmte Diskurse&#8220; erg\u00e4nze das Programm mit visuellen Beitr\u00e4gen.<\/p>\n<p>Alle Veranstaltungen finden in den R\u00e4umen des <strong>Kreuzberger Mehringhofs<\/strong> statt, Gneisenaustr. 2A, 10961 Berlin, 2. Hinterhof. Zu erreichen \u00fcber den nah gelegenen U-Bahnhof Mehringdamm mit den Linien U6 \/ U7<\/p>\n<p>Das vollst\u00e4ndige Programm und alle weiteren Information finden sich unter: <a href=\"http:\/\/www.linkebuchtage.de\" rel=\"nofollow noopener\" target=\"_blank\">www.linkebuchtage.de<\/a> oder auf Instagram: <a href=\"https:\/\/www.instagram.com\/linke_buchtage_berlin\/\" rel=\"nofollow noopener\" target=\"_blank\">https:\/\/www.instagram.com\/linke_buchtage_berlin\/<\/a><\/p>\n<p><script async src=\"\/\/www.instagram.com\/embed.js\"><\/script><\/p>\n","protected":false},"excerpt":{"rendered":"In \u00fcber 30 Veranstaltungen pr\u00e4sentieren und diskutieren Autor:innen die j\u00fcngsten Neuerscheinungen linker und unabh\u00e4ngiger Verlage, so die Ank\u00fcndigung.&hellip;\n","protected":false},"author":2,"featured_media":1038984,"comment_status":"","ping_status":"","sticky":false,"template":"","format":"standard","meta":{"footnotes":"","_share_on_mastodon":"0"},"categories":[1825],"tags":[20116,296,29,30,54754],"class_list":["post-1038983","post","type-post","status-publish","format-standard","has-post-thumbnail","category-berlin","tag-alle-news-aus-der-buchbranche","tag-berlin","tag-deutschland","tag-germany","tag-verlage"],"share_on_mastodon":{"url":"https:\/\/pubeurope.com\/@de\/116619588625834239","error":""},"_links":{"self":[{"href":"https:\/\/www.europesays.com\/de\/wp-json\/wp\/v2\/posts\/1038983","targetHints":{"allow":["GET"]}}],"collection":[{"href":"https:\/\/www.europesays.com\/de\/wp-json\/wp\/v2\/posts"}],"about":[{"href":"https:\/\/www.europesays.com\/de\/wp-json\/wp\/v2\/types\/post"}],"author":[{"embeddable":true,"href":"https:\/\/www.europesays.com\/de\/wp-json\/wp\/v2\/users\/2"}],"replies":[{"embeddable":true,"href":"https:\/\/www.europesays.com\/de\/wp-json\/wp\/v2\/comments?post=1038983"}],"version-history":[{"count":0,"href":"https:\/\/www.europesays.com\/de\/wp-json\/wp\/v2\/posts\/1038983\/revisions"}],"wp:featuredmedia":[{"embeddable":true,"href":"https:\/\/www.europesays.com\/de\/wp-json\/wp\/v2\/media\/1038984"}],"wp:attachment":[{"href":"https:\/\/www.europesays.com\/de\/wp-json\/wp\/v2\/media?parent=1038983"}],"wp:term":[{"taxonomy":"category","embeddable":true,"href":"https:\/\/www.europesays.com\/de\/wp-json\/wp\/v2\/categories?post=1038983"},{"taxonomy":"post_tag","embeddable":true,"href":"https:\/\/www.europesays.com\/de\/wp-json\/wp\/v2\/tags?post=1038983"}],"curies":[{"name":"wp","href":"https:\/\/api.w.org\/{rel}","templated":true}]}}