{"id":103910,"date":"2025-05-12T05:18:09","date_gmt":"2025-05-12T05:18:09","guid":{"rendered":"https:\/\/www.europesays.com\/de\/103910\/"},"modified":"2025-05-12T05:18:09","modified_gmt":"2025-05-12T05:18:09","slug":"der-us-ueberblick-am-morgen-donald-trump-will-us-medikamente-verbilligen-zweifel-an-ukrainedeal","status":"publish","type":"post","link":"https:\/\/www.europesays.com\/de\/103910\/","title":{"rendered":"Der US-\u00dcberblick am Morgen: Donald Trump will US-Medikamente verbilligen, Zweifel an Ukrainedeal"},"content":{"rendered":"<p>    \u00dcbersicht:<br \/>\n            Trump will Arzneimittelpreise per Erlass senken<\/p>\n<p class=\"paragraph article__item\">US-Pr\u00e4sident <a href=\"https:\/\/www.zeit.de\/thema\/donald-trump\" class=\"\" target=\"_blank\" rel=\"noopener\">Donald Trump<\/a> will die Preise f\u00fcr verschreibungspflichtige Medikamente in den <a class=\"rtr-entity\" href=\"https:\/\/www.zeit.de\/thema\/usa\" target=\"_blank\" rel=\"noopener\">USA<\/a> senken. Auf seiner Onlineplattform Truth Social k\u00fcndigt er f\u00fcr Montag ein entsprechendes Dekret an. Damit w\u00fcrden US-Medikamentenpreise &#8222;fast sofort&#8220; um 30 bis 80<br \/>\nProzent sinken. In den USA setzt die Pharmaindustrie bisher ma\u00dfgeblich die Arzneimittelpreise fest \u2013 der staatliche Einfluss ist begrenzt. Im internationalen<br \/>\nVergleich sind viele Medikamente in den USA deshalb deutlich teurer.  &#8222;Weltweit werden die Preise steigen, um ein<br \/>\nGleichgewicht zu schaffen und \u2013 zum ersten Mal seit vielen Jahren \u2013<br \/>\nGerechtigkeit f\u00fcr Amerika zu bringen!&#8220; k\u00fcndigte Trump an. Weitere Einzelheiten sollen am Montag folgen. Schon w\u00e4hrend seiner ersten Amtszeit zwischen 2017 und 2021 hatte Trump versucht, die Medikamentenpreise zu senken, war aber am Widerstand der Pharmakonzerne gescheitert.\n<\/p>\n<p>                            USA und China erzielen Konsens im Handelsstreit<\/p>\n<p class=\"paragraph article__item\">Regierungsvertreter <a class=\"rtr-entity\" href=\"https:\/\/www.zeit.de\/thema\/china\" target=\"_blank\" rel=\"noopener\">Chinas<\/a> und der <a href=\"https:\/\/www.zeit.de\/thema\/usa\" class=\"\" target=\"_blank\" rel=\"noopener\">USA<\/a><br \/>\n haben bei Gespr\u00e4chen \u00fcber ihren Zollkonflikt nach Angaben der<br \/>\nchinesischen Delegation eine &#8222;Reihe wichtiger \u00dcbereinstimmungen&#8220;<br \/>\nerreicht. Beiden Seiten h\u00e4tten sich geeinigt, einen<br \/>\nMechanismus f\u00fcr Beratungen zu Wirtschaft und Handel einzurichten, sagte<br \/>\nVizeministerpr\u00e4sident He Lifeng laut chinesischen Staatsmedien.<br \/>\n Der US-Handelsbeauftragte Jamieson Greer, der zusammen mit<br \/>\nUS-Finanzminister Scott Bessent an den Gespr\u00e4chen teilgenommen hatte,<br \/>\nsprach von einem &#8222;Deal&#8220;. Bessent von &#8222;substanziellen<br \/>\nFortschritten&#8220;. Ob es auch um den<br \/>\nAbbau von Z\u00f6llen ging, blieb offen.  Am Montag wollen <a class=\"rtr-entity\" href=\"https:\/\/www.zeit.de\/thema\/china\" target=\"_blank\" rel=\"noopener\">China<\/a> und die USA<br \/>\nEinzelheiten bekannt geben. <\/p>\n<p class=\"paragraph article__item\"><a href=\"https:\/\/www.zeit.de\/politik\/ausland\/2025-05\/usa-china-handelsdefizit-zoelle-jamieson-greer\" class=\"\" target=\"_blank\" rel=\"noopener\">Hier lesen Sie mehr zur \u00dcbereinkunft zwischen USA und China<\/a>.\n<\/p>\n<p>                    Trump will laut Berichten Luxusjet aus Katar als Geschenk annehmen<\/p>\n<p class=\"paragraph article__item\">US-Pr\u00e4sident <a href=\"https:\/\/www.zeit.de\/thema\/donald-trump\" class=\"\" target=\"_blank\" rel=\"noopener\">Trump<\/a> will US-Medienberichten zufolge einen vom K\u00f6nigshaus in <a href=\"https:\/\/www.zeit.de\/politik\/ausland\/2025-04\/israel-benjamin-netanjahu-katar-affaere-bestechungsverdacht-festnahme-mitarbeiter\" class=\"\" target=\"_blank\" rel=\"noopener\">Katar<\/a><br \/>\n als Geschenk angebotenen Luxusjet als neue Pr\u00e4sidentenmaschine Air<br \/>\nForce One annehmen \u2013 und das Flugzeug auch nach dem Ausscheiden aus dem<br \/>\nAmt behalten. Zuerst berichtete der Sender ABC News am Sonntag dar\u00fcber<br \/>\nund bezeichnete das Flugzeug als einen &#8222;fliegenden Palast&#8220;. Der Jumbojet<br \/>\n vom Typ Boeing 747-8 sei wom\u00f6glich das teuerste Geschenk, das die<br \/>\nUS-Regierung je erhalten habe.<br \/>\nAuch die New York Times berichtete \u00fcber die Sache. Eine Sprecherin des Wei\u00dfen Hauses widersprach Vorw\u00fcrfen von Bestechung.\n<\/p>\n<p>                            \u00a9\u00a0Lea Dohle<\/p>\n<p>\n                    Newsletter<\/p>\n<p>                    Was jetzt? \u2013 Der t\u00e4gliche Morgen\u00fcberblick<\/p>\n<p class=\"newsletter-signup__text\">Starten Sie mit unserem kurzen Nachrichten-Newsletter in den Tag. Erhalten Sie zudem freitags den US-Sonderletter &#8222;Was jetzt, America?&#8220; sowie das digitale Magazin ZEIT am Wochenende.<\/p>\n<p class=\"newsletter-signup__datapolicy\" hidden=\"\">\n            Mit Ihrer Registrierung nehmen Sie die <a href=\"https:\/\/datenschutz.zeit.de\/zon#Newsletter\" target=\"_blank\" rel=\"noopener\">Datenschutzerkl\u00e4rung<\/a> zur Kenntnis.\n        <\/p>\n<p>    Vielen Dank! Wir haben Ihnen eine E-Mail geschickt.<\/p>\n<p>Pr\u00fcfen Sie Ihr Postfach und best\u00e4tigen Sie das Newsletter-Abonnement.<\/p>\n<p class=\"paragraph article__item\"><a href=\"https:\/\/www.zeit.de\/politik\/ausland\/2025-05\/air-force-one-katar-geschenk-bestechung-vorwurf-usa-praesident-donald-trump\" class=\"\" target=\"_blank\" rel=\"noopener\">Hier lesen Sie mehr \u00fcber den Luxusjet aus Katar<\/a>.\n<\/p>\n<p>            Trump h\u00e4lt Waffenruhedeal zwischen Ukraine und Russland f\u00fcr zweifelhaft<\/p>\n<p class=\"paragraph article__item\">Im Ringen um ein Ende des russischen Angriffskriegs in der <a class=\"rtr-entity\" href=\"https:\/\/www.zeit.de\/thema\/krieg-in-ukraine\" target=\"_blank\" rel=\"noopener\">Ukraine<\/a> hat US-Pr\u00e4sident Trump Zweifel angemeldet, dass Russlands Pr\u00e4sident <a href=\"https:\/\/www.zeit.de\/thema\/wladimir-putin\" class=\"\" target=\"_blank\" rel=\"noopener\">Wladimir Putin<\/a> ein Waffenruheabkommen mit der Ukraine schlie\u00dfen wolle. &#8222;Ich beginne daran zu zweifeln, dass die Ukraine einen Deal mit Putin schlie\u00dfen wird&#8220;, schrieb Trump. Er dr\u00e4ngte den ukrainischen Pr\u00e4sidenten <a href=\"https:\/\/www.zeit.de\/thema\/wolodymyr-selenskyj\" class=\"\" target=\"_blank\" rel=\"noopener\">Wolodymyr Selenskyj<\/a> dazu, &#8222;sofort&#8220; auf Putins Vorschlag zu einem pers\u00f6nlichen Treffen einzugehen. Nur dann w\u00fcssten <a href=\"https:\/\/www.zeit.de\/politik\/ausland\/2025-05\/junge-maenner-ukraine-kriegsdienst-verweigern-kritik-nationalismus\" class=\"\" target=\"_blank\" rel=\"noopener\">die Ukrainer<\/a>,<br \/>\n die europ\u00e4ischen Partner und die USA, woran sie seien und k\u00f6nnten<br \/>\nentsprechend handeln, schrieb Trump auf seiner Plattform Truth Social. Selenskyj will Putin nun am Donnerstag in der T\u00fcrkei treffen. Russlands Pr\u00e4sident teilte bislang nicht mit, ob er auf das Angebot eingehen will.\n<\/p>\n<p class=\"paragraph article__item\"><a href=\"https:\/\/www.zeit.de\/politik\/2025-05\/wolodymyr-selenskyj-wladimir-putin-tuerkei-ukraine\" class=\"\" target=\"_blank\" rel=\"noopener\">Hier lesen Sie mehr \u00fcber das m\u00f6gliche Treffen zwischen den Pr\u00e4sidenten Russlands und der Ukraine<\/a>.\n<\/p>\n<p class=\"paragraph article__item\"><a href=\"https:\/\/www.zeit.de\/politik\/ausland\/2025-02\/regierung-donald-trump-entscheidungen-dekrete-usa\" id=\"docs-internal-guid-2c394019-7fff-605c-4873-1080ddca036a\" target=\"_blank\" rel=\"noopener\">Lesen Sie hier eine Chronik der wichtigsten Entscheidungen seit dem Amtsantritt der US-Regierung<\/a>.<br \/><\/p>\n","protected":false},"excerpt":{"rendered":"\u00dcbersicht: Trump will Arzneimittelpreise per Erlass senken US-Pr\u00e4sident Donald Trump will die Preise f\u00fcr verschreibungspflichtige Medikamente in den&hellip;\n","protected":false},"author":2,"featured_media":103911,"comment_status":"","ping_status":"","sticky":false,"template":"","format":"standard","meta":{"footnotes":""},"categories":[5],"tags":[3057,41127,227,3939,106,13,579,14,15,16,307,12,14575,10,8,9,11,41126,64,306],"class_list":{"0":"post-103910","1":"post","2":"type-post","3":"status-publish","4":"format-standard","5":"has-post-thumbnail","7":"category-nachrichten","8":"tag-amerika","9":"tag-arzneimittelpreis","10":"tag-china","11":"tag-der-us-ueberblick-am-morgen","12":"tag-donald-trump","13":"tag-headlines","14":"tag-katar","15":"tag-nachrichten","16":"tag-news","17":"tag-politik","18":"tag-russland","19":"tag-schlagzeilen","20":"tag-scott-bessent","21":"tag-top-news","22":"tag-top-meldungen","23":"tag-topmeldungen","24":"tag-topnews","25":"tag-trump-zweifel","26":"tag-usa","27":"tag-wladimir-putin"},"share_on_mastodon":{"url":"https:\/\/pubeurope.com\/@de\/114493174740069000","error":""},"_links":{"self":[{"href":"https:\/\/www.europesays.com\/de\/wp-json\/wp\/v2\/posts\/103910","targetHints":{"allow":["GET"]}}],"collection":[{"href":"https:\/\/www.europesays.com\/de\/wp-json\/wp\/v2\/posts"}],"about":[{"href":"https:\/\/www.europesays.com\/de\/wp-json\/wp\/v2\/types\/post"}],"author":[{"embeddable":true,"href":"https:\/\/www.europesays.com\/de\/wp-json\/wp\/v2\/users\/2"}],"replies":[{"embeddable":true,"href":"https:\/\/www.europesays.com\/de\/wp-json\/wp\/v2\/comments?post=103910"}],"version-history":[{"count":0,"href":"https:\/\/www.europesays.com\/de\/wp-json\/wp\/v2\/posts\/103910\/revisions"}],"wp:featuredmedia":[{"embeddable":true,"href":"https:\/\/www.europesays.com\/de\/wp-json\/wp\/v2\/media\/103911"}],"wp:attachment":[{"href":"https:\/\/www.europesays.com\/de\/wp-json\/wp\/v2\/media?parent=103910"}],"wp:term":[{"taxonomy":"category","embeddable":true,"href":"https:\/\/www.europesays.com\/de\/wp-json\/wp\/v2\/categories?post=103910"},{"taxonomy":"post_tag","embeddable":true,"href":"https:\/\/www.europesays.com\/de\/wp-json\/wp\/v2\/tags?post=103910"}],"curies":[{"name":"wp","href":"https:\/\/api.w.org\/{rel}","templated":true}]}}