{"id":103918,"date":"2025-05-12T05:22:10","date_gmt":"2025-05-12T05:22:10","guid":{"rendered":"https:\/\/www.europesays.com\/de\/103918\/"},"modified":"2025-05-12T05:22:10","modified_gmt":"2025-05-12T05:22:10","slug":"hartmannsdorfer-feuerwehr-steuert-auf-einsatz-rekord-zu","status":"publish","type":"post","link":"https:\/\/www.europesays.com\/de\/103918\/","title":{"rendered":"Hartmannsdorfer Feuerwehr steuert auf Einsatz-Rekord zu"},"content":{"rendered":"<p class=\"bold\">\n\t\t\t\t\t\t\t\t\t\tImmer h\u00e4ufiger m\u00fcssen die Einsatzkr\u00e4fte der freiwilligen Feuerwehr in Hartmannsdorf ausr\u00fccken. Sorgen macht sich die neu gew\u00e4hlte F\u00fchrungsspitze aus einem anderen Grund.\t\t\t\t<\/p>\n<p>\t\t\t\t An der Autobahn-Anschlussstelle in Hartmannsdorf hat es vor wenigen Tagen erneut gekracht. Es war nicht der erste schwere Unfall in diesem Bereich innerhalb weniger Monate. Im Januar kamen bei einem Frontalcrash zwei Autofahrer ums Leben. Wie Wehrleiter Ren\u00e9 B\u00f6hme sagte, deutet in diesem Jahr zudem einiges darauf hin, dass die Hartmannsdorfer&#8230;<\/p>\n<p>\t\t<img decoding=\"async\" class=\"fp-plus-logo\" src=\"https:\/\/www.europesays.com\/de\/wp-content\/uploads\/2025\/04\/fpplus.svg.svg+xml\" alt=\"Freie Presse plus Logo\"\/><\/p>\n<p>Registrieren und testen.<\/p>\n<p>Jetzt mit Ihrer Registrierung 1 Monat gratis testen und alle Beitr\u00e4ge lesen.<\/p>\n<p>Schon Abonnent? Melden Sie sich mit ihren Zugangsdaten an.<\/p>\n","protected":false},"excerpt":{"rendered":"Immer h\u00e4ufiger m\u00fcssen die Einsatzkr\u00e4fte der freiwilligen Feuerwehr in Hartmannsdorf ausr\u00fccken. Sorgen macht sich die neu gew\u00e4hlte F\u00fchrungsspitze&hellip;\n","protected":false},"author":2,"featured_media":103919,"comment_status":"","ping_status":"","sticky":false,"template":"","format":"standard","meta":{"footnotes":""},"categories":[1851],"tags":[2770,3364,29,548,663,3934,30,13,2839,14,15,859,12],"class_list":{"0":"post-103918","1":"post","2":"type-post","3":"status-publish","4":"format-standard","5":"has-post-thumbnail","7":"category-chemnitz","8":"tag-chemnitz","9":"tag-de","10":"tag-deutschland","11":"tag-eu","12":"tag-europa","13":"tag-europe","14":"tag-germany","15":"tag-headlines","16":"tag-kommunalpolitik","17":"tag-nachrichten","18":"tag-news","19":"tag-sachsen","20":"tag-schlagzeilen"},"share_on_mastodon":{"url":"https:\/\/pubeurope.com\/@de\/114493190624525159","error":""},"_links":{"self":[{"href":"https:\/\/www.europesays.com\/de\/wp-json\/wp\/v2\/posts\/103918","targetHints":{"allow":["GET"]}}],"collection":[{"href":"https:\/\/www.europesays.com\/de\/wp-json\/wp\/v2\/posts"}],"about":[{"href":"https:\/\/www.europesays.com\/de\/wp-json\/wp\/v2\/types\/post"}],"author":[{"embeddable":true,"href":"https:\/\/www.europesays.com\/de\/wp-json\/wp\/v2\/users\/2"}],"replies":[{"embeddable":true,"href":"https:\/\/www.europesays.com\/de\/wp-json\/wp\/v2\/comments?post=103918"}],"version-history":[{"count":0,"href":"https:\/\/www.europesays.com\/de\/wp-json\/wp\/v2\/posts\/103918\/revisions"}],"wp:featuredmedia":[{"embeddable":true,"href":"https:\/\/www.europesays.com\/de\/wp-json\/wp\/v2\/media\/103919"}],"wp:attachment":[{"href":"https:\/\/www.europesays.com\/de\/wp-json\/wp\/v2\/media?parent=103918"}],"wp:term":[{"taxonomy":"category","embeddable":true,"href":"https:\/\/www.europesays.com\/de\/wp-json\/wp\/v2\/categories?post=103918"},{"taxonomy":"post_tag","embeddable":true,"href":"https:\/\/www.europesays.com\/de\/wp-json\/wp\/v2\/tags?post=103918"}],"curies":[{"name":"wp","href":"https:\/\/api.w.org\/{rel}","templated":true}]}}