{"id":1039197,"date":"2026-05-22T20:42:15","date_gmt":"2026-05-22T20:42:15","guid":{"rendered":"https:\/\/www.europesays.com\/de\/1039197\/"},"modified":"2026-05-22T20:42:15","modified_gmt":"2026-05-22T20:42:15","slug":"ukraine-news-putin-bezeichnet-angriff-auf-wohnheim-als-terrorakt-ukraine-dementiert","status":"publish","type":"post","link":"https:\/\/www.europesays.com\/de\/1039197\/","title":{"rendered":"Ukraine-News: Putin bezeichnet Angriff auf Wohnheim als &#8222;Terrorakt&#8220; \u2013 Ukraine dementiert"},"content":{"rendered":"<p>17:04 Uhr | Wadephul fordert Nato-Hilfspaket f\u00fcr Ukraine in H\u00f6he von 90 Milliarden Euro<\/p>\n<p class=\"text\">\nBundesau\u00dfenminister Johann Wadephul (CDU) hat die Nato-Partner aufgefordert, die Ukraine mit mindestens 90 Milliarden Euro in ihrem Kampf gegen Russland zu unterst\u00fctzen. Wadephul sagte, er habe beim Treffen der Nato-Au\u00dfenminister den Vorschlag gemacht, zu dem bereits bestehenden EU-Darlehen in dieser H\u00f6he f\u00fcr Kiew &#8222;noch einmal bilateral auch mindestens dieselbe Summe&#8220; draufzulegen. Es werde &#8222;entscheidend sein f\u00fcr den Erfolg der Friedensverhandlungen, dass Moskau, aber auch Kiew ein klares Signal der Nato jetzt bekommt&#8220;.\n<\/p>\n<p class=\"text\">\nWadephul will zudem die Verteidigungszusammenarbeit mit der Ukraine deutlich ausbauen. Vor dem Nato-Treffen schlug er vor, die R\u00fcstungsindustrien Europas und der Ukraine enger zu verzahnen, um die Produktion zu beschleunigen. Der k\u00fcnftige Bedarf der Ukraine solle kontinuierlich durch europ\u00e4ische Nato-Partner und Kanada finanziert werden. (Quelle: AFP, Reuters)\n<\/p>\n<p>16:45 Uhr | UN: Russischer Luftangriff zerst\u00f6rt Lagerhalle mit Hilfsg\u00fctern \u2013 Zwei Tote<\/p>\n<p class=\"text\">\nEin russischer Luftangriff auf die ukrainische Stadt Dnipro hat Hilfsg\u00fcter des UN-Fl\u00fcchtlingshilfswerks UNHCR im Wert von mehr als einer Million US-Dollar vernichtet. Die UN-Organisation teilte mit, es sei der erste derartige Angriff in mehr als vier Jahren Krieg gewesen. In einem angemieteten Lagerhaus seien 900 Paletten mit Hilfsg\u00fctern und Material f\u00fcr Notunterk\u00fcnfte zerst\u00f6rt worden. Bei dem Angriff auf Dnipro am Mittwoch waren zudem zwei Menschen get\u00f6tet und mehrere andere verletzt worden. Laut UNHCR ist die Zahl ziviler Opfer durch russische Attacken in diesem Jahr stark angestiegen. (Quelle: Reuters, dpa)<\/p>\n","protected":false},"excerpt":{"rendered":"17:04 Uhr | Wadephul fordert Nato-Hilfspaket f\u00fcr Ukraine in H\u00f6he von 90 Milliarden Euro Bundesau\u00dfenminister Johann Wadephul (CDU)&hellip;\n","protected":false},"author":2,"featured_media":1039198,"comment_status":"","ping_status":"","sticky":false,"template":"","format":"standard","meta":{"footnotes":"","_share_on_mastodon":"0"},"categories":[4013],"tags":[331,332,14979,916,13,4046,85316,12256,81,14,1159,15,103259,3917,111,4043,4044,850,307,859,860,12,116,6016,191488,861,113,317,4016,64,103],"class_list":["post-1039197","post","type-post","status-publish","format-standard","has-post-thumbnail","category-russland","tag-aktuelle-nachrichten","tag-aktuelle-news","tag-baltikum","tag-belarus","tag-headlines","tag-krieg","tag-luftverteidigung","tag-luhansk","tag-mdr","tag-nachrichten","tag-nato","tag-news","tag-ostflanke","tag-polen","tag-putin","tag-russia","tag-russian-federation","tag-russische-foederation","tag-russland","tag-sachsen","tag-sachsen-anhalt","tag-schlagzeilen","tag-selenskyj","tag-soldaten","tag-terrorakt","tag-thueringen","tag-trump","tag-ukraine","tag-us","tag-usa","tag-welt"],"share_on_mastodon":{"url":"https:\/\/pubeurope.com\/@de\/116620174840807858","error":""},"_links":{"self":[{"href":"https:\/\/www.europesays.com\/de\/wp-json\/wp\/v2\/posts\/1039197","targetHints":{"allow":["GET"]}}],"collection":[{"href":"https:\/\/www.europesays.com\/de\/wp-json\/wp\/v2\/posts"}],"about":[{"href":"https:\/\/www.europesays.com\/de\/wp-json\/wp\/v2\/types\/post"}],"author":[{"embeddable":true,"href":"https:\/\/www.europesays.com\/de\/wp-json\/wp\/v2\/users\/2"}],"replies":[{"embeddable":true,"href":"https:\/\/www.europesays.com\/de\/wp-json\/wp\/v2\/comments?post=1039197"}],"version-history":[{"count":0,"href":"https:\/\/www.europesays.com\/de\/wp-json\/wp\/v2\/posts\/1039197\/revisions"}],"wp:featuredmedia":[{"embeddable":true,"href":"https:\/\/www.europesays.com\/de\/wp-json\/wp\/v2\/media\/1039198"}],"wp:attachment":[{"href":"https:\/\/www.europesays.com\/de\/wp-json\/wp\/v2\/media?parent=1039197"}],"wp:term":[{"taxonomy":"category","embeddable":true,"href":"https:\/\/www.europesays.com\/de\/wp-json\/wp\/v2\/categories?post=1039197"},{"taxonomy":"post_tag","embeddable":true,"href":"https:\/\/www.europesays.com\/de\/wp-json\/wp\/v2\/tags?post=1039197"}],"curies":[{"name":"wp","href":"https:\/\/api.w.org\/{rel}","templated":true}]}}