{"id":1039209,"date":"2026-05-22T20:51:43","date_gmt":"2026-05-22T20:51:43","guid":{"rendered":"https:\/\/www.europesays.com\/de\/1039209\/"},"modified":"2026-05-22T20:51:43","modified_gmt":"2026-05-22T20:51:43","slug":"eu-industriekommissar-warnt-firmen-sollten-nicht-alles-aus-einem-land-beziehen","status":"publish","type":"post","link":"https:\/\/www.europesays.com\/de\/1039209\/","title":{"rendered":"EU-Industriekommissar warnt: Firmen sollten nicht alles aus einem Land beziehen"},"content":{"rendered":"<p>\n         Zuerst ver\u00f6ffentlicht am<br \/>\n            22\/05\/2026 &#8211; 20:58 MESZ\n            <\/p>\n<p>EU-Industriekommissar St\u00e9phane S\u00e9journ\u00e9 hat die Unternehmen in der Europ\u00e4ischen Union am Freitag aufgerufen, ihre Zulieferer st\u00e4rker zu diversifizieren. <\/p>\n<p>          <img decoding=\"async\" class=\"c-ad__placeholder__logo\" src=\"https:\/\/static.euronews.com\/website\/images\/logos\/logo-euronews-stacked-outlined-72x72-grey-9.svg\" width=\"72\" height=\"72\" alt=\"\" loading=\"lazy\"\/><br \/>\n          WERBUNG<\/p>\n<p>          <img decoding=\"async\" class=\"c-ad__placeholder__logo\" src=\"https:\/\/static.euronews.com\/website\/images\/logos\/logo-euronews-stacked-outlined-72x72-grey-9.svg\" width=\"72\" height=\"72\" alt=\"\" loading=\"lazy\"\/><br \/>\n          WERBUNG<\/p>\n<p>Hintergrund seiner Aussagen sind wiederholte Drohungen Pekings gegen die EU in den vergangenen Wochen. Br\u00fcssel arbeitet zugleich daran, seine Gesetzgebung gegen\u00fcber dem asiatischen Rivalen zu versch\u00e4rfen.<\/p>\n<p>Im vergangenen Jahr schr\u00e4nkte China die Ausfuhren von Seltenen Erden und Chips ein, die f\u00fcr gr\u00fcne Technologien sowie die Verteidigungs- und Autoindustrie der EU strategisch wichtig sind.<\/p>\n<p>&#8222;Decken Sie Ihren Bedarf nicht zu einhundert Prozent aus einem einzigen Land&#8220;, appellierte S\u00e9journ\u00e9 an die EU-Unternehmen nach einem Treffen mit den Handelsministern der siebenundzwanzig Mitgliedstaaten in Br\u00fcssel. Er f\u00fcgte hinzu: &#8222;Die globale geopolitische Lage zeigt, dass Sie sich im Ausland auf unterschiedliche L\u00e4nder st\u00fctzen sollten \u2013 und auf Produktion in Europa.&#8220;<\/p>\n<p>Die EU-Kommission hat bislang nur Leitlinien f\u00fcr Unternehmen vorgelegt. S\u00e9journ\u00e9 deutete an, dass die Br\u00fcsseler Beh\u00f6rde &#8222;vielleicht den n\u00e4chsten Schritt gehen&#8220; m\u00fcsse, falls die Firmen nicht selbst aktiv werden.<\/p>\n<p>EU-Ma\u00dfnahmen zwingen Autohersteller zur Diversifizierung<\/p>\n<p>Nach Informationen der Kommission arbeitet sie intern bereits an einem Vorschlag, der Autohersteller verpflichten soll, Chips von mehreren Zulieferern zu beziehen, wie Euronews <a href=\"https:\/\/de.euronews.com\/2026\/05\/21\/autohersteller-china-chips-eu-gesetz\" rel=\"nofollow noopener\" target=\"_blank\"><strong>berichtete<\/strong><\/a>.<\/p>\n<p>Im vergangenen Jahr f\u00fchrte ein Streit zwischen der niederl\u00e4ndischen Regierung und dem chinesischen Chipkonzern Nexperia, der seinen Sitz in den Niederlanden hat, zu Engp\u00e4ssen bei Chips f\u00fcr europ\u00e4ische Industriezweige, nachdem Peking als Vergeltung Ausfuhren blockiert hatte.<\/p>\n<p>EU-Handelschef Maro\u0161 \u0160ef\u010dovi\u010d <a href=\"https:\/\/de.euronews.com\/2025\/11\/14\/eu-handelschef-sefcovic\" rel=\"nofollow noopener\" target=\"_blank\"><strong>sagte<\/strong><\/a> Euronews damals, China setze kritische Vorprodukte f\u00fcr die europ\u00e4ische Industrie gezielt als Waffe ein.<\/p>\n<p>Br\u00fcssel und Peking liegen \u00fcber Kreuz, seit die EU mehrere Vorschl\u00e4ge vorgelegt hat, die Chinas Zugang zum europ\u00e4ischen Binnenmarkt einschr\u00e4nken sollen.<\/p>\n<p>Der sogenannte &#8222;Industrial Accelerator Act&#8220; soll EU-Unternehmen bei \u00f6ffentlichen Auftr\u00e4gen bevorzugen und chinesische Investitionen in der Union an strenge Auflagen kn\u00fcpfen. Ein Cybersicherheitsgesetz k\u00f6nnte chinesische Telekommunikationskonzerne weitgehend vom EU-Markt ausschlie\u00dfen.<\/p>\n<p>Peking hat der EU direkt mit Vergeltungsma\u00dfnahmen <a href=\"https:\/\/de.euronews.com\/2026\/04\/30\/china-vergeltung-made-in-europe-gesetz\" rel=\"nofollow noopener\" target=\"_blank\"><strong>gedroht<\/strong><\/a>, falls sie diese Pl\u00e4ne weiterverfolgt, und diese Drohungen nach Medienberichten \u00fcber m\u00f6gliche EU-Ma\u00dfnahmen gegen billige chinesische Importe, die den Markt \u00fcberschwemmen, bekr\u00e4ftigt.<\/p>\n<p>Am 29. Mai wollen die EU-Kommissare in Br\u00fcssel in einer Orientierungsdebatte \u00fcber die k\u00fcnftige Strategie entscheiden. Das Handelsdefizit der EU mit China w\u00e4chst von Monat zu Monat und wird zunehmend kritisch bewertet.<\/p>\n","protected":false},"excerpt":{"rendered":"Zuerst ver\u00f6ffentlicht am 22\/05\/2026 &#8211; 20:58 MESZ EU-Industriekommissar St\u00e9phane S\u00e9journ\u00e9 hat die Unternehmen in der Europ\u00e4ischen Union am&hellip;\n","protected":false},"author":2,"featured_media":1039210,"comment_status":"","ping_status":"","sticky":false,"template":"","format":"standard","meta":{"footnotes":"","_share_on_mastodon":"0"},"categories":[3933],"tags":[331,332,3985,548,14503,9864,663,158,3934,3935,13,14,15,12,144169],"class_list":["post-1039209","post","type-post","status-publish","format-standard","has-post-thumbnail","category-eu","tag-aktuelle-nachrichten","tag-aktuelle-news","tag-autos","tag-eu","tag-eu-china","tag-eu-politik","tag-europa","tag-europaeische-union","tag-europe","tag-european-union","tag-headlines","tag-nachrichten","tag-news","tag-schlagzeilen","tag-stephane-sejourne"],"share_on_mastodon":{"url":"https:\/\/pubeurope.com\/@de\/116620210276240070","error":""},"_links":{"self":[{"href":"https:\/\/www.europesays.com\/de\/wp-json\/wp\/v2\/posts\/1039209","targetHints":{"allow":["GET"]}}],"collection":[{"href":"https:\/\/www.europesays.com\/de\/wp-json\/wp\/v2\/posts"}],"about":[{"href":"https:\/\/www.europesays.com\/de\/wp-json\/wp\/v2\/types\/post"}],"author":[{"embeddable":true,"href":"https:\/\/www.europesays.com\/de\/wp-json\/wp\/v2\/users\/2"}],"replies":[{"embeddable":true,"href":"https:\/\/www.europesays.com\/de\/wp-json\/wp\/v2\/comments?post=1039209"}],"version-history":[{"count":0,"href":"https:\/\/www.europesays.com\/de\/wp-json\/wp\/v2\/posts\/1039209\/revisions"}],"wp:featuredmedia":[{"embeddable":true,"href":"https:\/\/www.europesays.com\/de\/wp-json\/wp\/v2\/media\/1039210"}],"wp:attachment":[{"href":"https:\/\/www.europesays.com\/de\/wp-json\/wp\/v2\/media?parent=1039209"}],"wp:term":[{"taxonomy":"category","embeddable":true,"href":"https:\/\/www.europesays.com\/de\/wp-json\/wp\/v2\/categories?post=1039209"},{"taxonomy":"post_tag","embeddable":true,"href":"https:\/\/www.europesays.com\/de\/wp-json\/wp\/v2\/tags?post=1039209"}],"curies":[{"name":"wp","href":"https:\/\/api.w.org\/{rel}","templated":true}]}}