{"id":103924,"date":"2025-05-12T05:25:10","date_gmt":"2025-05-12T05:25:10","guid":{"rendered":"https:\/\/www.europesays.com\/de\/103924\/"},"modified":"2025-05-12T05:25:10","modified_gmt":"2025-05-12T05:25:10","slug":"gelsenkirchen-18-jaehriger-nach-a40-unfall-verstorben","status":"publish","type":"post","link":"https:\/\/www.europesays.com\/de\/103924\/","title":{"rendered":"Gelsenkirchen: 18-J\u00e4hriger nach A40-Unfall verstorben"},"content":{"rendered":"<p class=\"small date article__date\">Ver\u00f6ffentlicht:\u00a0Montag, 12.05.2025 06:19<\/p>\n<p>Auf der Autobahn bei Gelsenkirchen-S\u00fcd hatte es vor gut einer Woche eine folgenschwere Unfallserie gegeben &#8211; jetzt ist eines der Opfer seinen Verletzungen erlegen. <\/p>\n<p><img decoding=\"async\" alt=\"\" src=\"https:\/\/www.europesays.com\/de\/wp-content\/uploads\/2025\/05\/61484043.jpg&#038;crop=0x168x4288x2679&#038;resize=1280x799&#038;dt=202402281522390.jpeg\" data-size=\"1280x799\"\/>\u00a9 Kerstin Kokoska \/ WAZ FotoPool Essen<\/p>\n<ul>\n<li><strong>18-j\u00e4hriger war lebensgef\u00e4hrlich verletzt worden<\/strong><\/li>\n<li><strong>Autos konnten Unfallstelle nicht mehr ausweichen<\/strong><\/li>\n<\/ul>\n<p><a href=\"https:\/\/www.radioemscherlippe.de\/artikel\/schwerer-unfall-auf-der-a40-autobahn-lange-gesperrt-2315392.html\" rel=\"noopener noreferrer nofollow\" target=\"_blank\">Nach dem schweren Unfall auf der A40 bei Gelsenkirchen vor gut einer Woche<\/a> gibt es jetzt ein Todesopfer. Der 18-J\u00e4hrige, der von einem Auto erfasst wurde, ist am Samstag im Krankenhaus verstorben. Das hat die Polizei mitgeteilt. Der junge Mann war bei dem Unfall lebensgef\u00e4hrlich verletzt worden. <\/p>\n<p>Am vorletzten Wochenende war das Auto, in dem er sa\u00df, auf der A40 in H\u00f6he Gelsenkirchen-S\u00fcd gegen eine L\u00e4rmschutzwand aus Beton geprallt. Zwei andere Autos konnten nicht mehr ausweichen und fuhren auf die Unfallstelle auf. Neben dem 18-J\u00e4hrigen wurden noch f\u00fcnf weitere Menschen teils schwer verletzt. Die A40 war f\u00fcr mehr als zehn Stunden gesperrt.<\/p>\n","protected":false},"excerpt":{"rendered":"Ver\u00f6ffentlicht:\u00a0Montag, 12.05.2025 06:19 Auf der Autobahn bei Gelsenkirchen-S\u00fcd hatte es vor gut einer Woche eine folgenschwere Unfallserie gegeben&hellip;\n","protected":false},"author":2,"featured_media":103925,"comment_status":"","ping_status":"","sticky":false,"template":"","format":"standard","meta":{"footnotes":""},"categories":[1848],"tags":[34880,3364,29,548,663,3934,3658,30,13,14,15,1209,121,12],"class_list":{"0":"post-103924","1":"post","2":"type-post","3":"status-publish","4":"format-standard","5":"has-post-thumbnail","7":"category-gelsenkirchen","8":"tag-a40","9":"tag-de","10":"tag-deutschland","11":"tag-eu","12":"tag-europa","13":"tag-europe","14":"tag-gelsenkirchen","15":"tag-germany","16":"tag-headlines","17":"tag-nachrichten","18":"tag-news","19":"tag-nordrhein-westfalen","20":"tag-polizei","21":"tag-schlagzeilen"},"share_on_mastodon":{"url":"https:\/\/pubeurope.com\/@de\/114493202422322025","error":""},"_links":{"self":[{"href":"https:\/\/www.europesays.com\/de\/wp-json\/wp\/v2\/posts\/103924","targetHints":{"allow":["GET"]}}],"collection":[{"href":"https:\/\/www.europesays.com\/de\/wp-json\/wp\/v2\/posts"}],"about":[{"href":"https:\/\/www.europesays.com\/de\/wp-json\/wp\/v2\/types\/post"}],"author":[{"embeddable":true,"href":"https:\/\/www.europesays.com\/de\/wp-json\/wp\/v2\/users\/2"}],"replies":[{"embeddable":true,"href":"https:\/\/www.europesays.com\/de\/wp-json\/wp\/v2\/comments?post=103924"}],"version-history":[{"count":0,"href":"https:\/\/www.europesays.com\/de\/wp-json\/wp\/v2\/posts\/103924\/revisions"}],"wp:featuredmedia":[{"embeddable":true,"href":"https:\/\/www.europesays.com\/de\/wp-json\/wp\/v2\/media\/103925"}],"wp:attachment":[{"href":"https:\/\/www.europesays.com\/de\/wp-json\/wp\/v2\/media?parent=103924"}],"wp:term":[{"taxonomy":"category","embeddable":true,"href":"https:\/\/www.europesays.com\/de\/wp-json\/wp\/v2\/categories?post=103924"},{"taxonomy":"post_tag","embeddable":true,"href":"https:\/\/www.europesays.com\/de\/wp-json\/wp\/v2\/tags?post=103924"}],"curies":[{"name":"wp","href":"https:\/\/api.w.org\/{rel}","templated":true}]}}