{"id":1039357,"date":"2026-05-22T22:14:15","date_gmt":"2026-05-22T22:14:15","guid":{"rendered":"https:\/\/www.europesays.com\/de\/1039357\/"},"modified":"2026-05-22T22:14:15","modified_gmt":"2026-05-22T22:14:15","slug":"gipfeltreffen-in-lateinamerika-eu-und-mexiko-unterzeichnen-handelsabkommen-wirtschaft","status":"publish","type":"post","link":"https:\/\/www.europesays.com\/de\/1039357\/","title":{"rendered":"Gipfeltreffen in Lateinamerika &#8211; EU und Mexiko unterzeichnen Handelsabkommen &#8211; Wirtschaft"},"content":{"rendered":"<p data-manual=\"paragraph\" data-schema-org-speakable=\"true\" class=\"css-1eosz7k\"><a href=\"https:\/\/www.sueddeutsche.de\/thema\/Mexiko\" rel=\"nofollow noopener\" target=\"_blank\">Mexiko<\/a>-Stadt (dpa) &#8211; Die EU und Mexiko haben nach zehnj\u00e4hrigen Verhandlungen die modernisierte Fassung ihres Handels- und Partnerschaftsabkommens aus dem Jahr 2000 unterzeichnet. Zum Abschluss eines bilateralen Gipfeltreffens in Mexiko-Stadt bekannten sich beide Seiten zum Multilateralismus.<\/p>\n<p data-manual=\"paragraph\" data-schema-org-speakable=\"true\" class=\"css-1eosz7k\">EU-Kommissionspr\u00e4sidentin Ursula von der Leyen und EU-Ratspr\u00e4sident Ant\u00f3nio Costa reisten als Teil einer gr\u00f6\u00dferen EU-Delegation in die mexikanische Hauptstadt. Dort trafen sie sich mit der linksgerichteten Pr\u00e4sidentin Claudia Sheinbaum.\u00a0<\/p>\n<p data-manual=\"paragraph\" data-schema-org-speakable=\"true\" class=\"css-1eosz7k\">Angesichts der protektionistischen Handelspolitik der USA unter der Regierung von Pr\u00e4sident Donald Trump und weiterer globaler Herausforderungen wollen die EU und Mexiko ihre Handelspartner diversifizieren. Das erste Gipfeltreffen seit zehn Jahren zwischen der EU und der zweitgr\u00f6\u00dften Volkswirtschaft Lateinamerikas soll zu einer Vertiefung der bilateralen Beziehungen f\u00fchren.\u00a0<\/p>\n<p data-manual=\"paragraph\" data-schema-org-speakable=\"true\" class=\"css-1eosz7k\">\u201eIn einer Zeit, die von zunehmenden Turbulenzen und tiefgreifenden Ver\u00e4nderungen gepr\u00e4gt ist, haben wir uns entschlossen, die Bindungen unsererstrategischen Partnerschaft auszubauen, zu vertiefen und zu aktualisieren\u201c, hei\u00dft es in der gemeinsamen Abschlusserkl\u00e4rung des Gipfeltreffens.<\/p>\n<p>Mexiko ist Deutschlands wichtigster Handelspartner in Lateinamerika<\/p>\n<p data-manual=\"paragraph\" data-schema-org-speakable=\"true\" class=\"css-1eosz7k\">Die EU und Mexiko bilden gemeinsam einen Markt mit mehr als 580 Millionen Menschen. Mit dem modernisierten Abkommen hebt Mexiko fast alle bestehenden Z\u00f6lle auf EU-Einfuhren auf. Zudem werden b\u00fcrokratische Handelshemmnisse beseitigt und zahlreiche Herkunftsangaben gesch\u00fctzt. Ebenso soll der Zugang zu \u00f6ffentlichen Auftr\u00e4gen erleichtert werden. Das Abkommen umfasst nun auch den digitalen Handel.<\/p>\n<p data-manual=\"paragraph\" data-schema-org-speakable=\"true\" class=\"css-1eosz7k\">Neben Handelsfragen umfasst das globale Abkommen auch Regelungen zu Themen wie Klimawandel, Menschenrechten und internationaler Zusammenarbeit. Unterzeichnet wurde auch ein Interimshandelsabkommen. Nach Beendigung des vollst\u00e4ndigen Ratifizierungsprozesses innerhalb der EU soll es dann durch das Globalabkommen ersetzt werden.\u00a0<\/p>\n<p data-manual=\"paragraph\" data-schema-org-speakable=\"true\" class=\"css-1eosz7k\">Mexiko ist der elftgr\u00f6\u00dfte Handelspartner der EU und Deutschlands wichtiger Handelspartner in Lateinamerika. Das j\u00e4hrliche bilaterale Handelsvolumen zwischen der Europ\u00e4ischen Union und Mexiko betr\u00e4gt rund 86 Milliarden Euro. Rund 53 Milliarden davon entfallen auf EU-Ausfuhren nach Mexiko und fast 34 Milliarden auf Einfuhren aus dem lateinamerikanischen Land.<\/p>\n<p data-manual=\"paragraph\" data-schema-org-speakable=\"true\" class=\"css-1eosz7k\">\u00a9 dpa-infocom, dpa:260522-930-118897\/1<\/p>\n","protected":false},"excerpt":{"rendered":"Mexiko-Stadt (dpa) &#8211; Die EU und Mexiko haben nach zehnj\u00e4hrigen Verhandlungen die modernisierte Fassung ihres Handels- und Partnerschaftsabkommens&hellip;\n","protected":false},"author":2,"featured_media":1039358,"comment_status":"","ping_status":"","sticky":false,"template":"","format":"standard","meta":{"footnotes":"","_share_on_mastodon":"0"},"categories":[3933],"tags":[331,332,548,663,158,3934,3935,222812,13,208,14,15,210,139,12,149,5225,55],"class_list":["post-1039357","post","type-post","status-publish","format-standard","has-post-thumbnail","category-eu","tag-aktuelle-nachrichten","tag-aktuelle-news","tag-eu","tag-europa","tag-europaeische-union","tag-europe","tag-european-union","tag-hauptstadtdistrikt","tag-headlines","tag-mexiko","tag-nachrichten","tag-news","tag-nordamerika","tag-regierung","tag-schlagzeilen","tag-sueddeutsche-zeitung","tag-welthandel","tag-wirtschaft"],"share_on_mastodon":{"url":"https:\/\/pubeurope.com\/@de\/116620536591555681","error":""},"_links":{"self":[{"href":"https:\/\/www.europesays.com\/de\/wp-json\/wp\/v2\/posts\/1039357","targetHints":{"allow":["GET"]}}],"collection":[{"href":"https:\/\/www.europesays.com\/de\/wp-json\/wp\/v2\/posts"}],"about":[{"href":"https:\/\/www.europesays.com\/de\/wp-json\/wp\/v2\/types\/post"}],"author":[{"embeddable":true,"href":"https:\/\/www.europesays.com\/de\/wp-json\/wp\/v2\/users\/2"}],"replies":[{"embeddable":true,"href":"https:\/\/www.europesays.com\/de\/wp-json\/wp\/v2\/comments?post=1039357"}],"version-history":[{"count":0,"href":"https:\/\/www.europesays.com\/de\/wp-json\/wp\/v2\/posts\/1039357\/revisions"}],"wp:featuredmedia":[{"embeddable":true,"href":"https:\/\/www.europesays.com\/de\/wp-json\/wp\/v2\/media\/1039358"}],"wp:attachment":[{"href":"https:\/\/www.europesays.com\/de\/wp-json\/wp\/v2\/media?parent=1039357"}],"wp:term":[{"taxonomy":"category","embeddable":true,"href":"https:\/\/www.europesays.com\/de\/wp-json\/wp\/v2\/categories?post=1039357"},{"taxonomy":"post_tag","embeddable":true,"href":"https:\/\/www.europesays.com\/de\/wp-json\/wp\/v2\/tags?post=1039357"}],"curies":[{"name":"wp","href":"https:\/\/api.w.org\/{rel}","templated":true}]}}