{"id":1039394,"date":"2026-05-22T22:39:10","date_gmt":"2026-05-22T22:39:10","guid":{"rendered":"https:\/\/www.europesays.com\/de\/1039394\/"},"modified":"2026-05-22T22:39:10","modified_gmt":"2026-05-22T22:39:10","slug":"meister-schuetze-adetula-gewinnt-den-volltreffer-der-woche","status":"publish","type":"post","link":"https:\/\/www.europesays.com\/de\/1039394\/","title":{"rendered":"Meister-Sch\u00fctze Adetula gewinnt den &#8222;Volltreffer der Woche&#8220;"},"content":{"rendered":"<p class=\"text\">\nDieses Finale in der Regionalliga Nordost war nichts f\u00fcr schwache Nerven. Der 1. FC Lok Leipzig lag gleich zweimal gegen die U23 des 1. FC Magdeburg zur\u00fcck und drohte, den Staffelsieg doch noch zu verspielen. Doch Ayodele Adetula brachte das Seitz-Team gleich zweimal zur\u00fcck. Sehenswert war sein Treffer zum 2:2, als der 28-J\u00e4hrige aus 17 Metern flach ins rechte Eck vollendete. Am Ende jubelten die Leipziger \u00fcber den <a href=\"https:\/\/www.mdr.de\/sport\/fussball_rl\/bericht-regionalliga-nordost-fc-lok-leipzig-fc-magdeburg-zwei-106.html\" title=\"Regionalliga: 1. FC Lok Leipzig kr\u00f6nt sich gegen den 1. FC Magdeburg II zum Staffelsieger\" rel=\"nofollow noopener\" target=\"_blank\">5:2-Erfolg<\/a> und die neuerliche Regionalliga-Meisterschaft.\n<\/p>\n<p class=\"text\">\nNun gibt es f\u00fcr Adetula noch den Sieg beim &#8222;Volltreffer&#8220;, den er mit klarem Vorsprung einsackte. Mit seinen 52 Prozent distanzierte er Marc-Philipp Zimmermann vom FSV Zwickau (28 Prozent) und Timon Burmeister von Carl Zeiss Jena (20 Prozent) klar.<\/p>\n","protected":false},"excerpt":{"rendered":"Dieses Finale in der Regionalliga Nordost war nichts f\u00fcr schwache Nerven. Der 1. FC Lok Leipzig lag gleich&hellip;\n","protected":false},"author":2,"featured_media":1039395,"comment_status":"","ping_status":"","sticky":false,"template":"","format":"standard","meta":{"footnotes":"","_share_on_mastodon":"0"},"categories":[1832],"tags":[5096,12408,94716,3364,29,12438,30,71,46311,81,859,3499,3498,220965,46309],"class_list":["post-1039394","post","type-post","status-publish","format-standard","has-post-thumbnail","category-leipzig","tag-1-fc-lok-leipzig","tag-abstimmung","tag-ayodele-adetula","tag-de","tag-deutschland","tag-fc-carl-zeiss-jena","tag-germany","tag-leipzig","tag-marc-philipp-zimmermann","tag-mdr","tag-sachsen","tag-spio","tag-sport-im-osten","tag-timon-burmeister","tag-volltreffer-der-woche"],"share_on_mastodon":{"url":"https:\/\/pubeurope.com\/@de\/116620634844098709","error":""},"_links":{"self":[{"href":"https:\/\/www.europesays.com\/de\/wp-json\/wp\/v2\/posts\/1039394","targetHints":{"allow":["GET"]}}],"collection":[{"href":"https:\/\/www.europesays.com\/de\/wp-json\/wp\/v2\/posts"}],"about":[{"href":"https:\/\/www.europesays.com\/de\/wp-json\/wp\/v2\/types\/post"}],"author":[{"embeddable":true,"href":"https:\/\/www.europesays.com\/de\/wp-json\/wp\/v2\/users\/2"}],"replies":[{"embeddable":true,"href":"https:\/\/www.europesays.com\/de\/wp-json\/wp\/v2\/comments?post=1039394"}],"version-history":[{"count":0,"href":"https:\/\/www.europesays.com\/de\/wp-json\/wp\/v2\/posts\/1039394\/revisions"}],"wp:featuredmedia":[{"embeddable":true,"href":"https:\/\/www.europesays.com\/de\/wp-json\/wp\/v2\/media\/1039395"}],"wp:attachment":[{"href":"https:\/\/www.europesays.com\/de\/wp-json\/wp\/v2\/media?parent=1039394"}],"wp:term":[{"taxonomy":"category","embeddable":true,"href":"https:\/\/www.europesays.com\/de\/wp-json\/wp\/v2\/categories?post=1039394"},{"taxonomy":"post_tag","embeddable":true,"href":"https:\/\/www.europesays.com\/de\/wp-json\/wp\/v2\/tags?post=1039394"}],"curies":[{"name":"wp","href":"https:\/\/api.w.org\/{rel}","templated":true}]}}