{"id":1039402,"date":"2026-05-22T22:43:21","date_gmt":"2026-05-22T22:43:21","guid":{"rendered":"https:\/\/www.europesays.com\/de\/1039402\/"},"modified":"2026-05-22T22:43:21","modified_gmt":"2026-05-22T22:43:21","slug":"dfb-pokalsieg-gegen-wolfsburg-vfb-junioren-feiern-ausgelassen-promis-auf-den-raengen-jubeln-mit","status":"publish","type":"post","link":"https:\/\/www.europesays.com\/de\/1039402\/","title":{"rendered":"DFB-Pokalsieg gegen Wolfsburg: VfB-Junioren feiern ausgelassen \u2013 Promis auf den R\u00e4ngen jubeln mit"},"content":{"rendered":"<p>\t\t\t\t\t\t\t\t\t\t\t\t\t\t\t\t\t\t\t\t\t\t\t\t\t\t\t\t      \t\t            \t\t             \t\t\t\t   \t\t\t\t\t   <img decoding=\"async\" id=\"article-image\" fetchpriority=\"high\" alt=\"DFB-Pokalsieg gegen Wolfsburg: VfB-Junioren feiern ausgelassen \u2013 Promis auf den R\u00e4ngen jubeln mit\" onclick=\"var pA=document.createElement('a');pA.setAttribute('href','https:\/\/www.stuttgarter-nachrichten.de\/gallery.dfb-pokalsieg-gegen-wolfsburg-vfb-junioren-feiern-ausgelassen-promis-auf-den-raengen-jubeln-mit.d684bd59-df5f-4319-9b7e-fa2306866217.html'),pA.click();\" title=\"DFB-Pokalsieg gegen Wolfsburg: VfB-Junioren feiern ausgelassen \u2013 Promis auf den R\u00e4ngen jubeln mit\" src=\"https:\/\/www.europesays.com\/de\/wp-content\/uploads\/2026\/05\/media.media.6a214d3a-bb6c-463d-8719-f0476acea8e5.16x9_700.jpg\" data-linkto=\"https:\/\/www.stuttgarter-nachrichten.de\/gallery.dfb-pokalsieg-gegen-wolfsburg-vfb-junioren-feiern-ausgelassen-promis-auf-den-raengen-jubeln-mit.d684bd59-df5f-4319-9b7e-fa2306866217.html\"\/>\t\t\t\t\t\t\t\t\t\t\t\t\t\t\t\t\t\t\t\t\t\t\t\tDie U19 des VfB Stuttgart feierte den DFB-Pokalsieg ausgelassen.\u00a0Foto: Julius Frick\/dpa\t\t\t<\/p>\n<p>Nach einem ungef\u00e4hrdeten 3:0-Sieg gegen den VfL Wolfsburg ist die U19 des VfB DFB-Pokalsieger. Das Team von Trainer Rathgeb feiert ausgelassen. Wir haben die Bilder.<\/p>\n<p> Die <a href=\"https:\/\/www.stuttgarter-nachrichten.de\/thema\/U19\" title=\"U19\" class=\"art_thema\" rel=\"nofollow noopener\" target=\"_blank\">U19<\/a> des <a href=\"https:\/\/www.stuttgarter-nachrichten.de\/thema\/VfB_Stuttgart\" title=\"VfB Stuttgart\" class=\"art_thema\" rel=\"nofollow noopener\" target=\"_blank\">VfB Stuttgart<\/a> hat mit einem souver\u00e4nen 3:0-Sieg gegen die Junioren des <a href=\"https:\/\/www.stuttgarter-nachrichten.de\/thema\/VfL_Wolfsburg\" title=\"VfL Wolfsburg\" class=\"art_thema\" rel=\"nofollow noopener\" target=\"_blank\">VfL Wolfsburg<\/a> den <a href=\"https:\/\/www.stuttgarter-nachrichten.de\/thema\/DFB-Pokal\" title=\"DFB-Pokal\" class=\"art_thema\" rel=\"nofollow noopener\" target=\"_blank\">DFB-Pokal<\/a> gewonnen. Vor der Rekordkulisse von 8040 Zuschauern im Babelsberger Karl-Liebknecht-Stadion sorgten Enis Redezepi (22.), Mirza Catovic (30.) und Neno Zezelj (88.) f\u00fcr den Erfolg der Schwaben, der zu keiner Zeit gef\u00e4hrdet war. <\/p>\n<p>Bereits zum f\u00fcnften Mal konnten die Junioren des VfB den DFB-Pokal in die H\u00f6he recken und sind somit dem Rekordpokalsieger SC Freiburg (sechs Pokalsiege) dicht auf den Fersen.<\/p>\n<p>Veh, Allgaier, Zarrella \u2013 Prominenz auf den R\u00e4ngen <\/p>\n<p>Mit dem 3:0 kurz vor Schluss der Partie war der Deckel endg\u00fcltig drauf, demzufolge bejubelten die Stuttgarter den Treffer besonders ausgelassen. Auf den R\u00e4ngen tummelte sich neben der sportlichen Prominenz \u2013 wie beispielsweise dem VfB-Trio Dietmar Allgaier (Pr\u00e4sident), Alex Wehrle (Vorstandsvorsitzender) und Fabian Wohlgemuth (Sportvorstand) sowie dem VfB-Meistertrainer von 2007, <a href=\"https:\/\/www.stuttgarter-nachrichten.de\/thema\/Armin_Veh\" title=\"Armin Veh\" class=\"art_thema\" rel=\"nofollow noopener\" target=\"_blank\">Armin Veh<\/a> \u2013 auch Prominenz aus dem Showgesch\u00e4ft. Entertainer <a href=\"https:\/\/www.stuttgarter-nachrichten.de\/thema\/Giovanni_Zarrella\" title=\"Giovanni Zarrella\" class=\"art_thema\" rel=\"nofollow noopener\" target=\"_blank\">Giovanni Zarrella<\/a> und seine Frau, die Moderatorin Jana Ina, lie\u00dfen sich das Spiel ebenfalls nicht entgehen, denn ihr Sohn Gabriel schn\u00fcrt f\u00fcr die U19 des VfB seine Fu\u00dfballschuhe. Er wurde in der Nachspielzeit eingewechselt.<\/p>\n<p>Nach dem Abpfiff brachen alle D\u00e4mme. Das Team von Trainer <a href=\"https:\/\/www.stuttgarter-nachrichten.de\/thema\/Tobias_Rathgeb\" title=\"Tobias Rathgeb\" class=\"art_thema\" rel=\"nofollow noopener\" target=\"_blank\">Tobias Rathgeb<\/a> feierte den Pokalsieg mit den unz\u00e4hligen VfB-Fans ausgelassen. Am Ende skandierten die Fans dann noch \u201eZieht den Bayern die Lederhosen aus\u201c \u2013 und wer wei\u00df, vielleicht k\u00f6nnen die Profis am Samstag nachziehen und ebenfalls den DFB-Pokal gewinnen. Es fehlt nur noch ein Sieg.<\/p>\n<p> <b>Wir waren mit der Kamera vor Ort und zeigen in unserer Bildergalerie die sch\u00f6nsten Jubelfotos der VfB-Junioren \u2013 viel Spa\u00df beim Durchklicken<\/b>.<\/p>\n","protected":false},"excerpt":{"rendered":"Die U19 des VfB Stuttgart feierte den DFB-Pokalsieg ausgelassen.\u00a0Foto: Julius Frick\/dpa Nach einem ungef\u00e4hrdeten 3:0-Sieg gegen den VfL&hellip;\n","protected":false},"author":2,"featured_media":1039403,"comment_status":"","ping_status":"","sticky":false,"template":"","format":"standard","meta":{"footnotes":"","_share_on_mastodon":"0"},"categories":[1830],"tags":[142628,1634,3364,29,1264,30,13720,110866,1441,222824,28335,2915,931],"class_list":["post-1039402","post","type-post","status-publish","format-standard","has-post-thumbnail","category-stuttgart","tag-armin-veh","tag-baden-wuerttemberg","tag-de","tag-deutschland","tag-dfb-pokal","tag-germany","tag-giovanni-zarrella","tag-jana-ina-zarrella","tag-stuttgart","tag-tobias-rathgeb","tag-u19","tag-vfb-stuttgart","tag-vfl-wolfsburg"],"share_on_mastodon":{"url":"https:\/\/pubeurope.com\/@de\/116620651851325210","error":""},"_links":{"self":[{"href":"https:\/\/www.europesays.com\/de\/wp-json\/wp\/v2\/posts\/1039402","targetHints":{"allow":["GET"]}}],"collection":[{"href":"https:\/\/www.europesays.com\/de\/wp-json\/wp\/v2\/posts"}],"about":[{"href":"https:\/\/www.europesays.com\/de\/wp-json\/wp\/v2\/types\/post"}],"author":[{"embeddable":true,"href":"https:\/\/www.europesays.com\/de\/wp-json\/wp\/v2\/users\/2"}],"replies":[{"embeddable":true,"href":"https:\/\/www.europesays.com\/de\/wp-json\/wp\/v2\/comments?post=1039402"}],"version-history":[{"count":0,"href":"https:\/\/www.europesays.com\/de\/wp-json\/wp\/v2\/posts\/1039402\/revisions"}],"wp:featuredmedia":[{"embeddable":true,"href":"https:\/\/www.europesays.com\/de\/wp-json\/wp\/v2\/media\/1039403"}],"wp:attachment":[{"href":"https:\/\/www.europesays.com\/de\/wp-json\/wp\/v2\/media?parent=1039402"}],"wp:term":[{"taxonomy":"category","embeddable":true,"href":"https:\/\/www.europesays.com\/de\/wp-json\/wp\/v2\/categories?post=1039402"},{"taxonomy":"post_tag","embeddable":true,"href":"https:\/\/www.europesays.com\/de\/wp-json\/wp\/v2\/tags?post=1039402"}],"curies":[{"name":"wp","href":"https:\/\/api.w.org\/{rel}","templated":true}]}}