{"id":103942,"date":"2025-05-12T05:35:09","date_gmt":"2025-05-12T05:35:09","guid":{"rendered":"https:\/\/www.europesays.com\/de\/103942\/"},"modified":"2025-05-12T05:35:09","modified_gmt":"2025-05-12T05:35:09","slug":"bauarbeiten-im-ittertal-vor-dem-abschluss","status":"publish","type":"post","link":"https:\/\/www.europesays.com\/de\/103942\/","title":{"rendered":"Bauarbeiten im Ittertal vor dem Abschluss"},"content":{"rendered":"<p>Die Stadt Solingen teilt mit, dass jetzt noch letzte Arbeiten am Kreisverkehr Ittertal anstehen. Ab Montag (12.05.) verlegt die Stadt am Kreisel neuen Asphalt. Das dauert etwa drei Tage. In dieser Zeit regelt noch einmal eine Baustellenampel den Verkehr. Dann m\u00fcssen noch Leitungen unter die Haaner Stra\u00dfe verlegt werden, und zwar ab dem darauffolgenden Montag (19.05.). Das bedeutet wieder mehr Einschr\u00e4nkungen. Voraussichtlich im Juni wird die Stra\u00dfe dann bis zur Haaner Stadtgrenze einen neuen Asphalt bekommen und komplett fertig sein.<\/p>\n","protected":false},"excerpt":{"rendered":"Die Stadt Solingen teilt mit, dass jetzt noch letzte Arbeiten am Kreisverkehr Ittertal anstehen. Ab Montag (12.05.) verlegt&hellip;\n","protected":false},"author":2,"featured_media":103943,"comment_status":"","ping_status":"","sticky":false,"template":"","format":"standard","meta":{"footnotes":""},"categories":[1840],"tags":[41136,41135,3275,2461,3364,29,30,23696,25730,1209,7223,601,4418],"class_list":{"0":"post-103942","1":"post","2":"type-post","3":"status-publish","4":"format-standard","5":"has-post-thumbnail","7":"category-wuppertal","8":"tag-haaner-strae","9":"tag-ittertal","10":"tag-lokalnachrichten","11":"tag-baustelle","12":"tag-de","13":"tag-deutschland","14":"tag-germany","15":"tag-haan","16":"tag-kreisverkehr","17":"tag-nordrhein-westfalen","18":"tag-solingen","19":"tag-verkehr","20":"tag-wuppertal"},"share_on_mastodon":{"url":"https:\/\/pubeurope.com\/@de\/114493241751421392","error":""},"_links":{"self":[{"href":"https:\/\/www.europesays.com\/de\/wp-json\/wp\/v2\/posts\/103942","targetHints":{"allow":["GET"]}}],"collection":[{"href":"https:\/\/www.europesays.com\/de\/wp-json\/wp\/v2\/posts"}],"about":[{"href":"https:\/\/www.europesays.com\/de\/wp-json\/wp\/v2\/types\/post"}],"author":[{"embeddable":true,"href":"https:\/\/www.europesays.com\/de\/wp-json\/wp\/v2\/users\/2"}],"replies":[{"embeddable":true,"href":"https:\/\/www.europesays.com\/de\/wp-json\/wp\/v2\/comments?post=103942"}],"version-history":[{"count":0,"href":"https:\/\/www.europesays.com\/de\/wp-json\/wp\/v2\/posts\/103942\/revisions"}],"wp:featuredmedia":[{"embeddable":true,"href":"https:\/\/www.europesays.com\/de\/wp-json\/wp\/v2\/media\/103943"}],"wp:attachment":[{"href":"https:\/\/www.europesays.com\/de\/wp-json\/wp\/v2\/media?parent=103942"}],"wp:term":[{"taxonomy":"category","embeddable":true,"href":"https:\/\/www.europesays.com\/de\/wp-json\/wp\/v2\/categories?post=103942"},{"taxonomy":"post_tag","embeddable":true,"href":"https:\/\/www.europesays.com\/de\/wp-json\/wp\/v2\/tags?post=103942"}],"curies":[{"name":"wp","href":"https:\/\/api.w.org\/{rel}","templated":true}]}}