{"id":103946,"date":"2025-05-12T05:37:09","date_gmt":"2025-05-12T05:37:09","guid":{"rendered":"https:\/\/www.europesays.com\/de\/103946\/"},"modified":"2025-05-12T05:37:09","modified_gmt":"2025-05-12T05:37:09","slug":"feuerwehr-zieht-bilanz-zur-arbeit-mit-drohnen","status":"publish","type":"post","link":"https:\/\/www.europesays.com\/de\/103946\/","title":{"rendered":"Feuerwehr zieht Bilanz zur Arbeit mit Drohnen"},"content":{"rendered":"<p>Die Herner Feuerwehr ist zufrieden mit ihren neuen Drohnen.\u00a0Die Einheit wurde in diesem Jahr neu aufgestellt und aufger\u00fcstet. Dabei sind die M\u00f6glichkeiten f\u00fcr einen Einsatz vielf\u00e4ltig. Unter anderem seien sie bereits bei der Suche nach Personen oder der Planung von L\u00f6sch-Taktiken bei Br\u00e4nden n\u00fctzlich gewesen. So ist eine der Drohnen zum Beispiel mit einer W\u00e4rmebildkamera ausger\u00fcstet. Sie dient aber auch der Aufkl\u00e4rung von Lagen oder der Dokumentation. Die Drohnenpiloten von der freiwilligen Feuerwehr unterst\u00fctzen die Einsatzleitung ehrenamtlich. Hierf\u00fcr suche man grunds\u00e4tzlich auch immer nach Nachwuchs und biete noch in diesem Jahr einen Ausbildungslehrgang, teilte die Herner Feuerwehr via Instagram und Facebook mit. Grunds\u00e4tzlich sei der Einsatz der Drohnen nicht mehr wegzudenken, hie\u00df es.<\/p>\n","protected":false},"excerpt":{"rendered":"Die Herner Feuerwehr ist zufrieden mit ihren neuen Drohnen.\u00a0Die Einheit wurde in diesem Jahr neu aufgestellt und aufger\u00fcstet.&hellip;\n","protected":false},"author":2,"featured_media":103947,"comment_status":"","ping_status":"","sticky":false,"template":"","format":"standard","meta":{"footnotes":""},"categories":[1839],"tags":[41139,41137,41138,7507,3364,29,10068,985,30,1209],"class_list":{"0":"post-103946","1":"post","2":"type-post","3":"status-publish","4":"format-standard","5":"has-post-thumbnail","7":"category-bochum","8":"tag-drohne-mit-wrmebildkamera","9":"tag-feuerwehr-herne","10":"tag-wrmebildkamera","11":"tag-bochum","12":"tag-de","13":"tag-deutschland","14":"tag-drohnen","15":"tag-feuerwehr","16":"tag-germany","17":"tag-nordrhein-westfalen"},"share_on_mastodon":{"url":"https:\/\/pubeurope.com\/@de\/114493249471998048","error":""},"_links":{"self":[{"href":"https:\/\/www.europesays.com\/de\/wp-json\/wp\/v2\/posts\/103946","targetHints":{"allow":["GET"]}}],"collection":[{"href":"https:\/\/www.europesays.com\/de\/wp-json\/wp\/v2\/posts"}],"about":[{"href":"https:\/\/www.europesays.com\/de\/wp-json\/wp\/v2\/types\/post"}],"author":[{"embeddable":true,"href":"https:\/\/www.europesays.com\/de\/wp-json\/wp\/v2\/users\/2"}],"replies":[{"embeddable":true,"href":"https:\/\/www.europesays.com\/de\/wp-json\/wp\/v2\/comments?post=103946"}],"version-history":[{"count":0,"href":"https:\/\/www.europesays.com\/de\/wp-json\/wp\/v2\/posts\/103946\/revisions"}],"wp:featuredmedia":[{"embeddable":true,"href":"https:\/\/www.europesays.com\/de\/wp-json\/wp\/v2\/media\/103947"}],"wp:attachment":[{"href":"https:\/\/www.europesays.com\/de\/wp-json\/wp\/v2\/media?parent=103946"}],"wp:term":[{"taxonomy":"category","embeddable":true,"href":"https:\/\/www.europesays.com\/de\/wp-json\/wp\/v2\/categories?post=103946"},{"taxonomy":"post_tag","embeddable":true,"href":"https:\/\/www.europesays.com\/de\/wp-json\/wp\/v2\/tags?post=103946"}],"curies":[{"name":"wp","href":"https:\/\/api.w.org\/{rel}","templated":true}]}}