{"id":103964,"date":"2025-05-12T05:47:08","date_gmt":"2025-05-12T05:47:08","guid":{"rendered":"https:\/\/www.europesays.com\/de\/103964\/"},"modified":"2025-05-12T05:47:08","modified_gmt":"2025-05-12T05:47:08","slug":"long-covid-mehr-menschen-mit-chronischem-fatigue-syndrom-seit-der-pandemie","status":"publish","type":"post","link":"https:\/\/www.europesays.com\/de\/103964\/","title":{"rendered":"Long Covid: Mehr Menschen mit Chronischem Fatigue-Syndrom seit der Pandemie"},"content":{"rendered":"<p class=\"paragraph article__item\">Die Zahl der Menschen, <a href=\"https:\/\/www.zeit.de\/arbeit\/2024-08\/postcovid-coronavirus-gesundheit-langzeitfolgen-arbeit\" class=\"\" target=\"_blank\" rel=\"nofollow noopener\">die an der schweren<br \/>\nKrankheit ME\/CFS leiden<\/a>, d\u00fcrfte sich seit Beginn der <a class=\"rtr-entity\" href=\"https:\/\/www.zeit.de\/thema\/pandemie\" rel=\"nofollow noopener\" target=\"_blank\">Pandemie<\/a> verdoppelt haben. Das berichtet Carmen Scheibenbogen, Direktorin des Charit\u00e9 Fatigue<br \/>\nCentrums in Berlin, vor Beginn einer zweit\u00e4gigen Fachkonferenz zur Lage<br \/>\nin Berlin. Deutschlandweit sind Krankenkassen und<br \/>\nFachgesellschaften zufolge rund 600.000 Menschen am Myalgischem<br \/>\nEnzephalomyelitis\/Chronischen Fatigue-Syndrom \u2013 kurz ME\/CFS \u2013 erkrankt.\n<\/p>\n<p class=\"paragraph article__item\">An der Konferenz nehmen rund 200 internationale \u00c4rztinnen und Wissenschaftler teil. Sie werden sich am Montag und Dienstag schwerpunktm\u00e4\u00dfig mit den Themen<br \/>\nVersorgung<br \/>\nund Medikamentenstudien besch\u00e4ftigen. <\/p>\n<p class=\"paragraph article__item\">Es sei wichtig, auf die unzureichende<br \/>\nVersorgung und das Fehlen von Medikamenten f\u00fcr ME\/CFS und Long Covid<br \/>\naufmerksam zu machen, sagt Scheibenbogen, auch wenn es zuletzt eine<br \/>\nReihe wichtiger Ma\u00dfnahmen gegeben habe. Die Behandlungsm\u00f6glichkeiten<br \/>\nseien bislang eingeschr\u00e4nkt, sagt die Expertin weiter. Im Medizinstudium sei<br \/>\nME\/CFS bisher kaum vermittelt worden, entsprechend gro\u00df sei das<br \/>\nInteresse an Fortbildungen.<\/p>\n<p>            ME\/CFS        <\/p>\n<p>Mehr zum Thema<\/p>\n<p>                <a href=\"https:\/\/www.zeit.de\/arbeit\/2025-02\/me-cfs-kinder-krankheit-diagnose-eltern\" data-ct-label=\"ME\/CFS bei Kindern: Sie waren Drau\u00dfenkinder\" rel=\"nofollow noopener\" target=\"_blank\"><\/p>\n<p>        Z+ (abopflichtiger Inhalt);<\/p>\n<p>    ME\/CFS bei Kindern:<br \/>\n                        Sie waren Drau\u00dfenkinder<\/p>\n<p>                <\/a><\/p>\n<p>                <a href=\"https:\/\/www.zeit.de\/gesundheit\/2024-05\/me-cfs-krankheit-corona-infektion\" data-ct-label=\"ME\/CFS : Die Krankheit ist brutal. Das Leben bleibt zart und schrecklich sch\u00f6n\" rel=\"nofollow noopener\" target=\"_blank\"><\/p>\n<p>        Z+ (abopflichtiger Inhalt);<\/p>\n<p>    ME\/CFS :<br \/>\n                        Die Krankheit ist brutal. Das Leben bleibt zart und schrecklich sch\u00f6n<\/p>\n<p>                <\/a><\/p>\n<p>                <a href=\"https:\/\/www.zeit.de\/arbeit\/2024-08\/postcovid-coronavirus-gesundheit-langzeitfolgen-arbeit\" data-ct-label=\"Plan D: Post Covid und ME\/CFS : Wenn der Tag nur noch drei Stunden hat\" rel=\"nofollow noopener\" target=\"_blank\"><\/p>\n<p>        Z+ (abopflichtiger Inhalt);<\/p>\n<p>    Plan D: Post Covid und ME\/CFS :<br \/>\n                        Wenn der Tag nur noch drei Stunden hat<\/p>\n<p>                <\/a><\/p>\n<p class=\"paragraph article__item\">ME\/CFS ist eine chronische Krankheit, bei der<br \/>\nSymptome wie schwere Ersch\u00f6pfung, Konzentrations- und Schlafst\u00f6rungen<br \/>\nmindestens sechs Monate lang anhalten. Eine Verschlimmerung von<br \/>\nBeschwerden nach k\u00f6rperlicher und geistiger Anstrengung gilt als<br \/>\ncharakteristisch. Die bisher nicht heilbare Erkrankung ist durch die<br \/>\n<a href=\"https:\/\/www.zeit.de\/thema\/pandemie\" class=\"\" target=\"_blank\" rel=\"nofollow noopener\">Coronapandemie<\/a> und die Diskussion \u00fcber <a href=\"https:\/\/www.zeit.de\/thema\/long-covid\" class=\"\" target=\"_blank\" rel=\"nofollow noopener\">Langzeitfolgen von Covid-19<\/a> (Long Covid) etwas bekannter geworden, da sie teilweise mit einer<br \/>\nviralen Infektion beginnt. Sie ist die schwerste Form von Long Covid. Es<br \/>\n gab jedoch auch schon vor der Pandemie zahlreiche Betroffene.\u00a0\n<\/p>\n<p class=\"paragraph article__item\">Die<br \/>\n Bundesregierung teilte im Oktober 2024 mit, Statistiken lieferten keine umfassenden<br \/>\nErkenntnisse zu Long-Covid-Patienten. Sch\u00e4tzungen zufolge k\u00f6nnte die<br \/>\nZahl der Betroffenen <a href=\"https:\/\/www.bundestag.de\/presse\/hib\/kurzmeldungen-1026450\" class=\"\" target=\"_blank\" rel=\"nofollow noopener\">sogar sechsstellig<\/a> sein.<\/p>\n","protected":false},"excerpt":{"rendered":"Die Zahl der Menschen, die an der schweren Krankheit ME\/CFS leiden, d\u00fcrfte sich seit Beginn der Pandemie verdoppelt&hellip;\n","protected":false},"author":2,"featured_media":103965,"comment_status":"","ping_status":"","sticky":false,"template":"","format":"standard","meta":{"footnotes":""},"categories":[5],"tags":[331,332,3364,29,27530,30,141,13,28985,14,15,3256,12],"class_list":{"0":"post-103964","1":"post","2":"type-post","3":"status-publish","4":"format-standard","5":"has-post-thumbnail","7":"category-nachrichten","8":"tag-aktuelle-nachrichten","9":"tag-aktuelle-news","10":"tag-de","11":"tag-deutschland","12":"tag-erschoepfung","13":"tag-germany","14":"tag-gesundheit","15":"tag-headlines","16":"tag-long-covid","17":"tag-nachrichten","18":"tag-news","19":"tag-pandemie","20":"tag-schlagzeilen"},"share_on_mastodon":{"url":"https:\/\/pubeurope.com\/@de\/114493288828798017","error":""},"_links":{"self":[{"href":"https:\/\/www.europesays.com\/de\/wp-json\/wp\/v2\/posts\/103964","targetHints":{"allow":["GET"]}}],"collection":[{"href":"https:\/\/www.europesays.com\/de\/wp-json\/wp\/v2\/posts"}],"about":[{"href":"https:\/\/www.europesays.com\/de\/wp-json\/wp\/v2\/types\/post"}],"author":[{"embeddable":true,"href":"https:\/\/www.europesays.com\/de\/wp-json\/wp\/v2\/users\/2"}],"replies":[{"embeddable":true,"href":"https:\/\/www.europesays.com\/de\/wp-json\/wp\/v2\/comments?post=103964"}],"version-history":[{"count":0,"href":"https:\/\/www.europesays.com\/de\/wp-json\/wp\/v2\/posts\/103964\/revisions"}],"wp:featuredmedia":[{"embeddable":true,"href":"https:\/\/www.europesays.com\/de\/wp-json\/wp\/v2\/media\/103965"}],"wp:attachment":[{"href":"https:\/\/www.europesays.com\/de\/wp-json\/wp\/v2\/media?parent=103964"}],"wp:term":[{"taxonomy":"category","embeddable":true,"href":"https:\/\/www.europesays.com\/de\/wp-json\/wp\/v2\/categories?post=103964"},{"taxonomy":"post_tag","embeddable":true,"href":"https:\/\/www.europesays.com\/de\/wp-json\/wp\/v2\/tags?post=103964"}],"curies":[{"name":"wp","href":"https:\/\/api.w.org\/{rel}","templated":true}]}}