{"id":1039647,"date":"2026-05-23T01:06:15","date_gmt":"2026-05-23T01:06:15","guid":{"rendered":"https:\/\/www.europesays.com\/de\/1039647\/"},"modified":"2026-05-23T01:06:15","modified_gmt":"2026-05-23T01:06:15","slug":"strategische-handelsbeziehung-eu-und-mexiko-staerken-partnerschaft-mit-neuem-abkommen","status":"publish","type":"post","link":"https:\/\/www.europesays.com\/de\/1039647\/","title":{"rendered":"Strategische Handelsbeziehung: EU und Mexiko st\u00e4rken Partnerschaft mit neuem Abkommen"},"content":{"rendered":"<p class=\"fp-paragraph\"><strong>Mexiko-Stadt<\/strong> &#8211; Nach zehnj\u00e4hrigen Verhandlungen haben die Europ\u00e4ische Union und Mexiko ein modernisiertes Handels- und Kooperationsabkommen unterzeichnet. \u201eAngesichts der aktuellen geopolitischen Lage ist unsere Partnerschaft wichtiger denn je\u201c, sagte EU-Ratspr\u00e4sident Ant\u00f3nio Costa in Mexiko-Stadt.\u00a0<\/p>\n<p class=\"fp-paragraph\">Mit dem neuen Abkommen hebt Mexiko nahezu alle bestehenden Z\u00f6lle auf EU-Einfuhren auf. Zudem werden b\u00fcrokratische Handelshemmnisse beseitigt. Ebenso soll der Zugang zu \u00f6ffentlichen Auftr\u00e4gen erleichtert werden. Das Abkommen umfasst auch den digitalen Handel.<\/p>\n<p class=\"fp-paragraph\">Vor der Unterzeichnung trafen sich EU-Kommissionspr\u00e4sidentin Ursula von der Leyen und Costa mit der linksgerichteten mexikanischen Pr\u00e4sidentin Claudia Sheinbaum. Es war das erste Gipfeltreffen zwischen der EU und der zweitgr\u00f6\u00dften Volkswirtschaft Lateinamerikas seit zehn Jahren. Laut von der Leyen will Europa das Abkommen mit Investitionen in H\u00f6he von f\u00fcnf Milliarden Euro unterst\u00fctzen. Diese sollen in Infrastrukturprojekte in Mexiko flie\u00dfen.<\/p>\n<p class=\"fp-paragraph\">Angesichts der Politik von US-Pr\u00e4sident Donald Trump und weiterer globaler Herausforderungen wollen die EU und Mexiko ihre Handelsbeziehungen diversifizieren und ihre Partnerschaft aufbauen. Neben Handelsfragen umfasst die neue Fassung auch Regelungen zu Themen wie Klimawandel, Menschenrechten und internationaler Zusammenarbeit.\u00a0<\/p>\n<p>Mexiko sch\u00fctzt europ\u00e4ische Herkunftsangaben\u00a0<\/p>\n<p class=\"fp-paragraph\">Einem Bericht der deutschen Wirtschaftsf\u00f6rderungsagentur GTAI zufolge beseitigt Mexiko schrittweise Z\u00f6lle auf Produkte wie Gefl\u00fcgelfleisch, Schweinefleisch, K\u00e4se und Schokolade. Gesch\u00fctzt werden mit dem Abkommen auch Herkunftsangaben wie etwa Parmaschinken, Bayerisches Bier und Tiroler Speck. Die EU sichere sich zudem den Zugang zu kritischen Rohstoffen.\u00a0<\/p>\n<p class=\"fp-paragraph\">Unterzeichnet wurde ebenfalls ein Interimshandelsabkommen. Nach Abschluss des Ratifizierungsprozesses innerhalb der EU soll es dann durch das Globalabkommen ersetzt werden.\u00a0<\/p>\n<p class=\"fp-paragraph\">Mexiko hat 130 Millionen Einwohner und ist die zweitgr\u00f6\u00dfte Volkswirtschaft Lateinamerikas. Aufgrund der Nachbarschaft zu den USA und des nordamerikanischen Freihandelsabkommen mit den USA und Kanada ist das Land ein wichtiger Produktionsstandort auch f\u00fcr deutsche Unternehmen.<\/p>\n<p>Positive Reaktionen aus Politik und Wirtschaft<\/p>\n<p class=\"fp-paragraph\">\u201eDas modernisierte Abkommen schafft im deutsch-mexikanischen Handel ein Plus an Rechtssicherheit und Planbarkeit in einem zunehmend disruptiven Handelsumfeld\u201c, sagte Wolfgang Niedermark, Mitglied der Hauptgesch\u00e4ftsf\u00fchrung des Bundesverbands der Deutschen Industrie.\u00a0<\/p>\n<p class=\"fp-paragraph\">Aus Sicht von Bernd Lange (SPD), Vorsitzender des Handelsausschusses im Europ\u00e4ischen Parlament, gibt das modernisierte Abkommen offenem und fairem Handel R\u00fcckenwind. \u201eEuropa setzt auch in turbulenten Zeiten auf Partnerschaft statt Isolation\u201c, sagte Lange. Rund 95 Prozent der mexikanischen Z\u00f6lle auf EU-Agrarexporte w\u00fcrden abgebaut.<\/p>\n<p class=\"fp-paragraph\">Mehr als 70 Nichtregierungsorganisationen aus Lateinamerika und der EU, kritisierten dagegen die Vereinbarung. \u201eStatt einer echten Modernisierung wurden vor allem die Privilegien f\u00fcr Konzerne ausgeweitet\u201c, erkl\u00e4rte Bettina M\u00fcller von der NGO PowerShift aus Berlin.<\/p>\n","protected":false},"excerpt":{"rendered":"Mexiko-Stadt &#8211; Nach zehnj\u00e4hrigen Verhandlungen haben die Europ\u00e4ische Union und Mexiko ein modernisiertes Handels- und Kooperationsabkommen unterzeichnet. \u201eAngesichts&hellip;\n","protected":false},"author":2,"featured_media":1039648,"comment_status":"","ping_status":"","sticky":false,"template":"","format":"standard","meta":{"footnotes":"","_share_on_mastodon":"0"},"categories":[3933],"tags":[331,332,548,663,158,3934,3935,13,208,14,15,139,12,5225],"class_list":["post-1039647","post","type-post","status-publish","format-standard","has-post-thumbnail","category-eu","tag-aktuelle-nachrichten","tag-aktuelle-news","tag-eu","tag-europa","tag-europaeische-union","tag-europe","tag-european-union","tag-headlines","tag-mexiko","tag-nachrichten","tag-news","tag-regierung","tag-schlagzeilen","tag-welthandel"],"share_on_mastodon":{"url":"https:\/\/pubeurope.com\/@de\/116621212830204148","error":""},"_links":{"self":[{"href":"https:\/\/www.europesays.com\/de\/wp-json\/wp\/v2\/posts\/1039647","targetHints":{"allow":["GET"]}}],"collection":[{"href":"https:\/\/www.europesays.com\/de\/wp-json\/wp\/v2\/posts"}],"about":[{"href":"https:\/\/www.europesays.com\/de\/wp-json\/wp\/v2\/types\/post"}],"author":[{"embeddable":true,"href":"https:\/\/www.europesays.com\/de\/wp-json\/wp\/v2\/users\/2"}],"replies":[{"embeddable":true,"href":"https:\/\/www.europesays.com\/de\/wp-json\/wp\/v2\/comments?post=1039647"}],"version-history":[{"count":0,"href":"https:\/\/www.europesays.com\/de\/wp-json\/wp\/v2\/posts\/1039647\/revisions"}],"wp:featuredmedia":[{"embeddable":true,"href":"https:\/\/www.europesays.com\/de\/wp-json\/wp\/v2\/media\/1039648"}],"wp:attachment":[{"href":"https:\/\/www.europesays.com\/de\/wp-json\/wp\/v2\/media?parent=1039647"}],"wp:term":[{"taxonomy":"category","embeddable":true,"href":"https:\/\/www.europesays.com\/de\/wp-json\/wp\/v2\/categories?post=1039647"},{"taxonomy":"post_tag","embeddable":true,"href":"https:\/\/www.europesays.com\/de\/wp-json\/wp\/v2\/tags?post=1039647"}],"curies":[{"name":"wp","href":"https:\/\/api.w.org\/{rel}","templated":true}]}}