{"id":1039664,"date":"2026-05-23T01:16:02","date_gmt":"2026-05-23T01:16:02","guid":{"rendered":"https:\/\/www.europesays.com\/de\/1039664\/"},"modified":"2026-05-23T01:16:02","modified_gmt":"2026-05-23T01:16:02","slug":"grosse-vegan-studie-identifiziert-vier-vegane-lebenswelten-im-dach-raum","status":"publish","type":"post","link":"https:\/\/www.europesays.com\/de\/1039664\/","title":{"rendered":"Gro\u00dfe Vegan-Studie identifiziert vier vegane Lebenswelten im DACH-Raum"},"content":{"rendered":"<p class=\"date\">20.05.2026 \u2013 08:55<\/p>\n<p class=\"customer\">\n                        <a class=\"story-customer\" title=\"weiter zum newsroom von Gleichklang Limited\" href=\"https:\/\/www.presseportal.de\/nr\/71147\" rel=\"nofollow noopener\" target=\"_blank\">Gleichklang Limited<\/a>\n                    <\/p>\n<p><a class=\"glightbox event-trigger\" href=\"https:\/\/cache.pressmailing.net\/thumbnail\/story_hires\/998f56ef-8df6-4403-baac-a8c9a3f945ec\/vegane%20cluster%20beim%20essen.jpeg.jpg\" data-description=\"Vegane Gruppe beim Essen. \/ Weiterer Text \u00fcber ots und www.presseportal.de\/nr\/71147 \/ Die Verwendung dieses Bildes f\u00fcr redaktionelle Zwecke ist unter Beachtung aller mitgeteilten Nutzungsbedingungen zul\u00e4ssig und dann auch honorarfrei. Ver\u00f6ffentlichung ausschlie\u00dflich mit Bildrechte-Hinweis.\" data-category=\"medialightbox\" data-action=\"click\" data-label=\"single\" data-value=\"6a0c9154270000fd2c9a014d\" rel=\"nofollow noopener\" target=\"_blank\"><img decoding=\"async\" height=\"540\" with=\"720\" src=\"https:\/\/www.europesays.com\/de\/wp-content\/uploads\/2026\/05\/gro-e-vegan-studie-identifiziert-vier-vegane-lebenswelten-im-dach-raum.jpeg\"   alt=\"Gro\u00dfe Vegan-Studie identifiziert vier vegane Lebenswelten im DACH-Raum\" class=\"single\"\/><\/a><\/p>\n<p><a data-category=\"citylink-story-view\" data-action=\"click\" data-label=\"Citylink in Meldungsansicht\" class=\"story-city event-trigger\" href=\"https:\/\/www.presseportal.de\/regional\/Hannover\" title=\"News aus Hannover \" rel=\"nofollow noopener\" target=\"_blank\">Hannover<\/a> (ots)<\/p>\n<p><b>Bislang gr\u00f6\u00dfte Untersuchung in Deutschland, \u00d6sterreich und der Schweiz identifiziert vier Formen der veganen Lebensweise<\/b><\/p>\n<p> Wer vegan lebt, ist nicht einfach &#8222;vegan&#8220;. Das ist der Befund der bisher  <a target=\"_blank\" class=\"uri-ext outbound\" rel=\"noopener nofollow\" href=\"https:\/\/www.vegan.eu\/vier-vegane-gruppen-im-dach-raum\/\">umfangreichsten Untersuchung<\/a> im deutschsprachigen Raum mit vegan lebenden Personen. <\/p>\n<p> Die Ergebnisse zeigen, dass vegan lebende Menschen im deutschsprachigen Raum sich in vier unterscheidbare Gruppen unterteilen. Die gro\u00dfe Mehrheit vegan lebender Menschen lebt dabei insgesamt hoch konsequent vegan. Gleichzeitig unterscheiden sich die Gruppen hinsichtlich der Ausweitung veganer Prinzipien auf weitere Lebensbereiche sowie im Ausma\u00df ihres Engagements f\u00fcr die vegane Lebensweise. <\/p>\n<p> Die Befragung wurde f\u00fcr das Webportal  <a target=\"_blank\" class=\"uri-ext outbound\" rel=\"noopener nofollow\" href=\"https:\/\/www.vegan.eu\/\">vegan.eu<\/a> durch den Psychologen Guido F. Gebauer als Online-Befragung durchgef\u00fchrt. 2.161 vegan lebende Menschen aus Deutschland, \u00d6sterreich und der Schweiz im Alter von 18 bis 84 Jahren, unter ihnen 1417 Frauen, 639 M\u00e4nner sowie 105 nicht-bin\u00e4re Personen, gingen in diese Auswertung ein. Eingesetzt wurden statistische Verfahren (Clusteranalyse), die es erlauben, Personen anhand ihrer empirischen Antwortmuster in Gruppen einzuteilen. <\/p>\n<p><b>Zwei gro\u00dfe Gruppen hoch konsequent vegan lebender Menschen<\/b><\/p>\n<p> Mehr als 83 % aller Befragten lie\u00dfen sich zwei gro\u00dfen Gruppen zuweisen, die beide durch eine konsequente vegane Lebensweise und eine weitreichende Ausweitung veganer Prinzipien auf verschiedene Lebensbereiche gekennzeichnet waren: <\/p>\n<p><b>Einsatzorientierte Veganer (50,8 %)<\/b><\/p>\n<p> Die gr\u00f6\u00dfte Gruppe innerhalb der veganen Community lebt konsequent vegan, achtet auf die Vermeidung tierischer Stoffe in Lebensmitteln und Materialien wie Leder oder Wolle, lehnt die Haltung von Tieren zum menschlichen Vergn\u00fcgen ab und engagiert sich aktiv f\u00fcr Tierrechte. Viele versuchen zudem, andere Menschen vom Veganismus zu \u00fcberzeugen, und setzen sich f\u00fcr die Rettung individueller Tiere ein. Veganismus wird von Mitgliedern dieser Gruppe besonders h\u00e4ufig aus tierrechtlichen Gr\u00fcnden praktiziert und als wichtiger Teil der eigenen Identit\u00e4t erlebt. Die Mitglieder dieser Gruppe w\u00fcnschen sich h\u00e4ufiger als andere Veganer ebenfalls vegan lebende Personen als romantische oder sexuelle Partner und haben auch tats\u00e4chlich h\u00e4ufiger vegane Partner. <\/p>\n<p><b>Lebensstil-Veganer (33,0 %)<\/b><\/p>\n<p> Die zweitgr\u00f6\u00dfte Gruppe lebt ebenfalls konsequent vegan und bezieht viele weitere Konsumbereiche in die vegane Lebensweise ein, darunter Materialien wie Wolle oder Leder sowie Zusatzstoffe im Lebensmittel- oder Materialbereich. Auch vergn\u00fcgungsorientierte Tierhaltung wie Zoo- oder Haustierhaltung wird \u00fcberwiegend abgelehnt. Der Hauptunterschied zu den einsatzorientierten Veganern besteht darin, dass sich Lebensstil-Veganer zwar ebenfalls h\u00e4ufig im Freundes- und Bekanntenkreis f\u00fcr Veganismus einsetzen, jedoch kaum politisch-aktivistisch engagieren. Veganismus bildet auch f\u00fcr sie einen wichtigen Teil einer \u00fcberwiegend tierethisch motivierten Identit\u00e4t, durchdringt aber das soziale Leben weniger stark als bei einsatzorientierten Veganern. <\/p>\n<p><b>Zwei kleinere und weniger konsequente Gruppen <\/b><\/p>\n<p><b>Pragmatische Veganer (13,1 %)<\/b><\/p>\n<p> Diese erheblich kleinere Gruppe achtet konsequent auf den Verzicht von Fleisch, Milch, Fisch und Eiern, ist bei anderen Produktbereichen wie Leder, Wolle oder Zusatzstoffen jedoch weniger streng. Auch vergn\u00fcgungsorientierte Tierhaltung wird weniger kritisch hinterfragt. Die subjektive Wichtigkeit der veganen Lebensweise, tierethische Motive, der Wunsch nach ebenfalls vegan lebenden Partnern sowie Vegansexualit\u00e4t sind schw\u00e4cher ausgepr\u00e4gt als bei einsatzorientierten Veganern und meist auch geringer als bei Lebensstil-Veganern. Veganismus wird hier st\u00e4rker als Ern\u00e4hrungsweise verstanden als als umfassende, den Alltag pr\u00e4gende Lebensform. <\/p>\n<p><b>Vegane Grenzg\u00e4nger (3,1 %)<\/b><\/p>\n<p> Diese sehr kleine Gruppe ist den pragmatischen Veganern \u00e4hnlich, achtet jedoch zus\u00e4tzlich auch bei Fleisch, Fisch, Milch und Eiern nicht jederzeit strikt auf die vegane Lebensweise. Zudem achten vegane Grenzg\u00e4nger seltener auf versteckte Tierprodukte oder nicht-vegane Materialien wie Leder oder Wolle. Auch vergn\u00fcgungsorientierte Tierhaltungspraktiken werden weniger kritisch reflektiert. Die tierethische Motivation, die subjektive Wichtigkeit der veganen Lebensweise, der Wunsch nach vegan lebenden Partnern sowie Vegansexualit\u00e4t sind auch in dieser Gruppe deutlich schw\u00e4cher ausgepr\u00e4gt als bei einsatzorientierten Veganern und \u00fcberwiegend ebenfalls geringer als bei Lebensstil-Veganern. <\/p>\n<p> Interessanterweise zeigen pragmatische Veganer und vegane Grenzg\u00e4nger trotz ihrer geringeren Konsequenz teilweise ein h\u00f6heres politisch-gesellschaftliches Engagement f\u00fcr Veganismus und Tierrechte als Lebensstil-Veganer, die ihren Veganismus \u00fcberwiegend im privaten Alltag leben. <\/p>\n<p> Dies weist auf ein auch aus anderen gesellschaftlichen Bewegungen bekanntes Muster hin, wonach gesellschaftlich engagierte Menschen nicht immer im gleichen Ma\u00dfe auf eine vollst\u00e4ndig konsequente Umsetzung im eigenen Alltag achten. Vergleichbare Diskussionen bestehen beispielsweise auch innerhalb der Klimabewegung im Zusammenhang mit Flugreisen. <\/p>\n<p> Gerade f\u00fcr die gr\u00f6\u00dfte und gesellschaftlich besonders engagierte Gruppe der einsatzorientierten Veganer gilt dies jedoch gerade nicht. Sie verbinden vielmehr eine hohe pers\u00f6nliche Konsequenz mit starkem gesellschaftlichem Engagement. <\/p>\n<p><b>Hohe \u00c4hnlichkeit der Gruppen bei Alter, Geschlecht und Bildung<\/b><\/p>\n<p> Die vier Gruppen weisen eine \u00e4hnliche Struktur im Hinblick auf Alter, Geschlecht\/Gender, Bildungsstand, Wohnsitzland und Rekrutierungskanal f\u00fcr die Umfrage auf. Die komplette Abwesenheit statistisch signifikanter Unterschiede in der Gruppenzusammensetzung bez\u00fcglich Geschlecht\/Gender und Wohnsitzland zeigt, dass die Befunde auf den gesamten deutschsprachigen Raum generalisierbar sind und auch keine Geschlechtsunterschiede widerspiegeln. <\/p>\n<p><b>Vollst\u00e4ndige Auswertung auf vegan.eu<\/b><\/p>\n<p> Die vollst\u00e4ndige Auswertung mit umfangreichem Zahlenmaterial ist auf vegan.eu ver\u00f6ffentlicht. Dort werden auch weitere Auswertungen bereitgestellt zu  <a target=\"_blank\" class=\"uri-ext outbound\" rel=\"noopener nofollow\" href=\"https:\/\/www.vegan.eu\/so-denken-veganerinnen-ueber-politik-und-gesellschaft\/\">politischen Einstellungen<\/a> von vegan lebenden Personen, den  <a target=\"_blank\" class=\"uri-ext outbound\" rel=\"noopener nofollow\" href=\"https:\/\/www.vegan.eu\/was-sind-die-echten-motive-fuer-die-vegane-lebensweise\/\">Motiven f\u00fcr die vegane Lebensweise<\/a> sowie zum kontroversen Konzept der  <a target=\"_blank\" class=\"uri-ext outbound\" rel=\"noopener nofollow\" href=\"https:\/\/www.vegan.eu\/umfrage-gibt-es-vegansexualitaet\/\">Vegansexualit\u00e4t<\/a>. <\/p>\n<p> Vegan.eu ist ein seit 2012 bestehendes veganes Informationsportal, welches von der \u00f6kologisch-alternativen Kennenlernplattform Gleichklang.de betrieben wird. Das Portal ist auf umfassende Umfragen und Auswertungen innerhalb der veganen Community spezialisiert. Hierzu werden auf verschiedenen Rekrutierungswegen gr\u00f6\u00dfere Stichproben herangezogen und die Ergebnisse werden jeweils mit vorliegenden internationalen Studien verglichen sowie im Hinblick auf Alter, Geschlecht\/Gender, Bildungsstand, Wohnsitzland und Rekrutierungswege kontrolliert. <\/p>\n<p class=\"contact-headline\">Pressekontakt:<\/p>\n<p class=\"contact-text\">Dr. Gebauer steht jederzeit f\u00fcr Nachfragen und Interviews in<br \/>klassischen Medien (Print, TV, Radio) sowie auf YouTube, in Blogs und<br \/>sozialen Medien zur Verf\u00fcgung:<\/p>\n<p>Dr. Guido F. Gebauer<br \/>Gleichklang limited<br \/>Oesterleystr 1<br \/>30171 Hannover<br \/>Tel.: +49 (0)15228973672<br \/>E-Mail: <a href=\"https:\/\/www.presseportal.de\/pm\/71147\/mailto: gebauer@gleichklang.de\" class=\"uri-mailto\" rel=\"nofollow noopener\" target=\"_blank\"> gebauer@gleichklang.de<\/a><\/p>\n<p class=\"originator\">Original-Content von: Gleichklang Limited, \u00fcbermittelt durch news aktuell<\/p>\n","protected":false},"excerpt":{"rendered":"20.05.2026 \u2013 08:55 Gleichklang Limited Hannover (ots) Bislang gr\u00f6\u00dfte Untersuchung in Deutschland, \u00d6sterreich und der Schweiz identifiziert vier&hellip;\n","protected":false},"author":2,"featured_media":1039665,"comment_status":"","ping_status":"","sticky":false,"template":"","format":"standard","meta":{"footnotes":"","_share_on_mastodon":"0"},"categories":[1836],"tags":[3477,3364,29,28789,30,1724,46,5013,1411,178,180,179,181,11748,222864],"class_list":["post-1039664","post","type-post","status-publish","format-standard","has-post-thumbnail","category-hannover","tag-bild","tag-de","tag-deutschland","tag-ernhrung","tag-germany","tag-gesellschaft","tag-hannover","tag-lifestyle","tag-niedersachsen","tag-presse","tag-pressemeldung","tag-pressemitteilung","tag-pressemitteilungen","tag-studie","tag-veganismus-studie"],"share_on_mastodon":{"url":"https:\/\/pubeurope.com\/@de\/116621252981089011","error":""},"_links":{"self":[{"href":"https:\/\/www.europesays.com\/de\/wp-json\/wp\/v2\/posts\/1039664","targetHints":{"allow":["GET"]}}],"collection":[{"href":"https:\/\/www.europesays.com\/de\/wp-json\/wp\/v2\/posts"}],"about":[{"href":"https:\/\/www.europesays.com\/de\/wp-json\/wp\/v2\/types\/post"}],"author":[{"embeddable":true,"href":"https:\/\/www.europesays.com\/de\/wp-json\/wp\/v2\/users\/2"}],"replies":[{"embeddable":true,"href":"https:\/\/www.europesays.com\/de\/wp-json\/wp\/v2\/comments?post=1039664"}],"version-history":[{"count":0,"href":"https:\/\/www.europesays.com\/de\/wp-json\/wp\/v2\/posts\/1039664\/revisions"}],"wp:featuredmedia":[{"embeddable":true,"href":"https:\/\/www.europesays.com\/de\/wp-json\/wp\/v2\/media\/1039665"}],"wp:attachment":[{"href":"https:\/\/www.europesays.com\/de\/wp-json\/wp\/v2\/media?parent=1039664"}],"wp:term":[{"taxonomy":"category","embeddable":true,"href":"https:\/\/www.europesays.com\/de\/wp-json\/wp\/v2\/categories?post=1039664"},{"taxonomy":"post_tag","embeddable":true,"href":"https:\/\/www.europesays.com\/de\/wp-json\/wp\/v2\/tags?post=1039664"}],"curies":[{"name":"wp","href":"https:\/\/api.w.org\/{rel}","templated":true}]}}