{"id":1039877,"date":"2026-05-23T03:24:20","date_gmt":"2026-05-23T03:24:20","guid":{"rendered":"https:\/\/www.europesays.com\/de\/1039877\/"},"modified":"2026-05-23T03:24:20","modified_gmt":"2026-05-23T03:24:20","slug":"insolvenz-aus-nrw-pralinenhersteller-dreimeister-in-werl-ist-insolvent","status":"publish","type":"post","link":"https:\/\/www.europesays.com\/de\/1039877\/","title":{"rendered":"Insolvenz aus NRW: Pralinenhersteller DreiMeister in Werl ist insolvent"},"content":{"rendered":"<p>Mehr als 150 Mitarbeiter betroffen <\/p>\n<p>Pralinenhersteller DreiMeister beantragt Insolvenz<\/p>\n<p>Aktualisiert am 23.05.2026 &#8211; 04:00 UhrLesedauer: 1 Min.<\/p>\n<p><a href=\"#focus-0\" class=\"transition-colors duration-200 block text-current relative\" data-sctrack=\"FocusGalleryImage.Reference\"><img fetchpriority=\"high\" data-testid=\"Opener.Image\"   loading=\"eager\" src=\"https:\/\/www.europesays.com\/de\/wp-content\/uploads\/2026\/05\/stand-eines-suessigkeitenherstellers-dreimeister-mit-pralinen-auf-der-internationalen-suesswarenmess.jpeg\" alt=\"imago images 0799365881\" title=\"imago images 0799365881\" width=\"4000\" height=\"2250\" class=\"bg-[url:var(--lqipURL)] bg-cover bg-center flex h-full w-full max-w-full\" style=\"--lqipURL:url('https:\/\/images.t-online.de\/2026\/05\/wSgxupKe02m4\/0x208:4000x2250\/fit-in\/150x0\/filters:blur(25)\/stand-eines-suessigkeitenherstellers-dreimeister-mit-pralinen-auf-der-internationalen-suesswarenmesse-ism-in-der-koelnmesse-themenbild-symbolbild-koeln-31-012024-nrw-deutschland-stand-of-a-confectionery-manufacturer-dreimeister-with-chocolates-at-the-international-sweets-and-biscuits-fair-ism-at-koelnmesse-theme-picture-symbolic-picture-cologne-31-01-2024-nrw-germany-copyright-xchristophxhardtx.jpg')\" decoding=\"async\"\/><img loading=\"lazy\" src=\"https:\/\/www.t-online.de\/s\/paper\/_next\/static\/media\/zoom-in.f7dae02f.svg\" alt=\"Vergr\u00f6\u00dfern des Bildes\" title=\"Vergr\u00f6\u00dfern des Bildes\" class=\"block h-[calc(var(--height)_\/_16_*_1rem)] w-[calc(var(--width)_\/_16_*_1rem)] max-w-none absolute bottom-8 right-8 rounded-4 bg-snow p-8\" style=\"--width:32;--height:32\" decoding=\"async\"\/><\/a><\/p>\n<p>Pralinen von DreiMeister: Der S\u00fc\u00dfwarenhersteller ist insolvent. (Quelle: IMAGO\/Christoph Hardt\/imago)<\/p>\n<p><img loading=\"lazy\" src=\"https:\/\/www.t-online.de\/s\/paper\/_next\/static\/media\/audio-volume.6689034c.svg\" alt=\"\" title=\"\" class=\"block h-[calc(var(--height)_\/_16_*_1rem)] w-[calc(var(--width)_\/_16_*_1rem)] max-w-none group-hover:brightness-0 group-hover:invert\" style=\"--width:16;--height:16\" decoding=\"async\"\/>Vorlesen<\/p>\n<p>Aktuelle Zeit:0:00Gesamtdauer:0:00<\/p>\n<p>1x<\/p>\n<p class=\"text-center\">Jetzt neu bei t-online:<\/p>\n<p class=\"text-center\">Schriftgr\u00f6\u00dfe anpassen!<\/p>\n<p><img loading=\"lazy\" src=\"https:\/\/www.t-online.de\/s\/paper\/_next\/static\/media\/font-sizes.32942e33.svg\" alt=\"\" title=\"\" class=\"block h-[calc(var(--height)_\/_16_*_1rem)] w-[calc(var(--width)_\/_16_*_1rem)] max-w-none group-hover:hidden group-aria-expanded:hidden\" style=\"--width:16;--height:16\" decoding=\"async\"\/><img loading=\"lazy\" src=\"https:\/\/www.t-online.de\/s\/paper\/_next\/static\/media\/font-sizes-dark-mode.e382645c.svg\" alt=\"\" title=\"\" class=\"block h-[calc(var(--height)_\/_16_*_1rem)] w-[calc(var(--width)_\/_16_*_1rem)] max-w-none hidden group-hover:block group-aria-expanded:block\" style=\"--width:16;--height:16\" decoding=\"async\"\/><img loading=\"lazy\" src=\"https:\/\/www.t-online.de\/s\/paper\/_next\/static\/media\/sharing-menu-icon.1eb71368.svg\" alt=\"\" title=\"\" class=\"block h-[calc(var(--height)_\/_16_*_1rem)] w-[calc(var(--width)_\/_16_*_1rem)] max-w-none group-hover:brightness-0 group-hover:invert\" style=\"--width:16;--height:16\" decoding=\"async\"\/>Artikel teilen<\/p>\n<p class=\"font-bold text-18 leading-17 user-text-lg:text-22 user-text-xl:text-24\">Der S\u00fc\u00dfwarenhersteller DreiMeister aus Werl ist zahlungsunf\u00e4hig. Ein Sachwalter soll nun pr\u00fcfen, ob eine Sanierung des Unternehmens m\u00f6glich ist.<\/p>\n<p class=\"text-18 leading-17 user-text-lg:text-22 user-text-xl:text-24\">Der Pralinen- und S\u00fc\u00dfwarenhersteller DreiMeister Spezialit\u00e4ten GmbH &amp; Co. KG aus <a class=\"transition-colors duration-200 cursor-pointer text-inherit no-underline text-salemsfur md:hover:text-magenta md:hover:border-magenta md:focus:text-magenta border-current border-b border-solid break-words\" data-tracking=\"{&quot;action&quot;:&quot;click&quot;,&quot;category&quot;:&quot;intextLink&quot;,&quot;label&quot;:&quot;\/themen\/werl\/&quot;}\" href=\"https:\/\/www.t-online.de\/themen\/werl\/\" data-sctrack=\"BodyAnchor\" rel=\"nofollow noopener\" target=\"_blank\">Werl<\/a> in Nordrhein-Westfalen hat ein Insolvenzverfahren in Eigenverwaltung eingeleitet. Das geht aus einem Beschluss des Amtsgerichts Arnsberg hervor.<\/p>\n<p class=\"text-18 leading-17 user-text-lg:text-22 user-text-xl:text-24\">Das Gericht ordnete am Mittwoch die vorl\u00e4ufige Eigenverwaltung nach Paragraf 270b der Insolvenzordnung an. Damit bleibt die Gesch\u00e4ftsf\u00fchrung zun\u00e4chst im Amt, das Unternehmen steht jedoch unter Aufsicht eines vorl\u00e4ufigen Sachwalters. Zu diesem wurde der Wirtschaftsjurist Michael Sch\u00fctte aus <a class=\"transition-colors duration-200 cursor-pointer text-inherit no-underline text-salemsfur md:hover:text-magenta md:hover:border-magenta md:focus:text-magenta border-current border-b border-solid break-words\" data-tracking=\"{&quot;action&quot;:&quot;click&quot;,&quot;category&quot;:&quot;intextLink&quot;,&quot;label&quot;:&quot;\/themen\/guetersloh\/&quot;}\" href=\"https:\/\/www.t-online.de\/themen\/guetersloh\/\" data-sctrack=\"BodyAnchor\" rel=\"nofollow noopener\" target=\"_blank\">G\u00fctersloh<\/a> bestellt.<\/p>\n<p>Pralinenhersteller insolvent: Zukunft von S\u00fc\u00dfwarenhersteller offen<\/p>\n<p class=\"text-18 leading-17 user-text-lg:text-22 user-text-xl:text-24\">Er soll die wirtschaftliche Lage des insolventen Unternehmens sowie die vorgelegte Sanierungsplanung pr\u00fcfen. Zudem soll untersucht werden, ob ausreichende Mittel vorhanden sind, um die Kosten des Verfahrens zu decken.<\/p>\n<p>Im Video | Haben Sie Angst um Ihren Job?<\/p>\n<p><img loading=\"lazy\" src=\"https:\/\/www.t-online.de\/s\/paper\/_next\/static\/media\/loading-indicator-magenta.1f35d8de.svg\" alt=\"Video l\u00e4dt\" title=\"Video l\u00e4dt\" class=\"block h-[calc(var(--height)_\/_16_*_1rem)] w-[calc(var(--width)_\/_16_*_1rem)] max-w-none undefined\" style=\"--width:32;--height:32\" decoding=\"async\"\/>Player wird geladenQuelle: t-online<\/p>\n<p class=\"text-18 leading-17 user-text-lg:text-22 user-text-xl:text-24\">Das Amtsgericht setzte au\u00dferdem laufende Zwangsvollstreckungsma\u00dfnahmen gegen das Unternehmen vorl\u00e4ufig aus. Dadurch soll die wirtschaftliche Stabilisierung des Betriebs erleichtert werden. Wie es f\u00fcr den S\u00fc\u00dfwarenhersteller weitergeht, ist derzeit offen.<\/p>\n<p>Mehr als 150 Mitarbeiter von Insolvenz betroffen<\/p>\n<p class=\"text-18 leading-17 user-text-lg:text-22 user-text-xl:text-24\">Nach Angaben des Unternehmens waren zuletzt mehr als 150 Mitarbeiter besch\u00e4ftigt. DreiMeister produziert nach eigenen Angaben Pralinen- und Tr\u00fcffelspezialit\u00e4ten und betreibt am Standort in Werl-West\u00f6nnen auch einen Werksverkauf. Zu m\u00f6glichen Ursachen der finanziellen Schwierigkeiten machte das Unternehmen keine Angaben. Gesch\u00e4ftsf\u00fchrer Markus Luckey \u00e4u\u00dferte sich nicht \u00f6ffentlich zu dem Verfahren.<\/p>\n<p class=\"text-18 leading-17 user-text-lg:text-22 user-text-xl:text-24\">Das <a class=\"transition-colors duration-200 cursor-pointer text-inherit no-underline text-salemsfur md:hover:text-magenta md:hover:border-magenta md:focus:text-magenta border-current border-b border-solid break-words\" data-tracking=\"{&quot;action&quot;:&quot;click&quot;,&quot;category&quot;:&quot;intextLink&quot;,&quot;label&quot;:&quot;\/themen\/familienunternehmen\/&quot;}\" href=\"https:\/\/www.t-online.de\/themen\/familienunternehmen\/\" data-sctrack=\"BodyAnchor\" rel=\"nofollow noopener\" target=\"_blank\">Familienunternehmen<\/a> wurde in den 1970er-Jahren gegr\u00fcndet und ist vor allem f\u00fcr Premium-Pralinen und Schokoladenprodukte bekannt.<\/p>\n","protected":false},"excerpt":{"rendered":"Mehr als 150 Mitarbeiter betroffen Pralinenhersteller DreiMeister beantragt Insolvenz Aktualisiert am 23.05.2026 &#8211; 04:00 UhrLesedauer: 1 Min. Pralinen&hellip;\n","protected":false},"author":2,"featured_media":1039878,"comment_status":"","ping_status":"","sticky":false,"template":"","format":"standard","meta":{"footnotes":"","_share_on_mastodon":"0"},"categories":[134],"tags":[722,326,1601,21012,175,170,169,29,43768,30,23744,1551,171,174,159106,1209,173,172,45908,222888],"class_list":["post-1039877","post","type-post","status-publish","format-standard","has-post-thumbnail","category-unternehmen-maerkte","tag-722","tag-326","tag-amtsgericht","tag-arnsberg","tag-business","tag-companies","tag-companies-markets","tag-deutschland","tag-eigenverwaltung","tag-germany","tag-guetersloh","tag-insolvenz","tag-markets","tag-maerkte","tag-michael-schuette","tag-nordrhein-westfalen","tag-unternehmen","tag-unternehmen-maerkte","tag-werl","tag-westoennen"],"share_on_mastodon":{"url":"https:\/\/pubeurope.com\/@de\/116621756090912706","error":""},"_links":{"self":[{"href":"https:\/\/www.europesays.com\/de\/wp-json\/wp\/v2\/posts\/1039877","targetHints":{"allow":["GET"]}}],"collection":[{"href":"https:\/\/www.europesays.com\/de\/wp-json\/wp\/v2\/posts"}],"about":[{"href":"https:\/\/www.europesays.com\/de\/wp-json\/wp\/v2\/types\/post"}],"author":[{"embeddable":true,"href":"https:\/\/www.europesays.com\/de\/wp-json\/wp\/v2\/users\/2"}],"replies":[{"embeddable":true,"href":"https:\/\/www.europesays.com\/de\/wp-json\/wp\/v2\/comments?post=1039877"}],"version-history":[{"count":0,"href":"https:\/\/www.europesays.com\/de\/wp-json\/wp\/v2\/posts\/1039877\/revisions"}],"wp:featuredmedia":[{"embeddable":true,"href":"https:\/\/www.europesays.com\/de\/wp-json\/wp\/v2\/media\/1039878"}],"wp:attachment":[{"href":"https:\/\/www.europesays.com\/de\/wp-json\/wp\/v2\/media?parent=1039877"}],"wp:term":[{"taxonomy":"category","embeddable":true,"href":"https:\/\/www.europesays.com\/de\/wp-json\/wp\/v2\/categories?post=1039877"},{"taxonomy":"post_tag","embeddable":true,"href":"https:\/\/www.europesays.com\/de\/wp-json\/wp\/v2\/tags?post=1039877"}],"curies":[{"name":"wp","href":"https:\/\/api.w.org\/{rel}","templated":true}]}}