{"id":103988,"date":"2025-05-12T06:01:47","date_gmt":"2025-05-12T06:01:47","guid":{"rendered":"https:\/\/www.europesays.com\/de\/103988\/"},"modified":"2025-05-12T06:01:47","modified_gmt":"2025-05-12T06:01:47","slug":"feuerwehr-essen-loescht-brennende-wohnung","status":"publish","type":"post","link":"https:\/\/www.europesays.com\/de\/103988\/","title":{"rendered":"Feuerwehr Essen l\u00f6scht brennende Wohnung"},"content":{"rendered":"<p>Wohnungsbrand in Essen &#8211; Retter k\u00f6nnen Schlimmeres verhindern<\/p>\n<p>In der Nacht schlagen Flammen aus einer Wohnung, es raucht stark. Das ist gl\u00fccklicherweise auch Passanten an der Karnaper Stra\u00dfe aufgefallen &#8211; sie w\u00e4hlen den Notruf. W\u00e4hrend die Feuerwehr anr\u00fcckt, warnen die Passanten schon die Bewohner im Haus. Als die Einsatzkr\u00e4fte ankommen, wird sofort klar, in welcher Wohnung es brennt, sogar nur ein einzelnes Zimmer war betroffen. Das Feuer konnten die Feuerwehrleute schnell l\u00f6schen. Danach musste das Haus entraucht und mit speziellen Messger\u00e4ten \u00fcberpr\u00fcft werden. \u00dcberall au\u00dfer in der Brandwohnung waren die Messwerte in Ordnung und die Bewohner konnten zur\u00fcck ins Haus. Die Mieter der Brandwohnung mussten bei Bekannten unterkommen. Bei dem Einsatz wurde niemand verletzt. Jetzt ermittelt die Polizei, wieso es gebrannt hat.<\/p>\n<p>Mehr Nachrichten aus Essen<\/p>\n","protected":false},"excerpt":{"rendered":"Wohnungsbrand in Essen &#8211; Retter k\u00f6nnen Schlimmeres verhindern In der Nacht schlagen Flammen aus einer Wohnung, es raucht&hellip;\n","protected":false},"author":2,"featured_media":103989,"comment_status":"","ping_status":"","sticky":false,"template":"","format":"standard","meta":{"footnotes":""},"categories":[1834],"tags":[3275,2919,3364,29,3688,987,985,30,1209,626],"class_list":{"0":"post-103988","1":"post","2":"type-post","3":"status-publish","4":"format-standard","5":"has-post-thumbnail","7":"category-essen","8":"tag-lokalnachrichten","9":"tag-brand","10":"tag-de","11":"tag-deutschland","12":"tag-essen","13":"tag-feuer","14":"tag-feuerwehr","15":"tag-germany","16":"tag-nordrhein-westfalen","17":"tag-wohnung"},"share_on_mastodon":{"url":"https:\/\/pubeurope.com\/@de\/114493347808120634","error":""},"_links":{"self":[{"href":"https:\/\/www.europesays.com\/de\/wp-json\/wp\/v2\/posts\/103988","targetHints":{"allow":["GET"]}}],"collection":[{"href":"https:\/\/www.europesays.com\/de\/wp-json\/wp\/v2\/posts"}],"about":[{"href":"https:\/\/www.europesays.com\/de\/wp-json\/wp\/v2\/types\/post"}],"author":[{"embeddable":true,"href":"https:\/\/www.europesays.com\/de\/wp-json\/wp\/v2\/users\/2"}],"replies":[{"embeddable":true,"href":"https:\/\/www.europesays.com\/de\/wp-json\/wp\/v2\/comments?post=103988"}],"version-history":[{"count":0,"href":"https:\/\/www.europesays.com\/de\/wp-json\/wp\/v2\/posts\/103988\/revisions"}],"wp:featuredmedia":[{"embeddable":true,"href":"https:\/\/www.europesays.com\/de\/wp-json\/wp\/v2\/media\/103989"}],"wp:attachment":[{"href":"https:\/\/www.europesays.com\/de\/wp-json\/wp\/v2\/media?parent=103988"}],"wp:term":[{"taxonomy":"category","embeddable":true,"href":"https:\/\/www.europesays.com\/de\/wp-json\/wp\/v2\/categories?post=103988"},{"taxonomy":"post_tag","embeddable":true,"href":"https:\/\/www.europesays.com\/de\/wp-json\/wp\/v2\/tags?post=103988"}],"curies":[{"name":"wp","href":"https:\/\/api.w.org\/{rel}","templated":true}]}}