{"id":104001,"date":"2025-05-12T06:08:34","date_gmt":"2025-05-12T06:08:34","guid":{"rendered":"https:\/\/www.europesays.com\/de\/104001\/"},"modified":"2025-05-12T06:08:34","modified_gmt":"2025-05-12T06:08:34","slug":"jubilaeumsfest-auf-dem-abenteuerspielplatz-moersenbroich","status":"publish","type":"post","link":"https:\/\/www.europesays.com\/de\/104001\/","title":{"rendered":"Jubil\u00e4umsfest auf dem Abenteuerspielplatz M\u00f6rsenbroich"},"content":{"rendered":"<p class=\"text_ohne_einzug richtext text-em-55 !leading-serif mx-6 desktop:mx-0\"> Eigentlich k\u00f6nnen sich die sechs- bis 14-J\u00e4hrigen v\u00f6llig frei und ungezwungen auf dem Abenteuerspielplatz M\u00f6rsenbroich bewegen, doch beim Familienfest zum 50-j\u00e4hrigen Bestehen war ein Bereich abgesperrt. In dem brannte ein Feuer, um darin Eisenstangen so weit zu erhitzen, dass sie geschmiedet werden konnten. Die Mitarbeiter des Spielplatzes hatten ein waches Auge darauf, wer in den abgesperrten Bereich hinein durfte. Mayreli durfte, musste aber ihre Fleecejacke ausziehen, weil die bei zu engem Kontakt mit Flammen schmelzen w\u00fcrde. Also Fleecejacke aus, die schwere, aber sch\u00fctzende Schmiedesch\u00fcrze um, und los ging es. Mayreli bearbeitete mit einem Hammer das rot-gl\u00fchende Ende des Eisens und formte aus dem urspr\u00fcnglich geraden St\u00fcck eine eingerollte Schnecke.<\/p>\n","protected":false},"excerpt":{"rendered":"Eigentlich k\u00f6nnen sich die sechs- bis 14-J\u00e4hrigen v\u00f6llig frei und ungezwungen auf dem Abenteuerspielplatz M\u00f6rsenbroich bewegen, doch beim&hellip;\n","protected":false},"author":2,"featured_media":104002,"comment_status":"","ping_status":"","sticky":false,"template":"","format":"standard","meta":{"footnotes":""},"categories":[1831],"tags":[14164,41148,41146,3364,29,3405,987,41143,41144,30,36245,41145,41142,29969,1209,3445,41147,40539],"class_list":{"0":"post-104001","1":"post","2":"type-post","3":"status-publish","4":"format-standard","5":"has-post-thumbnail","7":"category-duesseldorf","8":"tag-abenteuerspielplatz","9":"tag-abenteuerspielplaetze","10":"tag-abenteuerspielplatzes","11":"tag-de","12":"tag-deutschland","13":"tag-duesseldorf","14":"tag-feuer","15":"tag-fleecejacke","16":"tag-gefuehlt","17":"tag-germany","18":"tag-gestalten","19":"tag-koplowitz","20":"tag-mayreli","21":"tag-moersenbroich","22":"tag-nordrhein-westfalen","23":"tag-spielplatz","24":"tag-spielplatzes","25":"tag-taeglich"},"share_on_mastodon":{"url":"https:\/\/pubeurope.com\/@de\/114493371533131498","error":""},"_links":{"self":[{"href":"https:\/\/www.europesays.com\/de\/wp-json\/wp\/v2\/posts\/104001","targetHints":{"allow":["GET"]}}],"collection":[{"href":"https:\/\/www.europesays.com\/de\/wp-json\/wp\/v2\/posts"}],"about":[{"href":"https:\/\/www.europesays.com\/de\/wp-json\/wp\/v2\/types\/post"}],"author":[{"embeddable":true,"href":"https:\/\/www.europesays.com\/de\/wp-json\/wp\/v2\/users\/2"}],"replies":[{"embeddable":true,"href":"https:\/\/www.europesays.com\/de\/wp-json\/wp\/v2\/comments?post=104001"}],"version-history":[{"count":0,"href":"https:\/\/www.europesays.com\/de\/wp-json\/wp\/v2\/posts\/104001\/revisions"}],"wp:featuredmedia":[{"embeddable":true,"href":"https:\/\/www.europesays.com\/de\/wp-json\/wp\/v2\/media\/104002"}],"wp:attachment":[{"href":"https:\/\/www.europesays.com\/de\/wp-json\/wp\/v2\/media?parent=104001"}],"wp:term":[{"taxonomy":"category","embeddable":true,"href":"https:\/\/www.europesays.com\/de\/wp-json\/wp\/v2\/categories?post=104001"},{"taxonomy":"post_tag","embeddable":true,"href":"https:\/\/www.europesays.com\/de\/wp-json\/wp\/v2\/tags?post=104001"}],"curies":[{"name":"wp","href":"https:\/\/api.w.org\/{rel}","templated":true}]}}