{"id":1040019,"date":"2026-05-23T04:50:24","date_gmt":"2026-05-23T04:50:24","guid":{"rendered":"https:\/\/www.europesays.com\/de\/1040019\/"},"modified":"2026-05-23T04:50:24","modified_gmt":"2026-05-23T04:50:24","slug":"us-zentralbank-donald-trump-vereidigt-kevin-warsh-als-notenbankchef","status":"publish","type":"post","link":"https:\/\/www.europesays.com\/de\/1040019\/","title":{"rendered":"US-Zentralbank: Donald Trump vereidigt Kevin Warsh als Notenbankchef"},"content":{"rendered":"<p class=\"paragraph article__item\">Der <a href=\"https:\/\/www.zeit.de\/wirtschaft\/2026-01\/kevin-warsh-fed-us-notenbank-donald-trump\" target=\"_blank\" rel=\"nofollow noopener\">neue Fed-Chef Kevin<br \/>\nWarsh<\/a> hat seinen \u200bAmtseid als Nachfolger von Jerome Powell<br \/>\ngeleistet. Er wurde im Wei\u00dfen Haus von<br \/>\nUS-Pr\u00e4sident <a class=\"rtr-entity\" href=\"https:\/\/www.zeit.de\/thema\/donald-trump\" rel=\"nofollow noopener\" target=\"_blank\">Donald Trump<\/a> f\u00fcr eine vierj\u00e4hrige Amtszeit als<br \/>\nZentralbankchef vereidigt. An der Zeremonie im<br \/>\nWei\u00dfen Haus nahmen zahlreiche Politiker und Wirtschaftsvertreter teil,<br \/>\nunter anderem die fr\u00fchere Au\u00dfenministerin Condoleezza Rice.\n<\/p>\n<p class=\"paragraph article__item\">\u00bbSchauen Sie nicht auf mich, schauen Sie auf niemanden, machen Sie einfach Ihr Ding und leisten Sie gro\u00dfartige Arbeit\u00ab, sagte Trump bei der Vereidigungszeremonie. Er w\u00fcnsche sich f\u00fcr Warsh in seiner neuen Rolle \u00bbv\u00f6llige Unabh\u00e4ngigkeit\u00ab. Trump sagte zudem, dass die Kursgewinne an der B\u00f6rse signalisieren w\u00fcrden, dass die Anleger Warsh als neuen Chef guthei\u00dfen w\u00fcrden. Warsh war Trumps Wunschkandidat f\u00fcr die Spitze der Fed. In der vergangenen Woche war <a href=\"https:\/\/www.zeit.de\/politik\/ausland\/2026-05\/us-senat-trump-kandidat-kevin-warsh-fed-chef\" target=\"_blank\" rel=\"nofollow noopener\">er mehrheitlich vom US-Senat f\u00fcr das Amt<br \/>\nbest\u00e4tigt worden<\/a>.\n<\/p>\n<p>                        Warsh k\u00fcndigte \u00bbreformorientierte\u00ab Agenda an        <\/p>\n<p class=\"paragraph article__item\">Warsh selbst bedankte sich beim Pr\u00e4sidenten und sprach davon, seine neue Rolle mit Energie und Entschlossenheit ausf\u00fcllen zu wollen. Gleichzeitig wolle er nicht naiv mit den Herausforderungen der Zeit umgehen und aus den Fehlern und Erfolgen der Vergangenheit lernen. Der neue Notenbankchef der US-Notenbank k\u00fcndigte unter seiner F\u00fchrung zudem eine \u00bbreformorientierte\u00ab Agenda an.\n<\/p>\n<p class=\"paragraph article__item\">Er hat sich offen f\u00fcr Zinssenkungen gezeigt und will gleichzeitig die Bilanz der Federal Reserve deutlich verk\u00fcrzen. Trump kritisierte seinen <a href=\"https:\/\/www.zeit.de\/wirtschaft\/2026-03\/leitzins-usa-federal-reserve-fed-krieg-iran\" target=\"_blank\" rel=\"nofollow noopener\">Vorg\u00e4nger immer wieder daf\u00fcr, die Leitzinsen zu z\u00f6gerlich gesenkt zu haben<\/a>. Dar\u00fcber hinaus strebt Warsh eine engere Abstimmung mit der Regierung an. Er war bereits bis 2011 Mitglied des Fed-Gouverneursrats. Damals trat er jedoch aus Protest gegen die Politik des billigen Geldes<br \/>\nzur\u00fcck. Zuletzt \u00e4nderte er jedoch seine Meinung und stimmt Trump mittlerweile zu,<br \/>\ndass der Leitzins sinken m\u00fcsse.\n<\/p>\n<p>        Unabh\u00e4ngigkeit der Notenbank steht unter Druck        <\/p>\n<p class=\"paragraph article__item\">Der F\u00fchrungswechsel bei der Fed geschieht, w\u00e4hrend die US-Notenbank sich um eine steigende Inflation sorgt. Bei der Sitzung Ende April sprach sich eine Mehrheit der Fed-Vertreter daf\u00fcr aus, die <a href=\"https:\/\/www.zeit.de\/wirtschaft\/2026-04\/us-notenbank-federal-reserve-leitzins-unveraendert-energiekrise\" target=\"_blank\" rel=\"nofollow noopener\">Basis f\u00fcr eine m\u00f6gliche Zinserh\u00f6hung zu schaffen<\/a>. Sie begr\u00fcndeten diesen Schritt damit, dass eine Straffung der Geldpolitik erforderlich sein k\u00f6nnte, falls die Inflation anhaltend \u00fcber dem Ziel der Notenbank von zwei Prozent bleibe. Die im Zuge des Irankriegs gestiegenen Energiepreise <a href=\"https:\/\/www.zeit.de\/wirtschaft\/2026-05\/iran-usa-inflation-april-oel-energie-preise\" target=\"_blank\" rel=\"nofollow noopener\">treiben die Inflation an<\/a>, die Verbraucherpreise stiegen im April um 3,8 Prozent zum Vorjahresmonat. Damit steht Warsh zu Beginn seiner Amtszeit vor der Herausforderung eines Inflationsschubs.\n<\/p>\n<p>                            \u00a9\u00a0Lea Dohle<\/p>\n<p>\n                                        Newsletter<br \/>\n                                        Was jetzt? \u2013 Der t\u00e4gliche Morgen\u00fcberblick<\/p>\n<p class=\"newsletter-signup__text\">Starten Sie mit unserem kurzen Nachrichten-Newsletter in den Tag. Erhalten Sie zudem freitags das digitale Magazin ZEIT am Wochenende.<\/p>\n<p class=\"newsletter-signup__datapolicy\" hidden=\"\">\n            Mit Ihrer Registrierung nehmen Sie die <a href=\"https:\/\/datenschutz.zeit.de\/zon#Newsletter\" target=\"_blank\" rel=\"nofollow noopener\">Datenschutzerkl\u00e4rung<\/a> zur Kenntnis.\n        <\/p>\n<p>    Vielen Dank! Wir haben Ihnen eine E-Mail geschickt.<\/p>\n<p>Pr\u00fcfen Sie Ihr Postfach und best\u00e4tigen Sie das Newsletter-Abonnement.<\/p>\n<p class=\"paragraph article__item\">Powell will als einfacher Direktor weiter im Board der Notenbank bleiben. Er hatte Ende April seine letzte Sitzung als Notenbankchef geleitet, nachdem er die Notenbank acht Jahre lang gef\u00fchrt hatte. Sein Verh\u00e4ltnis zu Trump war zunehmend belastet, der Streit gipfelte in mittlerweile eingestellten Ermittlungen gegen Powell im Zusammenhang mit der Renovierung der Notenbankzentrale in Washington.\n<\/p>\n<p class=\"paragraph article__item\">Der Wechsel an der Spitze f\u00e4llt somit in eine Phase, in der die <a href=\"https:\/\/www.zeit.de\/wirtschaft\/2025-12\/us-notenbank-fed-zinsentscheidung-spaltung-donald-trump\" target=\"_blank\" rel=\"nofollow noopener\">Unabh\u00e4ngigkeit der Notenbank zuletzt unter Druck geraten ist<\/a>. Trump hatte immer wieder versucht, Einfluss auf die Fed zu gewinnen. Warsh versprach jedoch bei seinem Best\u00e4tigungsverfahren im Senat, Zinsentscheidungen als Notenbankchef \u00bbstrikt unabh\u00e4ngig\u00ab von politischen Erw\u00e4gungen zu treffen. Er sei absolut keine Marionette des US-Pr\u00e4sidenten, sagte er und reagierte damit auf einen Vorwurf der oppositionellen Demokraten.\n<\/p>\n<p>Mehr zu diesem Thema <\/p>\n<p>            US-Zentralbank        <\/p>\n<p>                <a href=\"https:\/\/www.zeit.de\/wirtschaft\/2026-02\/dollar-absturz-donald-trump-wirtschaftspolitik-verbraucher-exportunternehmen\" data-ct-label=\"Dollarabsturz: Warum wir alle f\u00fcr den schwachen Dollar zahlen\" data-uuid=\"02f2a298-ecc7-44f2-a633-dee96dd51bc5\" rel=\"nofollow noopener\" target=\"_blank\"><\/p>\n<p>        Z+ (abopflichtiger Inhalt);<\/p>\n<p>    Dollarabsturz:<br \/>\n                        Warum wir alle f\u00fcr den schwachen Dollar zahlen<\/p>\n<p>                <\/a><\/p>\n<p>                <a href=\"https:\/\/www.zeit.de\/2026\/22\/kevin-warsh-federal-reserve-notenbank-donald-trump\" data-ct-label=\"Kevin Warsh: Was der neue Fed-Chef wirklich will \u2013 und kann\" data-uuid=\"fb82f6a3-d284-4eb2-bb44-efc088a44f00\" rel=\"nofollow noopener\" target=\"_blank\"><\/p>\n<p>        Z+ (abopflichtiger Inhalt);<\/p>\n<p>    Kevin Warsh:<br \/>\n                        Was der neue Fed-Chef wirklich will \u2013 und kann<\/p>\n<p>                <\/a><\/p>\n<p>                <a href=\"https:\/\/www.zeit.de\/2026\/17\/strasse-von-hormus-iran-petrodollar-oelhandel-usa\" data-ct-label=\"Stra\u00dfe von Hormus: Stirbt der Dollar an der Stra\u00dfe von Hormus?\" data-uuid=\"fad3a69b-3291-4f1c-96c7-20345acc9cb3\" rel=\"nofollow noopener\" target=\"_blank\"><\/p>\n<p>        Z+ (abopflichtiger Inhalt);<\/p>\n<p>    Stra\u00dfe von Hormus:<br \/>\n                        Stirbt der Dollar an der Stra\u00dfe von Hormus?<\/p>\n<p>                <\/a><\/p>\n","protected":false},"excerpt":{"rendered":"Der neue Fed-Chef Kevin Warsh hat seinen \u200bAmtseid als Nachfolger von Jerome Powell geleistet. Er wurde im Wei\u00dfen&hellip;\n","protected":false},"author":2,"featured_media":1040020,"comment_status":"","ping_status":"","sticky":false,"template":"","format":"standard","meta":{"footnotes":"","_share_on_mastodon":"0"},"categories":[134],"tags":[175,170,169,29,106,30,19654,88938,171,174,16,173,172,222906,79530],"class_list":["post-1040019","post","type-post","status-publish","format-standard","has-post-thumbnail","category-unternehmen-maerkte","tag-business","tag-companies","tag-companies-markets","tag-deutschland","tag-donald-trump","tag-germany","tag-jerome-powell","tag-kevin-warsh","tag-markets","tag-maerkte","tag-politik","tag-unternehmen","tag-unternehmen-maerkte","tag-us-zentralbank","tag-vereidigung"],"share_on_mastodon":{"url":"https:\/\/pubeurope.com\/@de\/116622093968538871","error":""},"_links":{"self":[{"href":"https:\/\/www.europesays.com\/de\/wp-json\/wp\/v2\/posts\/1040019","targetHints":{"allow":["GET"]}}],"collection":[{"href":"https:\/\/www.europesays.com\/de\/wp-json\/wp\/v2\/posts"}],"about":[{"href":"https:\/\/www.europesays.com\/de\/wp-json\/wp\/v2\/types\/post"}],"author":[{"embeddable":true,"href":"https:\/\/www.europesays.com\/de\/wp-json\/wp\/v2\/users\/2"}],"replies":[{"embeddable":true,"href":"https:\/\/www.europesays.com\/de\/wp-json\/wp\/v2\/comments?post=1040019"}],"version-history":[{"count":0,"href":"https:\/\/www.europesays.com\/de\/wp-json\/wp\/v2\/posts\/1040019\/revisions"}],"wp:featuredmedia":[{"embeddable":true,"href":"https:\/\/www.europesays.com\/de\/wp-json\/wp\/v2\/media\/1040020"}],"wp:attachment":[{"href":"https:\/\/www.europesays.com\/de\/wp-json\/wp\/v2\/media?parent=1040019"}],"wp:term":[{"taxonomy":"category","embeddable":true,"href":"https:\/\/www.europesays.com\/de\/wp-json\/wp\/v2\/categories?post=1040019"},{"taxonomy":"post_tag","embeddable":true,"href":"https:\/\/www.europesays.com\/de\/wp-json\/wp\/v2\/tags?post=1040019"}],"curies":[{"name":"wp","href":"https:\/\/api.w.org\/{rel}","templated":true}]}}