{"id":1040259,"date":"2026-05-23T07:09:20","date_gmt":"2026-05-23T07:09:20","guid":{"rendered":"https:\/\/www.europesays.com\/de\/1040259\/"},"modified":"2026-05-23T07:09:20","modified_gmt":"2026-05-23T07:09:20","slug":"borussia-dortmund-er-galt-als-hoffnungstraeger-julien-duranville-vor-bvb-ende-sport","status":"publish","type":"post","link":"https:\/\/www.europesays.com\/de\/1040259\/","title":{"rendered":"Borussia Dortmund: Er galt als Hoffnungstr\u00e4ger! Julien Duranville vor BVB-Ende | Sport"},"content":{"rendered":"<p><a class=\"skip-content skip-content--link\" href=\"#in-content-skip-link-target-v-0-0\">TTS-Player \u00fcberspringen\u21b5<\/a><a id=\"in-content-skip-link-target-v-0-0\" class=\"skip-content--target-link-hidden skip-content skip-content--target-link\" href=\"#in-content-skip-link-target-v-0-0\">Artikel weiterlesen<\/a><\/p>\n<p data-21134c99=\"0-489\"><b>Dortmund hoffte auf den n\u00e4chsten Mega-Star \u2013 jetzt steht Julien Duranville (20) nach BILD-Informationen vor dem BVB-Aus!<\/b><\/p>\n<p data-21134c99=\"0-489\">Der Belgier, f\u00fcr den der Klub im Winter 2023 noch 8,5 Mio. Euro an Anderlecht \u00fcberwiesen hatte, konnte auch bei seiner Leihe zum FC Basel den erhofften Durchbruch nicht schaffen. Die Zahlen sprechen eine klare Sprache: 16 Spiele, nur zwei Tore und eine Vorlage in der Schweizer Liga. Zu wenig f\u00fcr einen Spieler, der beim BVB lange als eines der gr\u00f6\u00dften Offensiv-Talente Europas galt. <\/p>\n<p>Duranville vor BVB-Ende<\/p>\n<p data-21134c99=\"490-1076\">Inzwischen arbeiten beide Seiten \u2013 trotz Vertrages bis 2028 \u2013 an einer endg\u00fcltigen Trennung. Vor allem Vereine aus Frankreich besch\u00e4ftigen sich aktuell mit Duranville. Klar ist aber auch: Der fr\u00fchere Hoffnungstr\u00e4ger spielt in den Zukunftspl\u00e4nen der Dortmunder kaum noch eine Rolle.<\/p>\n<p data-21134c99=\"490-1076\">Dabei waren die Erwartungen einst riesig. Bayern-Trainer Vincent Kompany (40) schw\u00e4rmte noch zu gemeinsamen Belgien-Zeiten \u00f6ffentlich vom Fl\u00fcgel-Fltzer und brachte ihn sogar mit dem Ballon d\u2019Or in Verbindung. Aussagen, die heute fast surreal wirken. Denn Duranvilles Zeit in Dortmund wurde zur gro\u00dfen Entt\u00e4uschung. Immer wieder stoppten ihn Verletzungen, insgesamt verpasste er mehr als 80 Pflichtspiele f\u00fcr Klub und Nationalmannschaft. <\/p>\n<p>Haben Sie das gesehen?: Sabitzer spielt mit dem Feuer<a class=\"anchor video-teaser__anchor\" href=\"https:\/\/www.bild.de\/sport\/fussball\/haben-sie-das-gesehen-sabitzer-spielt-mit-dem-feuer-6a042c439e875c402d54f4b9\" rel=\"nofollow noopener\" target=\"_blank\"><img decoding=\"async\" width=\"992\" height=\"558\" alt=\"\" src=\"https:\/\/www.europesays.com\/de\/wp-content\/uploads\/2026\/05\/3fcd9be0619727fbc956cbc81b437a31,17a5d696.jpeg\"   class=\"landscape teaser__image\" loading=\"lazy\"\/><\/a><\/p>\n<p>Quelle: BVB13.05.2026<\/p>\n<p data-21134c99=\"1077-1663\">Doch nicht nur k\u00f6rperlich gab es intern zuletzt gro\u00dfe Zweifel. Schon vor seiner Basel-Leihe h\u00e4uften sich beim BVB die Kritikpunkte. Einsatz, K\u00f6rpersprache und Haltung sollen die Verantwortlichen mehrfach entt\u00e4uscht haben. <\/p>\n<p data-21134c99=\"1077-1663\">Auch Borussia-Trainer Niko Kovac (54) ging damals \u00f6ffentlich auf Distanz und sagte \u00fcber den Au\u00dfenspieler: \u201eWir sind beim BVB, und da sind richtig gute Spieler unterwegs. Er auch, aber die anderen sind besser!\u201c <\/p>\n<p data-21134c99=\"1664-1957\">Danach verschwand Duranville zeitweise sogar komplett aus dem Profi-Kader. <\/p>\n<p data-21134c99=\"1664-1957\">Die Basel-Leihe sollte jetzt der Neustart werden \u2013 doch auch dort gelang ihm der gro\u00dfe Befreiungsschlag nicht. Zwar sammelte der Belgier Spielzeit, eine echte Explosion blieb aber aus&#8230;<\/p>\n","protected":false},"excerpt":{"rendered":"TTS-Player \u00fcberspringen\u21b5Artikel weiterlesen Dortmund hoffte auf den n\u00e4chsten Mega-Star \u2013 jetzt steht Julien Duranville (20) nach BILD-Informationen vor&hellip;\n","protected":false},"author":2,"featured_media":1040260,"comment_status":"","ping_status":"","sticky":false,"template":"","format":"standard","meta":{"footnotes":"","_share_on_mastodon":"0"},"categories":[1833],"tags":[888,3364,29,217,538,347,30,5131,1209,803,819],"class_list":["post-1040259","post","type-post","status-publish","format-standard","has-post-thumbnail","category-dortmund","tag-borussia-dortmund","tag-de","tag-deutschland","tag-dortmund","tag-erste-bundesliga","tag-fussball","tag-germany","tag-kovac-niko","tag-nordrhein-westfalen","tag-spielertransfer","tag-sport-leuchtturm-essen"],"share_on_mastodon":{"url":"https:\/\/pubeurope.com\/@de\/116622640302839194","error":""},"_links":{"self":[{"href":"https:\/\/www.europesays.com\/de\/wp-json\/wp\/v2\/posts\/1040259","targetHints":{"allow":["GET"]}}],"collection":[{"href":"https:\/\/www.europesays.com\/de\/wp-json\/wp\/v2\/posts"}],"about":[{"href":"https:\/\/www.europesays.com\/de\/wp-json\/wp\/v2\/types\/post"}],"author":[{"embeddable":true,"href":"https:\/\/www.europesays.com\/de\/wp-json\/wp\/v2\/users\/2"}],"replies":[{"embeddable":true,"href":"https:\/\/www.europesays.com\/de\/wp-json\/wp\/v2\/comments?post=1040259"}],"version-history":[{"count":0,"href":"https:\/\/www.europesays.com\/de\/wp-json\/wp\/v2\/posts\/1040259\/revisions"}],"wp:featuredmedia":[{"embeddable":true,"href":"https:\/\/www.europesays.com\/de\/wp-json\/wp\/v2\/media\/1040260"}],"wp:attachment":[{"href":"https:\/\/www.europesays.com\/de\/wp-json\/wp\/v2\/media?parent=1040259"}],"wp:term":[{"taxonomy":"category","embeddable":true,"href":"https:\/\/www.europesays.com\/de\/wp-json\/wp\/v2\/categories?post=1040259"},{"taxonomy":"post_tag","embeddable":true,"href":"https:\/\/www.europesays.com\/de\/wp-json\/wp\/v2\/tags?post=1040259"}],"curies":[{"name":"wp","href":"https:\/\/api.w.org\/{rel}","templated":true}]}}