{"id":1040325,"date":"2026-05-23T07:44:23","date_gmt":"2026-05-23T07:44:23","guid":{"rendered":"https:\/\/www.europesays.com\/de\/1040325\/"},"modified":"2026-05-23T07:44:23","modified_gmt":"2026-05-23T07:44:23","slug":"fussball-fsa-pokal-halle-gegen-halberstadt-sind-aller-guten-dinge-drei-oder-vier","status":"publish","type":"post","link":"https:\/\/www.europesays.com\/de\/1040325\/","title":{"rendered":"Fu\u00dfball | FSA-Pokal: Halle gegen Halberstadt: Sind aller guten Dinge drei oder vier?"},"content":{"rendered":"<p>            <img loading=\"lazy\" decoding=\"async\" class=\"ts-image\" src=\"https:\/\/www.europesays.com\/de\/wp-content\/uploads\/2026\/05\/mdr-pressekonferenz-146.jpg\" alt=\"Pressekonferenz\" title=\"Pressekonferenz | MITTELDEUTSCHER RUNDFUNK\"\/><\/p>\n<p class=\"metatextline\">Stand: 23.05.2026 \u2022 09:00 Uhr<\/p>\n<p class=\"article-head__shorttext\">\n        <strong><strong>Nicht zum ersten Mal treffen der Hallesche FC und Germania Halberstadt im FSA-Pokalfinale aufeinander. Die Erinnerung an das Endspiel 2024 ist bei Germania-Coach Rost noch sehr frisch. Kein Wunder bei dem Spielverlauf. Am Samstag trifft er auf einen guten, alten Bekannten. <\/strong><\/strong>\n    <\/p>\n<p class=\"textabsatz m-ten m-offset-one l-eight l-offset-two columns twelve\">&#8222;Wir kamen jetzt immer n\u00e4her, vielleicht sind ja aller guten Dinge drei&#8220;, sagt Halberstadts Trainer Manuel Rost vor dem FSA-Pokalfinale am Samstag (13:30 Uhr im SPORT-IM-OSTEN-Livestream) beim Halleschen FC. Diesmal soll der Coup des Oberligisten beim Favoriten gelingen.<\/p>\n<p>    2024 f\u00fchrte Halberstadt bis zur 90. Minute<\/p>\n<p class=\"textabsatz m-ten m-offset-one l-eight l-offset-two columns twelve\">Zweimal scheiterte sein Team in den vergangenen Jahren ganz knapp am HFC. 2024 verlor Germania das Finale beim damaligen Drittliga-Absteiger mit 2:4 nach Verl\u00e4ngerung. Nach einem Foul am heutigen HFC-Angreifer Bocar Baro vergab die Rost-Elf zehn Minuten vor dem Ende die Elfmeterchance zum 2:0, kassierte in der 90. den Ausgleich und geriet in der Folge auf die Verliererstra\u00dfe. &#8222;Das Spiel war gepr\u00e4gt von sehr viel Emotion und Energie, es war ja dann auch ein vermeintliches Abseitstor zum 1:1&#8220;, erinnert er sich gut daran.<\/p>\n<p>    Im Oktober 2024 ging es bis ins Elfmeterschie\u00dfen<\/p>\n<p class=\"textabsatz m-ten m-offset-one l-eight l-offset-two columns twelve\">F\u00fcnf Monate sp\u00e4ter traf man sich erneut, im Achtelfinale. Im heimischen Friedensstadion zwang man Halle beim 2:2 sogar ins Elfmeterschie\u00dfen, das die G\u00e4ste dann aber klar mit 4:1 f\u00fcr sich entschieden. In Sachen Elfmeter scheint der HFC definitiv besser zu sein.<\/p>\n<ul class=\"buttongroup buttongroup--copytext\">\n<li class=\"buttongroup__item\">\n<p>    <a class=\"btn btn--text btn--standard-secondary btn--fullwidth\" href=\"https:\/\/www.mdr.de\/sport\/ergebnisse\/fussball-liveticker-germania-halberstadt-hallescher-fc-104.html\" rel=\"nofollow noopener\" target=\"_blank\"><br \/>\n        Statistik &amp; Ticker: Germania Halberstadt &#8211; Hallescher FC<\/p>\n<p>  Pfeil rechts<\/p>\n<p>    <\/a>\n<\/li>\n<li class=\"buttongroup__item\">\n<p>    <a class=\"btn btn--text btn--standard-secondary btn--fullwidth\" href=\"https:\/\/www.mdr.de\/sport\/ergebnisse\/fussball-fsa-pokal-110.html\" rel=\"nofollow noopener\" target=\"_blank\"><br \/>\n        FSA-Pokal: Ansetzungen &amp; Ergebnisse<\/p>\n<p>  Pfeil rechts<\/p>\n<p>    <\/a>\n<\/li>\n<\/ul>\n<p>    Halle gewann die j\u00fcngsten drei FSA-Pokal-Ausgaben<\/p>\n<p class=\"textabsatz m-ten m-offset-one l-eight l-offset-two columns twelve\">Halle hofft auf den vierten Pokaltriumph in Folge, wobei die ersten drei keine Glanzleistungen waren. Das braucht Trainer Robert Schr\u00f6der, der auf den verletzten Jan L\u00f6hmannsr\u00f6ben verzichten muss, auch nicht unbedingt: &#8222;Pokalspiele muss man gewinnen, da geht es nicht ums Wie, sondern es geht darum, zum Abpfiff ein Tor mehr zu haben als der Gegner, und das ist unser ganz gro\u00dfes Ziel. Und wenn wir dann am Ende den Pokal in der Hand halten, dann ist mir das tats\u00e4chlich erstmal egal, ob das sch\u00f6n oder unsch\u00f6n aussah.&#8220;<\/p>\n<p class=\"textabsatz m-ten m-offset-one l-eight l-offset-two columns twelve\">Die bisherige Pokalsaison h\u00e4tte f\u00fcr sein Team Aufs und Abs gebracht, &#8222;bei Turbine Halle bekleckerten wir uns nicht mit Ruhm&#8220;, aber zuletzt habe man sich stetig gesteigert. Da soll der Trend Schr\u00f6ders Friend werden.<\/p>\n<p>    Schr\u00f6der und Rost: alte Freunde<\/p>\n<p class=\"textabsatz m-ten m-offset-one l-eight l-offset-two columns twelve\">A propos Freund: Sein Kontrahent Manuel Rost ist ein Freund des HFC-Trainers, beide kommen aus Th\u00fcringen: &#8222;Manu ist ein toller Kerl, wir haben die Trainer-Ausbildung zusammen absolviert und hatten bereits in der Kindheit Ber\u00fchrungspunkte bei Rot-Wei\u00df Erfurt.&#8220; Sein Kumpel erinnert sich: &#8222;Als Robert in Halle Trainer geworden ist, da habe ich ihm mitgegeben: &#8218;Im Pokal wird es schwer'&#8220;. Das Pokalfinale war eines der Saisonziele der Vorharzer. Auch das zweite Vorhaben, die Top Five in der Oberliga, hat man als aktuell F\u00fcnfter in Reichweite.<\/p>\n<p>    Mehr als 4.000 Karten verkauft<\/p>\n<p class=\"textabsatz m-ten m-offset-one l-eight l-offset-two columns twelve\">Im Vorverkauf sind 4.100 Tickets abgesetzt worden. Aus Halberstadt w\u00fcrden sich auch einige Busse in Bewegung setzen, so Manuel Rost: &#8222;Soweit ich informiert bin, ist unser Block schon sehr gut gef\u00fcllt. Es sind wohl auch von unserer Seite aus mehr Tickets verkauft als 2024.&#8220; Die Germania-Anh\u00e4nger wollen in Wei\u00df kommen, die wei\u00dfe Fahne will die Mannschaft aber ganz und gar nicht hissen.<\/p>\n<p class=\"textabsatz m-ten m-offset-one l-eight l-offset-two columns twelve\">cke<\/p>\n<p>                                        <a class=\"backlink__link\" href=\"https:\/\/www.mdr.de\/sport\/fussball_pokal\/landespokale\/vorschau-mdr-sport-im-osten-fsa-pokal-finale-vfb-germania-halberstadt-hallescher-fc-100.html\" rel=\"nofollow noopener\" target=\"_blank\"><\/p>\n<p>                                                <img decoding=\"async\" src=\"https:\/\/images.sportschau.de\/image\/3b6f5760-8e5b-474f-ab60-9f42d5eba8e2\/AAABlap_eyE\/AAABnR8VW9w\/original\/lra-mdr-logo-100.svg\" alt=\"Mitteldeutscher Rundfunk\"\/><\/p>\n<p>                                        <\/a><\/p>\n","protected":false},"excerpt":{"rendered":"Stand: 23.05.2026 \u2022 09:00 Uhr Nicht zum ersten Mal treffen der Hallesche FC und Germania Halberstadt im FSA-Pokalfinale&hellip;\n","protected":false},"author":2,"featured_media":1040326,"comment_status":"","ping_status":"","sticky":false,"template":"","format":"standard","meta":{"footnotes":"","_share_on_mastodon":"0"},"categories":[1860],"tags":[3364,29,548,663,3934,35985,30,4062,17332,12435,13,81,14,15,17331,860,12,90103],"class_list":["post-1040325","post","type-post","status-publish","format-standard","has-post-thumbnail","category-halle-saale","tag-de","tag-deutschland","tag-eu","tag-europa","tag-europe","tag-finaltag-der-amateure","tag-germany","tag-halle","tag-halle-saale","tag-hallescher-fc","tag-headlines","tag-mdr","tag-nachrichten","tag-news","tag-saale","tag-sachsen-anhalt","tag-schlagzeilen","tag-vfb-germania-halberstadt"],"share_on_mastodon":{"url":"https:\/\/pubeurope.com\/@de\/116622778004370395","error":""},"_links":{"self":[{"href":"https:\/\/www.europesays.com\/de\/wp-json\/wp\/v2\/posts\/1040325","targetHints":{"allow":["GET"]}}],"collection":[{"href":"https:\/\/www.europesays.com\/de\/wp-json\/wp\/v2\/posts"}],"about":[{"href":"https:\/\/www.europesays.com\/de\/wp-json\/wp\/v2\/types\/post"}],"author":[{"embeddable":true,"href":"https:\/\/www.europesays.com\/de\/wp-json\/wp\/v2\/users\/2"}],"replies":[{"embeddable":true,"href":"https:\/\/www.europesays.com\/de\/wp-json\/wp\/v2\/comments?post=1040325"}],"version-history":[{"count":0,"href":"https:\/\/www.europesays.com\/de\/wp-json\/wp\/v2\/posts\/1040325\/revisions"}],"wp:featuredmedia":[{"embeddable":true,"href":"https:\/\/www.europesays.com\/de\/wp-json\/wp\/v2\/media\/1040326"}],"wp:attachment":[{"href":"https:\/\/www.europesays.com\/de\/wp-json\/wp\/v2\/media?parent=1040325"}],"wp:term":[{"taxonomy":"category","embeddable":true,"href":"https:\/\/www.europesays.com\/de\/wp-json\/wp\/v2\/categories?post=1040325"},{"taxonomy":"post_tag","embeddable":true,"href":"https:\/\/www.europesays.com\/de\/wp-json\/wp\/v2\/tags?post=1040325"}],"curies":[{"name":"wp","href":"https:\/\/api.w.org\/{rel}","templated":true}]}}