{"id":1040415,"date":"2026-05-23T08:42:19","date_gmt":"2026-05-23T08:42:19","guid":{"rendered":"https:\/\/www.europesays.com\/de\/1040415\/"},"modified":"2026-05-23T08:42:19","modified_gmt":"2026-05-23T08:42:19","slug":"japan-tag-2026-duesseldorf-parken-sperrungen-und-umleitungen","status":"publish","type":"post","link":"https:\/\/www.europesays.com\/de\/1040415\/","title":{"rendered":"Japan-Tag 2026 D\u00fcsseldorf: Parken, Sperrungen und Umleitungen"},"content":{"rendered":"<p class=\"text_ohne_einzug richtext text-em-55 !leading-serif mx-6 desktop:mx-0\"> Wer am Samstag zum <a href=\"https:\/\/rp-online.de\/thema\/japan-tag\/\" rel=\"nofollow noopener\" target=\"_blank\">Japan-Tag<\/a> ans Rheinufer will, sollte die D\u00fcsseldorfer Innenstadt weitr\u00e4umig umfahren oder gleich auf Bus und Bahn umsteigen. Darauf weisen die Stadt <a href=\"https:\/\/rp-online.de\/thema\/duesseldorf\/\" rel=\"nofollow noopener\" target=\"_blank\">D\u00fcsseldorf<\/a> und der Veranstalter D Live hin.<\/p>\n<p class=\"richtext text-em-55 !leading-serif mx-6 desktop:mx-0\">Neu in diesem Jahr ist die Lage des Veranstaltungsgel\u00e4ndes. Wegen einer gro\u00dfen Baustelle unter der Kniebr\u00fccke haben die Organisatoren die Fl\u00e4che nach Norden verschoben: Das Samurai-Heerlager und die Sportb\u00fchne ziehen von der Wiese vor dem Landtag hinter die Rheinterrasse. Die Popkulturb\u00fchne wird auf dem Parkplatz neben der Rheinterrasse aufgebaut. Bisher hatten sich B\u00fchnen und St\u00e4nde von der Reuterkaserne bis zum Landtag erstreckt.<\/p>\n<p>Diese Stra\u00dfen und Parkpl\u00e4tze sind von Sperrungen betroffen      <\/p>\n<p class=\"text_ohne_einzug richtext text-em-55 !leading-serif mx-6 desktop:mx-0\">W\u00e4hrend der Auf- und Abbauarbeiten zum Japan-Tag kommt es zu Sperrungen von Stra\u00dfen und Parkzonen. Am Samstag sind Stellpl\u00e4tze am Mannesmannufer, an der Schulstra\u00dfe, am Rathausufer, am Schlossufer, an der Reuterkaserne, an der Ritterstra\u00dfe und an der Ursulinengasse nur eingeschr\u00e4nkt oder gar nicht erreichbar.<\/p>\n<p class=\"richtext text-em-55 !leading-serif mx-6 desktop:mx-0\">Auch Sharingstationen sind betroffen: Die innerst\u00e4dtischen Stationen am Apolloplatz, Burgplatz und der Reuterkaserne sind bereits ab dem Aufbau teilweise gesperrt. Am Veranstaltungstag sind diese Stationen sowie die Stationen auf der Immermannstra\u00dfe deaktiviert.<\/p>\n<p class=\"richtext text-em-55 !leading-serif mx-6 desktop:mx-0\"><a href=\"https:\/\/rp-online.de\/thema\/e-scooter\/\" rel=\"nofollow noopener\" target=\"_blank\">E-Scooter<\/a> und Leihr\u00e4der k\u00f6nnen in den umliegenden Stationen abgestellt werden. Der Standort an der Poststra\u00dfe wird Freitag ab 18 Uhr bis 8 Uhr am Sonntagmorgen vergr\u00f6\u00dfert. Zus\u00e4tzlich werden am Parkplatz Kunstakademie sowie am Kay-und-Lore-Lorenz-Platz zeitgleich erg\u00e4nzende Standorte eingerichtet.<\/p>\n<p class=\"richtext text-em-55 !leading-serif mx-6 desktop:mx-0\">F\u00fcr Radfahrer wird ab sofort eine Umleitung eingerichtet. Der Radverkehr in s\u00fcdlicher Fahrtrichtung wird ab der Tonhalle bis zum Landtag \u00fcber die Oederallee, Heinrich-Heine-Allee, <a href=\"https:\/\/rp-online.de\/thema\/koenigsallee\/\" rel=\"nofollow noopener\" target=\"_blank\">K\u00f6nigsallee<\/a>, Benrather Stra\u00dfe, Kasernenstra\u00dfe und die Haroldstra\u00dfe umgeleitet. In n\u00f6rdlicher Fahrtrichtung verl\u00e4uft die Umleitung \u00fcber die Haroldstra\u00dfe, Breite Stra\u00dfe, Heinrich-Heine-Allee und die Oederallee. Die Umleitungen sind ausgeschildert.<\/p>\n<p>Br\u00fcckensperrungen ab dem fr\u00fchen Abend      <\/p>\n<p class=\"text_ohne_einzug richtext text-em-55 !leading-serif mx-6 desktop:mx-0\">Zum Zeitpunkt <a href=\"https:\/\/rp-online.de\/nrw\/staedte\/duesseldorf\/freizeit\/japan-tag-2026-das-erwartet-besucher-beim-feuerwerk-in-duesseldorf_aid-148548501\" target=\"_blank\" rel=\"nofollow noopener\">des Feuerwerks (Start gegen 23 Uhr, Dauer rund 25 Minuten) <\/a>am Samstagabend kommt es zu erweiterten Sperrungen auf der Kniebr\u00fccke und der Oberkasseler Br\u00fccke. Beide Br\u00fccken bleiben aber f\u00fcr Fu\u00dfg\u00e4nger passierbar. Die Zufahrten zur Kniebr\u00fccke stadtausw\u00e4rts sowie die Abbiegespuren Richtung Oberkassel werden ab dem fr\u00fchen Abend gesperrt und erst nach Ende des Feuerwerks wieder freigegeben.<\/p>\n<p class=\"richtext text-em-55 !leading-serif mx-6 desktop:mx-0\">Parallel wird auch die Zufahrt in den Rheinalleetunnel \u00fcber die B7 \u2013 Heerdter Dreieck gesperrt. Die Oberkasseler Br\u00fccke sowie der Kaiser-Wilhelm-Ring werden weitreichend f\u00fcr den Autoverkehr gesperrt. Die Sperrungen treten in Abstimmung mit der Polizei ab etwa 19 Uhr in Kraft und sollen voraussichtlich etwa 20 Minuten nach Ende des Feuerwerks wieder aufgehoben werden. Stadt- und Stra\u00dfenbahnen k\u00f6nnen die Oberkasseler Br\u00fccke passieren, lediglich w\u00e4hrend des Feuerwerks wird die Strecke gesperrt.<\/p>\n<p>Park &amp; Ride zum Japan-Tag      <\/p>\n<p class=\"text_ohne_einzug richtext text-em-55 !leading-serif mx-6 desktop:mx-0\">Wer mit dem Auto anreist, kann die Parkm\u00f6glichkeiten an der Merkur-Spiel-Arena nutzen. Alternativ steht ein Flughafen-Kombiticket zur Verf\u00fcgung. Zudem haben Deutsche Bahn und <a href=\"https:\/\/rp-online.de\/thema\/rheinbahn\/\" rel=\"nofollow noopener\" target=\"_blank\">Rheinbahn<\/a> ihr Angebot erweitert. &gt;&gt;&gt;<a href=\"https:\/\/rp-online.de\/nrw\/staedte\/duesseldorf\/verkehr\/japan-tag-2026-duesseldorf-alle-infos-zur-an-und-abreise-bahn-bus-auto-und-parken_aid-148365521\" target=\"_blank\" rel=\"nofollow noopener\">Weitere Infos dazu finden Sie hier<\/a>.<\/p>\n","protected":false},"excerpt":{"rendered":"Wer am Samstag zum Japan-Tag ans Rheinufer will, sollte die D\u00fcsseldorfer Innenstadt weitr\u00e4umig umfahren oder gleich auf Bus&hellip;\n","protected":false},"author":2,"featured_media":1040416,"comment_status":"","ping_status":"","sticky":false,"template":"","format":"standard","meta":{"footnotes":"","_share_on_mastodon":"0"},"categories":[1831],"tags":[1739,600,222983,3364,29,3405,4851,30,5783,222982,372,124272,10347,1209,4102,101752,2083,13362,1781,13295],"class_list":["post-1040415","post","type-post","status-publish","format-standard","has-post-thumbnail","category-duesseldorf","tag-bahn","tag-bruecke","tag-brueckensperrungen","tag-de","tag-deutschland","tag-duesseldorf","tag-feuerwerk","tag-germany","tag-gesperrt","tag-heerlager","tag-japan","tag-kniebruecke","tag-lage","tag-nordrhein-westfalen","tag-rheinbahn","tag-samurai","tag-sperrungen","tag-strassenbahnen","tag-tag","tag-veranstalter"],"share_on_mastodon":{"url":"https:\/\/pubeurope.com\/@de\/116623006093142077","error":""},"_links":{"self":[{"href":"https:\/\/www.europesays.com\/de\/wp-json\/wp\/v2\/posts\/1040415","targetHints":{"allow":["GET"]}}],"collection":[{"href":"https:\/\/www.europesays.com\/de\/wp-json\/wp\/v2\/posts"}],"about":[{"href":"https:\/\/www.europesays.com\/de\/wp-json\/wp\/v2\/types\/post"}],"author":[{"embeddable":true,"href":"https:\/\/www.europesays.com\/de\/wp-json\/wp\/v2\/users\/2"}],"replies":[{"embeddable":true,"href":"https:\/\/www.europesays.com\/de\/wp-json\/wp\/v2\/comments?post=1040415"}],"version-history":[{"count":0,"href":"https:\/\/www.europesays.com\/de\/wp-json\/wp\/v2\/posts\/1040415\/revisions"}],"wp:featuredmedia":[{"embeddable":true,"href":"https:\/\/www.europesays.com\/de\/wp-json\/wp\/v2\/media\/1040416"}],"wp:attachment":[{"href":"https:\/\/www.europesays.com\/de\/wp-json\/wp\/v2\/media?parent=1040415"}],"wp:term":[{"taxonomy":"category","embeddable":true,"href":"https:\/\/www.europesays.com\/de\/wp-json\/wp\/v2\/categories?post=1040415"},{"taxonomy":"post_tag","embeddable":true,"href":"https:\/\/www.europesays.com\/de\/wp-json\/wp\/v2\/tags?post=1040415"}],"curies":[{"name":"wp","href":"https:\/\/api.w.org\/{rel}","templated":true}]}}