{"id":1040421,"date":"2026-05-23T08:45:20","date_gmt":"2026-05-23T08:45:20","guid":{"rendered":"https:\/\/www.europesays.com\/de\/1040421\/"},"modified":"2026-05-23T08:45:20","modified_gmt":"2026-05-23T08:45:20","slug":"polizei-muss-schiessen-streit-in-wohnung-im-frankfurter-nordend-eskaliert","status":"publish","type":"post","link":"https:\/\/www.europesays.com\/de\/1040421\/","title":{"rendered":"Polizei muss schie\u00dfen: Streit in Wohnung im Frankfurter Nordend eskaliert"},"content":{"rendered":"<p>LKA und Mordkommission ermitteln <\/p>\n<p>Streit in Wohnung eskaliert \u2013 Polizei schie\u00dft<\/p>\n<p>23.05.2026 &#8211; 10:43 UhrLesedauer: 1 Min.<\/p>\n<p><a href=\"#focus-0\" class=\"transition-colors duration-200 block text-current relative\" data-sctrack=\"FocusGalleryImage.Reference\"><img fetchpriority=\"high\" data-testid=\"Opener.Image\"   loading=\"eager\" src=\"https:\/\/www.europesays.com\/de\/wp-content\/uploads\/2026\/05\/1779525920_872_image.jpg\" alt=\"urn:newsml:dpa.com:20090101:260517-935-1348397\" title=\"urn:newsml:dpa.com:20090101:260517-935-1348397\" width=\"2048\" height=\"1152\" class=\"bg-[url:var(--lqipURL)] bg-cover bg-center flex h-full w-full max-w-full\" style=\"--lqipURL:url('https:\/\/images.t-online.de\/2026\/05\/IqsxqTB7-i55\/0x75:2048x1152\/fit-in\/150x0\/filters:blur(25)\/image.jpg')\" decoding=\"async\"\/><img loading=\"lazy\" src=\"https:\/\/www.t-online.de\/s\/paper\/_next\/static\/media\/zoom-in.f7dae02f.svg\" alt=\"Vergr\u00f6\u00dfern des Bildes\" title=\"Vergr\u00f6\u00dfern des Bildes\" class=\"block h-[calc(var(--height)_\/_16_*_1rem)] w-[calc(var(--width)_\/_16_*_1rem)] max-w-none absolute bottom-8 right-8 rounded-4 bg-snow p-8\" style=\"--width:32;--height:32\" decoding=\"async\"\/><\/a><\/p>\n<p>Polizeiwagen mit Blaulicht (Symbolbild): Nach einem t\u00f6dlichen Streit in Frankfurt ermitteln LKA und Mordkommission. (Quelle: Marijan Murat\/dpa)<\/p>\n<p class=\"font-bold text-18 leading-17 user-text-lg:text-22 user-text-xl:text-24\">In einer Wohnung im Frankfurter Nordend eskaliert ein Streit zweier M\u00e4nner. Einer stirbt. Der andere wird von der Polizei angeschossen und schwer verletzt.<\/p>\n<p class=\"text-18 leading-17 user-text-lg:text-22 user-text-xl:text-24\">Nach einem t\u00f6dlichen Streit zwischen zwei M\u00e4nnern in einer Wohnung in <a class=\"transition-colors duration-200 cursor-pointer text-inherit no-underline text-salemsfur md:hover:text-magenta md:hover:border-magenta md:focus:text-magenta border-current border-b border-solid break-words\" data-tracking=\"{&quot;action&quot;:&quot;click&quot;,&quot;category&quot;:&quot;intextLink&quot;,&quot;label&quot;:&quot;https:\/\/frankfurt.t-online.de\/region\/frankfurt-am-main\/&quot;}\" href=\"https:\/\/frankfurt.t-online.de\/region\/frankfurt-am-main\/\" data-sctrack=\"BodyAnchor\" rel=\"nofollow noopener\" target=\"_blank\">Frankfurt\/Main<\/a> haben Polizeibeamte den mutma\u00dflichen T\u00e4ter angeschossen und schwer verletzt. Der andere Mann sei beim Eintreffen der Streife bereits schwerst verletzt gewesen und am Tatort gestorben, teilten Staatsanwaltschaft <a class=\"transition-colors duration-200 cursor-pointer text-inherit no-underline text-salemsfur md:hover:text-magenta md:hover:border-magenta md:focus:text-magenta border-current border-b border-solid break-words\" data-tracking=\"{&quot;action&quot;:&quot;click&quot;,&quot;category&quot;:&quot;intextLink&quot;,&quot;label&quot;:&quot;https:\/\/frankfurt.t-online.de\/region\/frankfurt-am-main\/&quot;}\" href=\"https:\/\/frankfurt.t-online.de\/region\/frankfurt-am-main\/\" data-sctrack=\"BodyAnchor\" rel=\"nofollow noopener\" target=\"_blank\">Frankfurt am Main<\/a> und Hessisches Landeskriminalamt (LKA) am Abend gemeinsam mit.<\/p>\n<p class=\"text-18 leading-17 user-text-lg:text-22 user-text-xl:text-24\">Bei der Auseinandersetzung der beiden M\u00e4nner am fr\u00fchen Donnerstagabend in der Zei\u00dfelstra\u00dfe im Nordend sei nach derzeitigem Ermittlungsstand auch ein scharfer Gegenstand verwendet worden. Im weiteren Verlauf sei es zum Schusswaffengebrauch der Polizei gegen den zweiten Kontrahenten gekommen. Der Mann sei umgehend in ein Krankenhaus gebracht worden. Eine Gefahr f\u00fcr die Bev\u00f6lkerung habe zu keinem Zeitpunkt bestanden.<\/p>\n<p class=\"text-18 leading-17 user-text-lg:text-22 user-text-xl:text-24\">Die genauen Umst\u00e4nde und der Ablauf des Geschehens seien Bestandteil der laufenden Ermittlungen, hie\u00df es weiter. Der Tatort wurde abgesperrt, Spuren werden gesichert. Die Ermittlungen \u00fcbernahmen das LKA und die Mordkommission der Frankfurter Polizei.<\/p>\n","protected":false},"excerpt":{"rendered":"LKA und Mordkommission ermitteln Streit in Wohnung eskaliert \u2013 Polizei schie\u00dft 23.05.2026 &#8211; 10:43 UhrLesedauer: 1 Min. Polizeiwagen&hellip;\n","protected":false},"author":2,"featured_media":1040422,"comment_status":"","ping_status":"","sticky":false,"template":"","format":"standard","meta":{"footnotes":"","_share_on_mastodon":"0"},"categories":[1829],"tags":[1434,1950,29,2050,2051,30,2052,3824,2290,27479,121,7190,1997],"class_list":["post-1040421","post","type-post","status-publish","format-standard","has-post-thumbnail","category-frankfurt-am-main","tag-1434","tag-blaulicht","tag-deutschland","tag-frankfurt","tag-frankfurt-am-main","tag-germany","tag-hessen","tag-lka","tag-mordkommission","tag-nordend","tag-polizei","tag-polizeiwagen","tag-staatsanwaltschaft"],"share_on_mastodon":{"url":"https:\/\/pubeurope.com\/@de\/116623018076722765","error":""},"_links":{"self":[{"href":"https:\/\/www.europesays.com\/de\/wp-json\/wp\/v2\/posts\/1040421","targetHints":{"allow":["GET"]}}],"collection":[{"href":"https:\/\/www.europesays.com\/de\/wp-json\/wp\/v2\/posts"}],"about":[{"href":"https:\/\/www.europesays.com\/de\/wp-json\/wp\/v2\/types\/post"}],"author":[{"embeddable":true,"href":"https:\/\/www.europesays.com\/de\/wp-json\/wp\/v2\/users\/2"}],"replies":[{"embeddable":true,"href":"https:\/\/www.europesays.com\/de\/wp-json\/wp\/v2\/comments?post=1040421"}],"version-history":[{"count":0,"href":"https:\/\/www.europesays.com\/de\/wp-json\/wp\/v2\/posts\/1040421\/revisions"}],"wp:featuredmedia":[{"embeddable":true,"href":"https:\/\/www.europesays.com\/de\/wp-json\/wp\/v2\/media\/1040422"}],"wp:attachment":[{"href":"https:\/\/www.europesays.com\/de\/wp-json\/wp\/v2\/media?parent=1040421"}],"wp:term":[{"taxonomy":"category","embeddable":true,"href":"https:\/\/www.europesays.com\/de\/wp-json\/wp\/v2\/categories?post=1040421"},{"taxonomy":"post_tag","embeddable":true,"href":"https:\/\/www.europesays.com\/de\/wp-json\/wp\/v2\/tags?post=1040421"}],"curies":[{"name":"wp","href":"https:\/\/api.w.org\/{rel}","templated":true}]}}