{"id":1040660,"date":"2026-05-23T11:14:27","date_gmt":"2026-05-23T11:14:27","guid":{"rendered":"https:\/\/www.europesays.com\/de\/1040660\/"},"modified":"2026-05-23T11:14:27","modified_gmt":"2026-05-23T11:14:27","slug":"ukraine-setzt-russlands-luftverteidigung-mit-drohnenangriffen-unter-druck","status":"publish","type":"post","link":"https:\/\/www.europesays.com\/de\/1040660\/","title":{"rendered":"Ukraine setzt Russlands Luftverteidigung mit Drohnenangriffen unter Druck"},"content":{"rendered":"<p>Angriffe im Landesinneren <\/p>\n<p>So schw\u00e4chelt Putins Luftverteidigung<\/p>\n<p>23.05.2026 &#8211; 12:07 UhrLesedauer: 3 Min.<\/p>\n<p><a href=\"#focus-0\" class=\"transition-colors duration-200 block text-current relative\" data-sctrack=\"FocusGalleryImage.Reference\"><img fetchpriority=\"high\" data-testid=\"Opener.Image\"   loading=\"eager\" src=\"https:\/\/www.europesays.com\/de\/wp-content\/uploads\/2026\/05\/ein-haus-steht-im-dorf-subbotino-nahe-moskau-nach-einem-angriff-in-flammen.jpg\" alt=\"UKRAINE-CRISIS\/RUSSIA-DRONES-MOSCOW\" title=\"UKRAINE-CRISIS\/RUSSIA-DRONES-MOSCOW\" width=\"2048\" height=\"1152\" class=\"bg-[url:var(--lqipURL)] bg-cover bg-center flex h-full w-full max-w-full\" style=\"--lqipURL:url('https:\/\/images.t-online.de\/2026\/05\/mOQR2582WUHQ\/0x192:2048x1152\/fit-in\/150x0\/filters:blur(25)\/ein-haus-steht-im-dorf-subbotino-nahe-moskau-nach-einem-angriff-in-flammen.jpg')\" decoding=\"async\"\/><img loading=\"lazy\" src=\"https:\/\/www.t-online.de\/s\/paper\/_next\/static\/media\/zoom-in.f7dae02f.svg\" alt=\"Vergr\u00f6\u00dfern des Bildes\" title=\"Vergr\u00f6\u00dfern des Bildes\" class=\"block h-[calc(var(--height)_\/_16_*_1rem)] w-[calc(var(--width)_\/_16_*_1rem)] max-w-none absolute bottom-8 right-8 rounded-4 bg-snow p-8\" style=\"--width:32;--height:32\" decoding=\"async\"\/><\/a><\/p>\n<p>Ein Haus steht im Dorf Subbotino nahe Moskau nach einem Angriff in Flammen: Die russische Luftabwehr hat gro\u00dfe L\u00f6cher. (Quelle: Moscow regional Governor Andrei Vorobyov\/reuters)<\/p>\n<p><img loading=\"lazy\" src=\"https:\/\/www.t-online.de\/s\/paper\/_next\/static\/media\/audio-volume.6689034c.svg\" alt=\"\" title=\"\" class=\"block h-[calc(var(--height)_\/_16_*_1rem)] w-[calc(var(--width)_\/_16_*_1rem)] max-w-none group-hover:brightness-0 group-hover:invert\" style=\"--width:16;--height:16\" decoding=\"async\"\/>Vorlesen<\/p>\n<p>Aktuelle Zeit:0:00Gesamtdauer:0:00<\/p>\n<p>1x<\/p>\n<p class=\"text-center\">Jetzt neu bei t-online:<\/p>\n<p class=\"text-center\">Schriftgr\u00f6\u00dfe anpassen!<\/p>\n<p><img loading=\"lazy\" src=\"https:\/\/www.t-online.de\/s\/paper\/_next\/static\/media\/font-sizes.32942e33.svg\" alt=\"\" title=\"\" class=\"block h-[calc(var(--height)_\/_16_*_1rem)] w-[calc(var(--width)_\/_16_*_1rem)] max-w-none group-hover:hidden group-aria-expanded:hidden\" style=\"--width:16;--height:16\" decoding=\"async\"\/><img loading=\"lazy\" src=\"https:\/\/www.t-online.de\/s\/paper\/_next\/static\/media\/font-sizes-dark-mode.e382645c.svg\" alt=\"\" title=\"\" class=\"block h-[calc(var(--height)_\/_16_*_1rem)] w-[calc(var(--width)_\/_16_*_1rem)] max-w-none hidden group-hover:block group-aria-expanded:block\" style=\"--width:16;--height:16\" decoding=\"async\"\/><img loading=\"lazy\" src=\"https:\/\/www.t-online.de\/s\/paper\/_next\/static\/media\/sharing-menu-icon.1eb71368.svg\" alt=\"\" title=\"\" class=\"block h-[calc(var(--height)_\/_16_*_1rem)] w-[calc(var(--width)_\/_16_*_1rem)] max-w-none group-hover:brightness-0 group-hover:invert\" style=\"--width:16;--height:16\" decoding=\"async\"\/>Artikel teilen<\/p>\n<p class=\"font-bold text-18 leading-17 user-text-lg:text-22 user-text-xl:text-24\">Die Ukraine greift immer \u00f6fter Ziele weit im Inneren Russlands mit Drohnen an. Russlands Luftverteidigung st\u00f6\u00dft offenbar an Grenzen. Ein Grund ist die Gr\u00f6\u00dfe des Landes.<\/p>\n<p class=\"text-18 leading-17 user-text-lg:text-22 user-text-xl:text-24\">Der russische Krieg gegen die Ukraine findet l\u00e4ngst nicht mehr nur in der <a class=\"transition-colors duration-200 cursor-pointer text-inherit no-underline text-salemsfur md:hover:text-magenta md:hover:border-magenta md:focus:text-magenta border-current border-b border-solid break-words\" data-tracking=\"{&quot;action&quot;:&quot;click&quot;,&quot;category&quot;:&quot;intextLink&quot;,&quot;label&quot;:&quot;\/themen\/ukraine\/&quot;}\" href=\"https:\/\/www.t-online.de\/themen\/ukraine\/\" data-sctrack=\"BodyAnchor\" rel=\"nofollow noopener\" target=\"_blank\">Ukraine<\/a> statt. Das Land von Pr\u00e4sident <a class=\"transition-colors duration-200 cursor-pointer text-inherit no-underline text-salemsfur md:hover:text-magenta md:hover:border-magenta md:focus:text-magenta border-current border-b border-solid break-words\" data-tracking=\"{&quot;action&quot;:&quot;click&quot;,&quot;category&quot;:&quot;intextLink&quot;,&quot;label&quot;:&quot;\/themen\/wolodymyr-selenskyj\/&quot;}\" href=\"https:\/\/www.t-online.de\/themen\/wolodymyr-selenskyj\/\" data-sctrack=\"BodyAnchor\" rel=\"nofollow noopener\" target=\"_blank\">Wolodymyr Selenskyj<\/a> reagiert auf die Angriffe Russlands mit Gegenangriffen auf russisches Staatsgebiet, insbesondere auf Ziele der \u00d6l- und Energieinfrastruktur. Und <a class=\"transition-colors duration-200 cursor-pointer text-inherit no-underline text-salemsfur md:hover:text-magenta md:hover:border-magenta md:focus:text-magenta border-current border-b border-solid break-words\" data-tracking=\"{&quot;action&quot;:&quot;click&quot;,&quot;category&quot;:&quot;intextLink&quot;,&quot;label&quot;:&quot;\/themen\/russland\/&quot;}\" href=\"https:\/\/www.t-online.de\/themen\/russland\/\" data-sctrack=\"BodyAnchor\" rel=\"nofollow noopener\" target=\"_blank\">Russland<\/a> scheint den teils \u00fcber 1.000 Kilometer weit fliegenden Drohnen \u00fcber russischem Gebiet regelm\u00e4\u00dfig nichts entgegensetzen zu k\u00f6nnen. Das k\u00f6nnte am fehlenden &#8222;Netz aus koordinierten mobilen Feuerteams, Abfangdrohnen und Luftfahrzeugen zur Drohnenabwehr&#8220; liegen, erkl\u00e4rt Oberstleutnant und Milit\u00e4ranalyst Andreas Rapp im &#8222;Tagesspiegel&#8220;.<\/p>\n<p class=\"text-18 leading-17 user-text-lg:text-22 user-text-xl:text-24\">Die ukrainische Trefferquote ist hoch und Berichte \u00fcber brennende \u00d6lanlagen h\u00e4ufen sich. In der Nacht zu Samstag setzte die Ukraine beispielsweise eine \u00d6llagerst\u00e4tte in der bereits mehrfach attackierten Schwarzmeer-Metropole Noworossijsk in Brand. Berichten von Augenzeugen zufolge soll es sich um eine der gr\u00f6\u00dften \u00d6llagerst\u00e4tten im Kaukasus handeln. Aber auch Milit\u00e4rflugpl\u00e4tze und Waffenhersteller nimmt das ukrainische Milit\u00e4r regelm\u00e4\u00dfig ins Visier.<\/p>\n<ul class=\"text-18 leading-17 block pl-24 *:pb-16 *:before:inline-block *:before:size-8 *:before:bg-magenta *:before:-ml-[20px] *:before:mb-2 *:before:mr-12 *:before:mt-0\">\n<li><strong class=\"font-bold\">&#8222;Was f\u00fcr schlimme Dinge haben wir euch angetan?&#8220;:<\/strong> <a class=\"transition-colors duration-200 cursor-pointer text-inherit no-underline text-salemsfur md:hover:text-magenta md:hover:border-magenta md:focus:text-magenta border-current border-b border-solid break-words\" data-tracking=\"{&quot;action&quot;:&quot;click&quot;,&quot;category&quot;:&quot;intextLink&quot;,&quot;label&quot;:&quot;\/nachrichten\/ausland\/krisen\/id_101261894\/russland-ukraine-angriff-auf-moskau-empoerung-ueber-drohnenattacken.html&quot;}\" href=\"https:\/\/www.t-online.de\/nachrichten\/ausland\/krisen\/id_101261894\/russland-ukraine-angriff-auf-moskau-empoerung-ueber-drohnenattacken.html\" data-sctrack=\"BodyAnchor\" rel=\"nofollow noopener\" target=\"_blank\">Russen emp\u00f6rt \u00fcber Angriff auf Moskau<\/a><\/li>\n<li><strong class=\"font-bold\">Krieg in der Ukraine:<\/strong> <a class=\"transition-colors duration-200 cursor-pointer text-inherit no-underline text-salemsfur md:hover:text-magenta md:hover:border-magenta md:focus:text-magenta border-current border-b border-solid break-words\" data-tracking=\"{&quot;action&quot;:&quot;click&quot;,&quot;category&quot;:&quot;intextLink&quot;,&quot;label&quot;:&quot;\/nachrichten\/ausland\/internationale-politik\/id_101263074\/russland-im-ukraine-krieg-putins-schwierigste-entscheidung-steht-bevor.html&quot;}\" href=\"https:\/\/www.t-online.de\/nachrichten\/ausland\/internationale-politik\/id_101263074\/russland-im-ukraine-krieg-putins-schwierigste-entscheidung-steht-bevor.html\" data-sctrack=\"BodyAnchor\" rel=\"nofollow noopener\" target=\"_blank\">Putins gef\u00e4hrlichste Entscheidung steht bevor<\/a><\/li>\n<\/ul>\n<p class=\"text-18 leading-17 user-text-lg:text-22 user-text-xl:text-24\">Im M\u00e4rz 2026 schickte die Ukraine 7.000 Drohnen nach Russland \u2013 erstmals mehr als Russland in die Ukraine, zitiert &#8222;Radio Free Europe\/Radio Liberty&#8220; (RFE\/RL) den franz\u00f6sischen Open-Source-Forscher Clement Molin. Im August 2024 seien es noch etwa 1.000 ukrainische Drohnen, im Juli 2025 3.000 Drohnen gewesen.<\/p>\n<p>Experte: &#8222;Geografie kann Russland nicht \u00e4ndern&#8220;<\/p>\n<p class=\"text-18 leading-17 user-text-lg:text-22 user-text-xl:text-24\">John Helin, Mitbegr\u00fcnder der Forschungsorganisation Black Bird Froup erkl\u00e4rte &#8222;RFE\/RL&#8220;: &#8222;Ich w\u00e4re vorsichtig, allein aus den Rohdaten zu weitreichende Schl\u00fcsse zu ziehen&#8220;, allerdings sei der allgemeine Trend unbestreitbar. &#8222;Die Ukraine hat ihre Kapazit\u00e4ten f\u00fcr Langstrecken-Drohnenangriffe deutlich ausgebaut, und Russland steht nun vor der Herausforderung, ein wesentlich gr\u00f6\u00dferes r\u00fcckw\u00e4rtiges Gebiet gegen regelm\u00e4\u00dfige ukrainische Angriffe zu verteidigen.&#8220;<\/p>\n<p class=\"text-18 leading-17 user-text-lg:text-22 user-text-xl:text-24\">Diesen Aspekt betont auch Gustav Gressel im &#8222;Tagesspiegel&#8220;. Die geografische Gr\u00f6\u00dfe des Landes sei ein Problem in der Luftverteidigung. &#8222;Die ukrainischen Abwehrsysteme stehen um St\u00e4dte in der Tiefe, Russlands Systeme in einem Fliegerabwehrg\u00fcrtel um die Ukraine&#8220;. Russland sei zu gro\u00df und zu weitr\u00e4umig, um St\u00e4dte weiter hinten im Land zu sch\u00fctzen. &#8222;Geografie kann Russland nicht \u00e4ndern&#8220;, so Gressel.<\/p>\n<p class=\"text-18 leading-17 user-text-lg:text-22 user-text-xl:text-24\">Auch Rapp betont die &#8222;naturgem\u00e4\u00df gro\u00dfen L\u00fccken&#8220; in der russischen Luftverteidigung. Eine Konzentration der Flugabwehrsysteme gebe es um <a class=\"transition-colors duration-200 cursor-pointer text-inherit no-underline text-salemsfur md:hover:text-magenta md:hover:border-magenta md:focus:text-magenta border-current border-b border-solid break-words\" data-tracking=\"{&quot;action&quot;:&quot;click&quot;,&quot;category&quot;:&quot;intextLink&quot;,&quot;label&quot;:&quot;\/themen\/moskau\/&quot;}\" href=\"https:\/\/www.t-online.de\/themen\/moskau\/\" data-sctrack=\"BodyAnchor\" rel=\"nofollow noopener\" target=\"_blank\">Moskau<\/a>, insbesondere um Putins Residenz, entlang der russisch-ukrainischen Grenze und auf der von Russland annektierten ukrainischen Halbinsel Krim.<\/p>\n<ul class=\"text-18 leading-17 block pl-24 *:pb-16 *:before:inline-block *:before:size-8 *:before:bg-magenta *:before:-ml-[20px] *:before:mb-2 *:before:mr-12 *:before:mt-0\">\n<li><strong class=\"font-bold\">Aktuelle Entwicklungen:<\/strong> <a class=\"transition-colors duration-200 cursor-pointer text-inherit no-underline text-salemsfur md:hover:text-magenta md:hover:border-magenta md:focus:text-magenta border-current border-b border-solid break-words\" data-tracking=\"{&quot;action&quot;:&quot;click&quot;,&quot;category&quot;:&quot;intextLink&quot;,&quot;label&quot;:&quot;\/nachrichten\/ukraine\/id_101258756\/ukraine-russische-chemiefabrik-im-landesinneren-mit-drohnen-getroffen.html&quot;}\" href=\"https:\/\/www.t-online.de\/nachrichten\/ukraine\/id_101258756\/ukraine-russische-chemiefabrik-im-landesinneren-mit-drohnen-getroffen.html\" data-sctrack=\"BodyAnchor\" rel=\"nofollow noopener\" target=\"_blank\">Newsblog zum Krieg in der Ukraine<\/a><\/li>\n<\/ul>\n","protected":false},"excerpt":{"rendered":"Angriffe im Landesinneren So schw\u00e4chelt Putins Luftverteidigung 23.05.2026 &#8211; 12:07 UhrLesedauer: 3 Min. Ein Haus steht im Dorf&hellip;\n","protected":false},"author":2,"featured_media":1040661,"comment_status":"","ping_status":"","sticky":false,"template":"","format":"standard","meta":{"footnotes":"","_share_on_mastodon":"0"},"categories":[4013],"tags":[326,522,331,332,223033,2140,223035,1478,12254,13,134578,55284,85316,451,308,14,15,34391,5565,4043,4044,850,307,12,223034,317,312,107],"class_list":["post-1040660","post","type-post","status-publish","format-standard","has-post-thumbnail","category-russland","tag-326","tag-522","tag-aktuelle-nachrichten","tag-aktuelle-news","tag-andreas-rapp","tag-angriff","tag-clement-molin","tag-drohne","tag-gustav-gressel","tag-headlines","tag-kaukasus","tag-landesinnere","tag-luftverteidigung","tag-militaer","tag-moskau","tag-nachrichten","tag-news","tag-noworossijsk","tag-open","tag-russia","tag-russian-federation","tag-russische-foederation","tag-russland","tag-schlagzeilen","tag-subbotino","tag-ukraine","tag-ukrainekrieg","tag-wolodymyr-selenskyj"],"share_on_mastodon":{"url":"https:\/\/pubeurope.com\/@de\/116623604690355229","error":""},"_links":{"self":[{"href":"https:\/\/www.europesays.com\/de\/wp-json\/wp\/v2\/posts\/1040660","targetHints":{"allow":["GET"]}}],"collection":[{"href":"https:\/\/www.europesays.com\/de\/wp-json\/wp\/v2\/posts"}],"about":[{"href":"https:\/\/www.europesays.com\/de\/wp-json\/wp\/v2\/types\/post"}],"author":[{"embeddable":true,"href":"https:\/\/www.europesays.com\/de\/wp-json\/wp\/v2\/users\/2"}],"replies":[{"embeddable":true,"href":"https:\/\/www.europesays.com\/de\/wp-json\/wp\/v2\/comments?post=1040660"}],"version-history":[{"count":0,"href":"https:\/\/www.europesays.com\/de\/wp-json\/wp\/v2\/posts\/1040660\/revisions"}],"wp:featuredmedia":[{"embeddable":true,"href":"https:\/\/www.europesays.com\/de\/wp-json\/wp\/v2\/media\/1040661"}],"wp:attachment":[{"href":"https:\/\/www.europesays.com\/de\/wp-json\/wp\/v2\/media?parent=1040660"}],"wp:term":[{"taxonomy":"category","embeddable":true,"href":"https:\/\/www.europesays.com\/de\/wp-json\/wp\/v2\/categories?post=1040660"},{"taxonomy":"post_tag","embeddable":true,"href":"https:\/\/www.europesays.com\/de\/wp-json\/wp\/v2\/tags?post=1040660"}],"curies":[{"name":"wp","href":"https:\/\/api.w.org\/{rel}","templated":true}]}}