{"id":1040667,"date":"2026-05-23T11:20:23","date_gmt":"2026-05-23T11:20:23","guid":{"rendered":"https:\/\/www.europesays.com\/de\/1040667\/"},"modified":"2026-05-23T11:20:23","modified_gmt":"2026-05-23T11:20:23","slug":"berner-jura-frankreich-vier-maenner-nach-gold","status":"publish","type":"post","link":"https:\/\/www.europesays.com\/de\/1040667\/","title":{"rendered":"Berner Jura\/Frankreich &#8211; Vier M\u00e4nner nach Gold"},"content":{"rendered":"<p>Berner Jura\/Frankreich | 23. Mai 2026<\/p>\n<p>Die franz\u00f6sische Polizei hat vier M\u00e4nner verhaftet, die verd\u00e4chtigt werden, im September in Renan an einem Diebstahl einer grossen Menge Gold und von Ersatzteilen f\u00fcr Luxusuhren beteiligt gewesen zu sein.<\/p>\n<p><img decoding=\"async\" class=\"ptimg typ_foto\" id=\"img_1201n9k4\" data-mediamode=\"16\" src=\"https:\/\/www.europesays.com\/de\/wp-content\/uploads\/2026\/05\/gosimg10DC02c001d5808080b300001201n9k4.jpg\" data-mediacode=\"gosimg00EO12c00c808080800000001201n9k4.jpg\" style=\"width:704px;height:469px;\" alt=\"Darauf hatten es die Diebe abgesehen: Gold und Uhren wie auf diesem Archivbild.\"\/><\/p>\n<p>Darauf hatten es die Diebe abgesehen: Gold und Uhren wie auf diesem Archivbild.Foto: Keystone<\/p>\n<p class=\"pg\">Die Verd\u00e4chtigen wurden am Mittwoch im franz\u00f6sischen Departement Doubs festgenommen. Das gab am Freitag im franz\u00f6sischen Besan\u00e7on Staatsanwalt C\u00e9dric Logelin vor den Medien bekannt. Die M\u00e4nner sind zwischen 20 und 40 Jahre alt.<\/p>\n<p class=\"pg\">Sie wurden am Freitag im Rahmen eines Ermittlungsverfahrens wegen gewerbsm\u00e4ssigen Diebstahls, Beteiligung an einer kriminellen Vereinigung zur Vorbereitung einer Straftat und Geldw\u00e4sche im Zusammenhang mit gewerbsm\u00e4ssigem Diebstahl unter Anklage gestellt und in Untersuchungshaft genommen.<\/p>\n<p class=\"pg\">Die Tat ereignete sich am 11. September in Renan im Berner Jura. Laut den Ermittlungen des gemeinsamen franz\u00f6sisch-schweizerischen Ermittlungsteams wirkte der Fahrer des Transporters, der urspr\u00fcnglich Alarm geschlagen und erkl\u00e4rt hatte, Opfer eines \u00dcberfalls durch zwei bewaffnete M\u00e4nner geworden zu sein, tats\u00e4chlich aktiv an der Tat mit, so der stellvertretende Staatsanwalt Lucas Maillard-Salin.<\/p>\n<p class=\"pg\">Der Mann transportierte eine Ladung von 250 Rohgoldbarren und mehrere hundert Einzelteile von Luxusuhren. \u00abZum jetzigen Zeitpunkt gesteht er seine Beteiligung\u00bb, sagte Maillard-Sallin weiter \u2013 im Gegensatz zu den drei anderen Beschuldigten, so der Staatsanwalt.<\/p>\n<p class=\"pg\">Laut ersten Ermittlungen fuhr der Mann ein franz\u00f6sisches Fahrzeug und arbeitete f\u00fcr eine in Frankreich t\u00e4tige kriminelle Gruppierung. Die Beute im Wert von rund 500&#8217;000 Franken wurde nicht gefunden. \u00abDie T\u00e4ter haben die Ware nach dem Raub sehr schnell verkauft\u00bb, so Logelin.<\/p>\n<p class=\"pg\">Bei den ersten Durchsuchungen im Departement Doubs wurden Bet\u00e4ubungsmittel, ein Peilsender (mit dem die T\u00e4ter erkennen k\u00f6nnen, dass sie \u00fcberwacht werden), Bargeld, Louis-Vuitton-Taschen sowie etwa f\u00fcnfzehn Mobiltelefone sichergestellt. Die Staatsanw\u00e4lte hoben die \u00abhervorragende Zusammenarbeit\u00bb zwischen den Schweizer und franz\u00f6sischen Ermittlern hervor.<\/p>\n","protected":false},"excerpt":{"rendered":"Berner Jura\/Frankreich | 23. Mai 2026 Die franz\u00f6sische Polizei hat vier M\u00e4nner verhaftet, die verd\u00e4chtigt werden, im September&hellip;\n","protected":false},"author":2,"featured_media":1040668,"comment_status":"","ping_status":"","sticky":false,"template":"","format":"standard","meta":{"footnotes":"","_share_on_mastodon":"0"},"categories":[3974],"tags":[50681,331,332,4633,50677,12549,50689,50666,50686,50691,8284,50662,50661,50663,50690,548,663,3934,4447,3980,156,50679,1724,50688,50684,13,259,50685,50660,50680,45647,50668,80,50672,50683,50671,50665,50687,2249,50692,50674,50673,14,15,50694,50669,50659,50664,16,12,50693,50675,265,50670,50667,3866,1973,55,50676,50678,26837,50682],"class_list":["post-1040667","post","type-post","status-publish","format-standard","has-post-thumbnail","category-frankreich","tag-adelboden","tag-aktuelle-nachrichten","tag-aktuelle-news","tag-basel","tag-belp-ittigen","tag-bern","tag-berner-oberland","tag-biel","tag-brienz","tag-bundesstadt","tag-burgdorf","tag-der-brienzer","tag-der-oberhasler","tag-echo-von-grindelwald","tag-emmental","tag-eu","tag-europa","tag-europe","tag-events","tag-france","tag-frankreich","tag-frutigen","tag-gesellschaft","tag-grindelwald","tag-gstaad","tag-headlines","tag-informationen","tag-interlaken","tag-jungfrau-zeitung","tag-kandersteg","tag-kolumnen","tag-koeniz","tag-kultur","tag-langenthal","tag-lenk","tag-lyss","tag-marveglia","tag-meiringen","tag-meldungen","tag-mittelland","tag-muensingen","tag-muri-bei-bern","tag-nachrichten","tag-news","tag-oberaargau","tag-ostermundigen","tag-plattform-j","tag-plattformj","tag-politik","tag-schlagzeilen","tag-seeland","tag-spiez","tag-sport","tag-steffisburg","tag-thun","tag-veranstaltungen","tag-wetter","tag-wirtschaft","tag-worb","tag-zollikofen","tag-zuerich","tag-zweisimmen"],"share_on_mastodon":{"url":"","error":"Validation failed: Text character limit of 500 exceeded"},"_links":{"self":[{"href":"https:\/\/www.europesays.com\/de\/wp-json\/wp\/v2\/posts\/1040667","targetHints":{"allow":["GET"]}}],"collection":[{"href":"https:\/\/www.europesays.com\/de\/wp-json\/wp\/v2\/posts"}],"about":[{"href":"https:\/\/www.europesays.com\/de\/wp-json\/wp\/v2\/types\/post"}],"author":[{"embeddable":true,"href":"https:\/\/www.europesays.com\/de\/wp-json\/wp\/v2\/users\/2"}],"replies":[{"embeddable":true,"href":"https:\/\/www.europesays.com\/de\/wp-json\/wp\/v2\/comments?post=1040667"}],"version-history":[{"count":0,"href":"https:\/\/www.europesays.com\/de\/wp-json\/wp\/v2\/posts\/1040667\/revisions"}],"wp:featuredmedia":[{"embeddable":true,"href":"https:\/\/www.europesays.com\/de\/wp-json\/wp\/v2\/media\/1040668"}],"wp:attachment":[{"href":"https:\/\/www.europesays.com\/de\/wp-json\/wp\/v2\/media?parent=1040667"}],"wp:term":[{"taxonomy":"category","embeddable":true,"href":"https:\/\/www.europesays.com\/de\/wp-json\/wp\/v2\/categories?post=1040667"},{"taxonomy":"post_tag","embeddable":true,"href":"https:\/\/www.europesays.com\/de\/wp-json\/wp\/v2\/tags?post=1040667"}],"curies":[{"name":"wp","href":"https:\/\/api.w.org\/{rel}","templated":true}]}}