{"id":1040717,"date":"2026-05-23T11:50:14","date_gmt":"2026-05-23T11:50:14","guid":{"rendered":"https:\/\/www.europesays.com\/de\/1040717\/"},"modified":"2026-05-23T11:50:14","modified_gmt":"2026-05-23T11:50:14","slug":"besondere-tatort-einblicke-fuer-ein-ehepaar-aus-stein-baden-wuerttemberg","status":"publish","type":"post","link":"https:\/\/www.europesays.com\/de\/1040717\/","title":{"rendered":"Besondere Tatort-Einblicke f\u00fcr ein Ehepaar aus Stein &#8211; Baden-W\u00fcrttemberg"},"content":{"rendered":"<p>Stuttgart. Ein PZ-Gewinnspiel hat Bernd und Ute Richter in Stuttgart die Begegnung mit zwei Schauspielern erm\u00f6glicht und ihnen die lange Sommerpause des Krimi-Klassikers verk\u00fcrzt.<\/p>\n<p>Bernd Richter aus K\u00f6nigsbach-Stein war schon Komparse bei &#8222;Die wilden H\u00fchner&#8220;, und daran konnte er sich nun zwei Jahrzehnte sp\u00e4ter erinnert f\u00fchlen. Der 60-J\u00e4hrige ist beim SWR<\/p>\n","protected":false},"excerpt":{"rendered":"Stuttgart. Ein PZ-Gewinnspiel hat Bernd und Ute Richter in Stuttgart die Begegnung mit zwei Schauspielern erm\u00f6glicht und ihnen&hellip;\n","protected":false},"author":2,"featured_media":1040718,"comment_status":"","ping_status":"","sticky":false,"template":"","format":"standard","meta":{"footnotes":"","_share_on_mastodon":"0"},"categories":[1830],"tags":[1634,3364,29,30,17857,131411,1441,218],"class_list":["post-1040717","post","type-post","status-publish","format-standard","has-post-thumbnail","category-stuttgart","tag-baden-wuerttemberg","tag-de","tag-deutschland","tag-germany","tag-gewinner","tag-koenigsbach-stein","tag-stuttgart","tag-tatort"],"share_on_mastodon":{"url":"https:\/\/pubeurope.com\/@de\/116623745180328462","error":""},"_links":{"self":[{"href":"https:\/\/www.europesays.com\/de\/wp-json\/wp\/v2\/posts\/1040717","targetHints":{"allow":["GET"]}}],"collection":[{"href":"https:\/\/www.europesays.com\/de\/wp-json\/wp\/v2\/posts"}],"about":[{"href":"https:\/\/www.europesays.com\/de\/wp-json\/wp\/v2\/types\/post"}],"author":[{"embeddable":true,"href":"https:\/\/www.europesays.com\/de\/wp-json\/wp\/v2\/users\/2"}],"replies":[{"embeddable":true,"href":"https:\/\/www.europesays.com\/de\/wp-json\/wp\/v2\/comments?post=1040717"}],"version-history":[{"count":0,"href":"https:\/\/www.europesays.com\/de\/wp-json\/wp\/v2\/posts\/1040717\/revisions"}],"wp:featuredmedia":[{"embeddable":true,"href":"https:\/\/www.europesays.com\/de\/wp-json\/wp\/v2\/media\/1040718"}],"wp:attachment":[{"href":"https:\/\/www.europesays.com\/de\/wp-json\/wp\/v2\/media?parent=1040717"}],"wp:term":[{"taxonomy":"category","embeddable":true,"href":"https:\/\/www.europesays.com\/de\/wp-json\/wp\/v2\/categories?post=1040717"},{"taxonomy":"post_tag","embeddable":true,"href":"https:\/\/www.europesays.com\/de\/wp-json\/wp\/v2\/tags?post=1040717"}],"curies":[{"name":"wp","href":"https:\/\/api.w.org\/{rel}","templated":true}]}}