{"id":1040846,"date":"2026-05-23T13:12:26","date_gmt":"2026-05-23T13:12:26","guid":{"rendered":"https:\/\/www.europesays.com\/de\/1040846\/"},"modified":"2026-05-23T13:12:26","modified_gmt":"2026-05-23T13:12:26","slug":"pfingsten-in-dresden-die-schoensten-biergaerten-fuer-das-erste-bier-draussen","status":"publish","type":"post","link":"https:\/\/www.europesays.com\/de\/1040846\/","title":{"rendered":"Pfingsten in Dresden: Die sch\u00f6nsten Bierg\u00e4rten f\u00fcr das erste Bier drau\u00dfen"},"content":{"rendered":"<p>Ausflug am langen Wochenende <\/p>\n<p>Das sind die sch\u00f6nsten Bierg\u00e4rten in Dresden<\/p>\n<p>Aktualisiert am 23.05.2026 &#8211; 14:58 UhrLesedauer: 2 Min.<\/p>\n<p><a href=\"#focus-0\" class=\"transition-colors duration-200 block text-current relative\" data-sctrack=\"FocusGalleryImage.Reference\"><img fetchpriority=\"high\" data-testid=\"Opener.Image\"   loading=\"eager\" src=\"https:\/\/www.europesays.com\/de\/wp-content\/uploads\/2026\/05\/dresdens-biergaerten-und-freisitze-wieder-offen-biergarten-und-cafes-auf-dem-neumarkt-rund-um-die-fr.jpeg\" alt=\"imago images 120644235\" title=\"imago images 120644235\" width=\"3455\" height=\"1944\" class=\"bg-[url:var(--lqipURL)] bg-cover bg-center flex h-full w-full max-w-full\" style=\"--lqipURL:url('https:\/\/images.t-online.de\/2023\/01\/3nQFpR2VQfYQ\/545x693:3455x1944\/fit-in\/150x0\/filters:blur(25)\/dresdens-biergaerten-und-freisitze-wieder-offen-biergarten-und-cafes-auf-dem-neumarkt-rund-um-die-frauenkirche-freuen-sich-ueber-zahlreiche-besucher-die-bei-bestem-wetter-und-bei-temperaturen-um-die-27-grad-die-neugewonnene-freiheit-bei-einem-kuehlem-getraenk-geniessen.jpg')\" decoding=\"async\"\/><img loading=\"lazy\" src=\"https:\/\/dresden.t-online.de\/s\/paper\/_next\/static\/media\/zoom-in.f7dae02f.svg\" alt=\"Vergr\u00f6\u00dfern des Bildes\" title=\"Vergr\u00f6\u00dfern des Bildes\" class=\"block h-[calc(var(--height)_\/_16_*_1rem)] w-[calc(var(--width)_\/_16_*_1rem)] max-w-none absolute bottom-8 right-8 rounded-4 bg-snow p-8\" style=\"--width:32;--height:32\" decoding=\"async\"\/><\/a><\/p>\n<p>Ein gut besuchter Biergarten auf dem Neumarkt (Archivbild): Die Sonne lockt wieder viele Menschen in Bierg\u00e4rten. (Quelle: Ronald Bon\u00df\/getty-images-bilder)<\/p>\n<p><img loading=\"lazy\" src=\"https:\/\/dresden.t-online.de\/s\/paper\/_next\/static\/media\/audio-volume.6689034c.svg\" alt=\"\" title=\"\" class=\"block h-[calc(var(--height)_\/_16_*_1rem)] w-[calc(var(--width)_\/_16_*_1rem)] max-w-none group-hover:brightness-0 group-hover:invert\" style=\"--width:16;--height:16\" decoding=\"async\"\/>Vorlesen<\/p>\n<p>Aktuelle Zeit:0:00Gesamtdauer:0:00<\/p>\n<p>1x<\/p>\n<p class=\"text-center\">Jetzt neu bei t-online:<\/p>\n<p class=\"text-center\">Schriftgr\u00f6\u00dfe anpassen!<\/p>\n<p><img loading=\"lazy\" src=\"https:\/\/dresden.t-online.de\/s\/paper\/_next\/static\/media\/font-sizes.32942e33.svg\" alt=\"\" title=\"\" class=\"block h-[calc(var(--height)_\/_16_*_1rem)] w-[calc(var(--width)_\/_16_*_1rem)] max-w-none group-hover:hidden group-aria-expanded:hidden\" style=\"--width:16;--height:16\" decoding=\"async\"\/><img loading=\"lazy\" src=\"https:\/\/dresden.t-online.de\/s\/paper\/_next\/static\/media\/font-sizes-dark-mode.e382645c.svg\" alt=\"\" title=\"\" class=\"block h-[calc(var(--height)_\/_16_*_1rem)] w-[calc(var(--width)_\/_16_*_1rem)] max-w-none hidden group-hover:block group-aria-expanded:block\" style=\"--width:16;--height:16\" decoding=\"async\"\/><img loading=\"lazy\" src=\"https:\/\/dresden.t-online.de\/s\/paper\/_next\/static\/media\/sharing-menu-icon.1eb71368.svg\" alt=\"\" title=\"\" class=\"block h-[calc(var(--height)_\/_16_*_1rem)] w-[calc(var(--width)_\/_16_*_1rem)] max-w-none group-hover:brightness-0 group-hover:invert\" style=\"--width:16;--height:16\" decoding=\"async\"\/>Artikel teilen<\/p>\n<p class=\"font-bold text-18 leading-17 user-text-lg:text-22 user-text-xl:text-24\">An Pfingsten d\u00fcrften Dresdens Bierg\u00e4rten wieder Ausfl\u00fcgler anziehen. Zwischen Elbe, Altstadt und Weinbergen locken zahlreiche Lokale mit Aussicht und k\u00fchlen Getr\u00e4nken.<\/p>\n<p class=\"text-18 leading-17 user-text-lg:text-22 user-text-xl:text-24\">Pfingsten und Biergarten \u2013 f\u00fcr viele geh\u00f6rt das in Dresden zusammen. Das lange Wochenende soll warm werden. Besonders entlang der Elbe und rund um die Altstadt laden zahlreiche Bierg\u00e4rten zum Verweilen ein.<\/p>\n<p class=\"text-18 leading-17 user-text-lg:text-22 user-text-xl:text-24\">Ob direkt am Wasser, mit Blick auf die Frauenkirche oder zwischen alten Lindenb\u00e4umen: In Dresden gibt es viele Orte f\u00fcr eine entspannte Pause am Pfingstwochenende. Die Dresdner Regionalredaktion von t-online zeigt eine Auswahl beliebter Bierg\u00e4rten der Stadt:<\/p>\n<ul class=\"text-18 leading-17 block pl-24 *:pb-16 *:before:inline-block *:before:size-8 *:before:bg-magenta *:before:-ml-[20px] *:before:mb-2 *:before:mr-12 *:before:mt-0\">\n<li>Der <strong class=\"font-bold\">Elbsegler<\/strong> bietet einen traumhaften Blick auf die Frauenkirche und ist ein beliebter Ort, um die Sonne zu genie\u00dfen.<\/li>\n<li>Der <strong class=\"font-bold\">F\u00e4hrgarten Johannstadt<\/strong> ist zentral gelegen und umgeben von saftig-gr\u00fcnen Elbwiesen. Die Versorgung im Biergarten funktioniert auch bei Andrang reibungslos.<\/li>\n<li><strong class=\"font-bold\">Gohliser Windm\u00fchle<\/strong>: Der Biergarten bietet einen sch\u00f6nen Blick auf die Weinberge der L\u00f6\u00dfnitz und ist besonders stimmungsvoll bei Sonnenuntergang.<\/li>\n<li>Der <strong class=\"font-bold\">Citybeach Dresden <\/strong>ist ein idyllischer R\u00fcckzugsort am Dresdner Elbufer mit Sand, echten Palmen und einer h\u00f6lzernen Strandbar.<\/li>\n<li><strong class=\"font-bold\">Pillnitzer Elbblick<\/strong>: Ein kleiner, aber sehr feiner Biergarten mit einem sch\u00f6nen Blick auf die Elbe.<\/li>\n<li>Umrahmt von alten Lindenb\u00e4umen bietet der <strong class=\"font-bold\">Biergarten Lindensch\u00e4nke<\/strong> einen sch\u00f6nen Blick auf die Stadt.<\/li>\n<li>Der <strong class=\"font-bold\">Biergarten am Lugturm<\/strong> ist in Heidenau gelegen. Mit einem sch\u00f6nen Blick auf die Elbe l\u00e4dt er zum Verweilen ein.<\/li>\n<li><strong class=\"font-bold\">Biergarten am Elbschl\u00f6sschen<\/strong>: Ein Biergarten mit herrlicher Aussicht und angenehmem Ambiente.<\/li>\n<li>Der <strong class=\"font-bold\">Biergarten an den Lingnerterrassen <\/strong>bietet eine idyllische Lage mit einem sch\u00f6nen Blick auf die Stadt und ist besonders sch\u00f6n bei Sonnenuntergang.<\/li>\n<\/ul>\n<p class=\"text-18 leading-17 user-text-lg:text-22 user-text-xl:text-24\">Diese Auswahl an Bierg\u00e4rten bietet f\u00fcr jeden Geschmack etwas, egal ob man die Ruhe eines idyllischen Gartens sucht oder den Trubel in einem der gr\u00f6\u00dferen und bekannteren Bierg\u00e4rten genie\u00dfen m\u00f6chte. Es ist ratsam, sich vor dem Besuch \u00fcber die \u00d6ffnungszeiten zu informieren, da diese variieren k\u00f6nnen.<\/p>\n","protected":false},"excerpt":{"rendered":"Ausflug am langen Wochenende Das sind die sch\u00f6nsten Bierg\u00e4rten in Dresden Aktualisiert am 23.05.2026 &#8211; 14:58 UhrLesedauer: 2&hellip;\n","protected":false},"author":2,"featured_media":1040847,"comment_status":"","ping_status":"","sticky":false,"template":"","format":"standard","meta":{"footnotes":"","_share_on_mastodon":"0"},"categories":[1835],"tags":[21103,722,2201,3903,2851,9618,3899,3364,29,2386,2507,30,3657,1411,859,23441],"class_list":["post-1040846","post","type-post","status-publish","format-standard","has-post-thumbnail","category-dresden","tag-pfingsten","tag-722","tag-2201","tag-ausflug","tag-ausflugstipp","tag-ausflugstipp-dresden","tag-biergarten","tag-de","tag-deutschland","tag-dresden","tag-freizeit","tag-germany","tag-neumarkt","tag-niedersachsen","tag-sachsen","tag-weinberg"],"share_on_mastodon":{"url":"https:\/\/pubeurope.com\/@de\/116624067792006501","error":""},"_links":{"self":[{"href":"https:\/\/www.europesays.com\/de\/wp-json\/wp\/v2\/posts\/1040846","targetHints":{"allow":["GET"]}}],"collection":[{"href":"https:\/\/www.europesays.com\/de\/wp-json\/wp\/v2\/posts"}],"about":[{"href":"https:\/\/www.europesays.com\/de\/wp-json\/wp\/v2\/types\/post"}],"author":[{"embeddable":true,"href":"https:\/\/www.europesays.com\/de\/wp-json\/wp\/v2\/users\/2"}],"replies":[{"embeddable":true,"href":"https:\/\/www.europesays.com\/de\/wp-json\/wp\/v2\/comments?post=1040846"}],"version-history":[{"count":0,"href":"https:\/\/www.europesays.com\/de\/wp-json\/wp\/v2\/posts\/1040846\/revisions"}],"wp:featuredmedia":[{"embeddable":true,"href":"https:\/\/www.europesays.com\/de\/wp-json\/wp\/v2\/media\/1040847"}],"wp:attachment":[{"href":"https:\/\/www.europesays.com\/de\/wp-json\/wp\/v2\/media?parent=1040846"}],"wp:term":[{"taxonomy":"category","embeddable":true,"href":"https:\/\/www.europesays.com\/de\/wp-json\/wp\/v2\/categories?post=1040846"},{"taxonomy":"post_tag","embeddable":true,"href":"https:\/\/www.europesays.com\/de\/wp-json\/wp\/v2\/tags?post=1040846"}],"curies":[{"name":"wp","href":"https:\/\/api.w.org\/{rel}","templated":true}]}}