{"id":1040864,"date":"2026-05-23T13:22:19","date_gmt":"2026-05-23T13:22:19","guid":{"rendered":"https:\/\/www.europesays.com\/de\/1040864\/"},"modified":"2026-05-23T13:22:19","modified_gmt":"2026-05-23T13:22:19","slug":"japan-tag-2026-duesseldorf-alle-infos-zur-an-und-abreise","status":"publish","type":"post","link":"https:\/\/www.europesays.com\/de\/1040864\/","title":{"rendered":"Japan-Tag 2026 D\u00fcsseldorf: Alle Infos zur An-und Abreise"},"content":{"rendered":"<p class=\"text_ohne_einzug richtext text-em-55 !leading-serif mx-6 desktop:mx-0\"> Die <a href=\"https:\/\/rp-online.de\/thema\/rheinbahn\/\" rel=\"nofollow noopener\" target=\"_blank\">Rheinbahn<\/a> ist nach eigenen Angaben gut auf den <a href=\"https:\/\/rp-online.de\/thema\/japan-tag\/\" rel=\"nofollow noopener\" target=\"_blank\">Japan-Tag<\/a> und das gro\u00dfe Feuerwerk am Samstag vorbereitet und will Hunderttausende Besucherinnen und Besucher in die Innenstadt und wieder nach Hause bringen, auch in die umliegende Region. Auch die <a href=\"https:\/\/rp-online.de\/thema\/deutsche-bahn\/\" rel=\"nofollow noopener\" target=\"_blank\">Deutsche Bahn<\/a> erweitert ihr Angebot. Der \u00dcberblick.<\/p>\n<p class=\"richtext text-em-55 !leading-serif mx-6 desktop:mx-0\">So setzt die Bahn auf den Linien RE3, RE5 (RRX) und RE1 (RRX) zus\u00e4tzliche Z\u00fcge ein. Es wird mit einem erh\u00f6hten Fahrgastaufkommen gerechnet. \u201eBitte planen Sie mehr Zeit ein und informieren Sie sich vor Fahrtantritt \u00fcber Ihre Verbindung\u201c, teilte die Bahn mit. Die zus\u00e4tzlichen Z\u00fcge fahren in der Nacht, um Besucher des Japan-Tages nach Hause zu bringen. So f\u00e4hrt der RE3 zwischen 21.46 Uhr und 1.46 Uhr st\u00fcndlich in Richtung Dortmund. RE5 und RE7 fahren um zus\u00e4tzlich um 0 Uhr und um 1.57 Uhr nach Duisburg sowie um 0.32 Uhr und um 0.53 Uhr nach K\u00f6ln. Die Bahn weist darauf hin, dass aus technischen Gr\u00fcnden einzelne Z\u00fcge zwischen K\u00f6ln und Duisburg als Linie RE7 statt als Linie RE1 (RRX) verkehren.<\/p>\n<p>Stadtbahnen und Stra\u00dfenbahnen fahren l\u00e4nger      <\/p>\n<p class=\"richtext text-em-55 !leading-serif mx-6 desktop:mx-0\">Zwischen den Haltestellen \u201eHauptbahnhof&#8220; und \u201eHeinrich-Heine-Allee&#8220; sowie zwischen \u201eHauptbahnhof&#8220; und \u201eBelsenplatz&#8220; sind bis gegen 2 Uhr Entlastungsz\u00fcge der Linie \u201eE&#8220; im Einsatz. Die Linien U72, U75, U77 und U78 fahren bis gegen 1 Uhr, die Linien U71, U73, U76, <a href=\"https:\/\/rp-online.de\/thema\/u79\/\" rel=\"nofollow noopener\" target=\"_blank\">U79<\/a> und U83 bis gegen 2 Uhr. Auf den Linien U72, U75, U76 und U79 gilt anschlie\u00dfend der gewohnte Nacht-Express-Fahrplan.<\/p>\n<p class=\"richtext text-em-55 !leading-serif mx-6 desktop:mx-0\">Aus Sicherheitsgr\u00fcnden halten die Linien U75, U76, U77 und \u201eE&#8220; von 22.30 bis 0.30 Uhr nicht an der Haltestelle \u201eTonhalle\/Ehrenhof&#8220;. Die Stra\u00dfenbahnlinien 701, 704, 705, 706, 707, 708 und 709 fahren ebenfalls bis etwa 2 Uhr.<\/p>\n<p class=\"richtext text-em-55 !leading-serif mx-6 desktop:mx-0\">Auch die Buslinien sind verst\u00e4rkt unterwegs: Die Linien M2, 726, 730, 732 und 839 fahren bis gegen 1 Uhr, die Linien O13, SB50, 737, 754, 780, 782, 785, 831, 834 und 835\/836 bis gegen 2 Uhr. Erg\u00e4nzend sorgt der Nacht-Express mit den Buslinien 778, 830, NE1 bis NE8, DL1, DL4, DL5 und DL6 f\u00fcr die R\u00fcckfahrt. Am Hauptbahnhof besteht Anschluss an Regionalexpress und S-Bahn.<\/p>\n<p>Sperrungen und Umleitungen      <\/p>\n<p class=\"text_ohne_einzug richtext text-em-55 !leading-serif mx-6 desktop:mx-0\">Am Samstag enden und starten die Busse der Linie SB50 ab 17 Uhr an der Haltestelle \u201eHeinrich-Heine-Allee, Steig 9&#8243;. Die Haltestellen \u201eTonhalle\/Ehrenhof&#8220; und \u201eRheinterrasse&#8220; entfallen in beiden Richtungen.<\/p>\n<p class=\"richtext text-em-55 !leading-serif mx-6 desktop:mx-0\">Die Linien SB50, 780, 782 und 785 fahren stadtausw\u00e4rts eine Umleitung ab \u201eHeinrich-Heine-Allee, Steig 9&#8243; durch den K\u00f6-Bogen-Tunnel, der Steig 7 entf\u00e4llt, stattdessen ist Steig 9 zu nutzen. Die Linie M2 f\u00e4hrt ab 17 Uhr eine Umleitung zwischen \u201eM\u00fcnsterstra\u00dfe\/Feuerwache&#8220; und \u201eRheinterrasse&#8220;; die Haltestelle \u201eERGO-Platz\/Klever Stra\u00dfe&#8220; entf\u00e4llt, \u201eTonhalle\/Ehrenhof&#8220; ebenfalls. Als Alternative steht die Haltestelle \u201eRheinterrasse&#8220; zur Verf\u00fcgung.<\/p>\n<p>Park &amp; Ride: Zwei Optionen mit \u00d6PNV-Ticket      <\/p>\n<p class=\"richtext text-em-55 !leading-serif mx-6 desktop:mx-0\">Wer mit dem Auto zum Japan-Tag anreist, hat zwei Park&amp;Ride-M\u00f6glichkeiten: Das Kombi-Ticket f\u00fcr die <a href=\"https:\/\/rp-online.de\/thema\/merkur-spiel-arena\/\" rel=\"nofollow noopener\" target=\"_blank\">Merkur Spiel-Arena<\/a> beinhaltet einen Parkplatz im Parkhaus P7 sowie ein \u00d6PNV-Ticket f\u00fcr das gesamte D\u00fcsseldorfer Stadtgebiet.<\/p>\n<p class=\"richtext text-em-55 !leading-serif mx-6 desktop:mx-0\">Von der Haltestelle \u201eMerkur Spiel-Arena&#8220; f\u00e4hrt die Linie U78 zur Heinrich-Heine-Allee oder zum Hauptbahnhof. Die Tickets gibt es f\u00fcr drei oder f\u00fcnf Personen zum Preis von 25 Euro oder 30 Euro.<\/p>\n<p class=\"richtext text-em-55 !leading-serif mx-6 desktop:mx-0\">Das Flughafen-Kombi-Ticket umfasst einen Parkplatz auf dem Airport-Parkplatz P13, der \u00fcber die <a href=\"https:\/\/rp-online.de\/thema\/a44\/\" rel=\"nofollow noopener\" target=\"_blank\">A44<\/a> und die B8 erreichbar ist und vier Gehminuten von der Stadtbahn-Haltestelle \u201eLohausen&#8220; entfernt liegt. Von dort f\u00e4hrt die Linie U79 im Zehn-Minuten-Takt in 14 Minuten bis zur \u201eHeinrich-Heine-Allee&#8220;. Die Tickets f\u00fcr bis zu f\u00fcnf Personen kosten je nach Personenzahl zwischen neun und 16 Euro.<\/p>\n<p class=\"richtext text-em-55 !leading-serif mx-6 desktop:mx-0\">Das Angebot gilt am aufgedruckten Datum f\u00fcr Hin- und R\u00fcckfahrt in allen Bussen und Bahnen im D\u00fcsseldorfer Stadtgebiet, berechtigt zum Parken f\u00fcr maximal acht Stunden zwischen 9 und 1 Uhr. Die Buchungsbest\u00e4tigung gilt als Fahrschein.<\/p>\n","protected":false},"excerpt":{"rendered":"Die Rheinbahn ist nach eigenen Angaben gut auf den Japan-Tag und das gro\u00dfe Feuerwerk am Samstag vorbereitet und&hellip;\n","protected":false},"author":2,"featured_media":1026363,"comment_status":"","ping_status":"","sticky":false,"template":"","format":"standard","meta":{"footnotes":"","_share_on_mastodon":"0"},"categories":[1831],"tags":[27248,1739,97543,3364,29,3405,30,3601,27247,18214,372,26507,42452,1209,4102,524,58466,1781,9717],"class_list":["post-1040864","post","type-post","status-publish","format-standard","has-post-thumbnail","category-duesseldorf","tag-allee","tag-bahn","tag-buslinien","tag-de","tag-deutschland","tag-duesseldorf","tag-germany","tag-hauptbahnhof","tag-heine","tag-heinrich","tag-japan","tag-linie","tag-linien","tag-nordrhein-westfalen","tag-rheinbahn","tag-strasse","tag-strassenbahnlinien","tag-tag","tag-uhr"],"share_on_mastodon":{"url":"https:\/\/pubeurope.com\/@de\/116624107006497440","error":""},"_links":{"self":[{"href":"https:\/\/www.europesays.com\/de\/wp-json\/wp\/v2\/posts\/1040864","targetHints":{"allow":["GET"]}}],"collection":[{"href":"https:\/\/www.europesays.com\/de\/wp-json\/wp\/v2\/posts"}],"about":[{"href":"https:\/\/www.europesays.com\/de\/wp-json\/wp\/v2\/types\/post"}],"author":[{"embeddable":true,"href":"https:\/\/www.europesays.com\/de\/wp-json\/wp\/v2\/users\/2"}],"replies":[{"embeddable":true,"href":"https:\/\/www.europesays.com\/de\/wp-json\/wp\/v2\/comments?post=1040864"}],"version-history":[{"count":0,"href":"https:\/\/www.europesays.com\/de\/wp-json\/wp\/v2\/posts\/1040864\/revisions"}],"wp:featuredmedia":[{"embeddable":true,"href":"https:\/\/www.europesays.com\/de\/wp-json\/wp\/v2\/media\/1026363"}],"wp:attachment":[{"href":"https:\/\/www.europesays.com\/de\/wp-json\/wp\/v2\/media?parent=1040864"}],"wp:term":[{"taxonomy":"category","embeddable":true,"href":"https:\/\/www.europesays.com\/de\/wp-json\/wp\/v2\/categories?post=1040864"},{"taxonomy":"post_tag","embeddable":true,"href":"https:\/\/www.europesays.com\/de\/wp-json\/wp\/v2\/tags?post=1040864"}],"curies":[{"name":"wp","href":"https:\/\/api.w.org\/{rel}","templated":true}]}}