{"id":1040973,"date":"2026-05-23T14:29:20","date_gmt":"2026-05-23T14:29:20","guid":{"rendered":"https:\/\/www.europesays.com\/de\/1040973\/"},"modified":"2026-05-23T14:29:20","modified_gmt":"2026-05-23T14:29:20","slug":"strassenbahn-unfall-in-duesseldorf-am-samstag-unfall-am-japan-tag-2","status":"publish","type":"post","link":"https:\/\/www.europesays.com\/de\/1040973\/","title":{"rendered":"Stra\u00dfenbahn-Unfall in D\u00fcsseldorf am Samstag: Unfall am Japan-Tag"},"content":{"rendered":"<p class=\"text_ohne_einzug richtext text-em-55 !leading-serif mx-6 desktop:mx-0\"> Bei einem Unfall von zwei Stra\u00dfenbahnen hat es am Samstag in <a href=\"https:\/\/rp-online.de\/thema\/duesseldorf\/\" rel=\"nofollow noopener\" target=\"_blank\">D\u00fcsseldorf<\/a> mehrere Verletzte gegeben. Das best\u00e4tigte die <a href=\"https:\/\/rp-online.de\/thema\/polizei\/\" rel=\"nofollow noopener\" target=\"_blank\">Polizei<\/a>. Gegen 11.35 Uhr seien die zwei Bahnen an der Kreuzung von <a href=\"https:\/\/rp-online.de\/thema\/berliner-allee\/\" rel=\"nofollow noopener\" target=\"_blank\">Berliner Allee<\/a> und Graf-Adolf-Stra\u00dfe kollidiert. Die Feuerwehr sprach am Mittag auf Nachfrage unserer Redaktion von insgesamt 27 Verletzten. Demnach gab es 22 Leichtverletzte, f\u00fcnf Personen sollen schwerer verletzt worden sein. In einem lebensbedrohlichen Zustand befinde sich nach aktuellem Stand keiner der Beteiligten, hie\u00df es von dem Feuerwehrsprecher. Zus\u00e4tzlich zu den verletzten Bahn-Passagieren gab es noch 28 weitere Betroffene, die aber keine Behandlung ben\u00f6tigten.<\/p>\n<p>Bilder zeigen verw\u00fcstete Bahnen      <\/p>\n<p class=\"richtext text-em-55 !leading-serif mx-6 desktop:mx-0\">Wie unser Reporter vor Ort berichtete, sind die Bahnen frontal zusammengesto\u00dfen. Fensterscheiben waren gesplittert, die Bahnen aus den Schienen gesprungen. Die <a href=\"https:\/\/rp-online.de\/thema\/rheinbahn\/\" rel=\"nofollow noopener\" target=\"_blank\">Rheinbahn<\/a> war mit Spezialger\u00e4t im Einsatz, um die Fahrzeuge zur\u00fcck auf die Schienen zu setzen. Ein gro\u00dfer Bus stand zur Verf\u00fcgung, in dem die Passagiere versorgt werden k\u00f6nnen. Der wurde laut Feuerwehr ebenfalls von der Rheinbahn herbeigeschafft. \u201eDann kommen die Betroffenen auch erst einmal aus der Sonne heraus.\u201c<\/p>\n<p class=\"richtext text-em-55 !leading-serif mx-6 desktop:mx-0\">Es soll sich bei den verunfallten Fahrzeugen jeweils um Stra\u00dfenbahnen der Linie 709 handeln. Mehrere Verletzte wurden mit Transportliegen in Rettungswagen gebracht. Die ansonsten viel befahrene Kreuzung wurde gro\u00dfr\u00e4umig abgesperrt, der Autoverkehr staute sich erheblich.<\/p>\n<p>Folgende Linien sind von Umleitungen betroffen      <\/p>\n<p class=\"richtext text-em-55 !leading-serif mx-6 desktop:mx-0\">Passagiere sind dazu aufgerufen, in der Innenstadt die U-Bahnlinien zu nutzen. Diese seien nicht betroffen, hei\u00dft es von der Rheinbahn. Sie hat um 14.40 Uhr ein Update zu den Auswirkungen auf den \u00d6PNV in der Stadt gegeben. Die betroffenen Linien im \u00dcberblick:<\/p>\n","protected":false},"excerpt":{"rendered":"Bei einem Unfall von zwei Stra\u00dfenbahnen hat es am Samstag in D\u00fcsseldorf mehrere Verletzte gegeben. Das best\u00e4tigte die&hellip;\n","protected":false},"author":2,"featured_media":1040974,"comment_status":"","ping_status":"","sticky":false,"template":"","format":"standard","meta":{"footnotes":"","_share_on_mastodon":"0"},"categories":[5],"tags":[331,332,13365,3364,29,3405,30,13,14,15,14129,12,524,13362,1284,17262,3258],"class_list":["post-1040973","post","type-post","status-publish","format-standard","has-post-thumbnail","category-nachrichten","tag-aktuelle-nachrichten","tag-aktuelle-news","tag-bahnen","tag-de","tag-deutschland","tag-duesseldorf","tag-germany","tag-headlines","tag-nachrichten","tag-news","tag-samstag","tag-schlagzeilen","tag-strasse","tag-strassenbahnen","tag-unfall","tag-unklar","tag-verletzte"],"share_on_mastodon":{"url":"","error":""},"_links":{"self":[{"href":"https:\/\/www.europesays.com\/de\/wp-json\/wp\/v2\/posts\/1040973","targetHints":{"allow":["GET"]}}],"collection":[{"href":"https:\/\/www.europesays.com\/de\/wp-json\/wp\/v2\/posts"}],"about":[{"href":"https:\/\/www.europesays.com\/de\/wp-json\/wp\/v2\/types\/post"}],"author":[{"embeddable":true,"href":"https:\/\/www.europesays.com\/de\/wp-json\/wp\/v2\/users\/2"}],"replies":[{"embeddable":true,"href":"https:\/\/www.europesays.com\/de\/wp-json\/wp\/v2\/comments?post=1040973"}],"version-history":[{"count":0,"href":"https:\/\/www.europesays.com\/de\/wp-json\/wp\/v2\/posts\/1040973\/revisions"}],"wp:featuredmedia":[{"embeddable":true,"href":"https:\/\/www.europesays.com\/de\/wp-json\/wp\/v2\/media\/1040974"}],"wp:attachment":[{"href":"https:\/\/www.europesays.com\/de\/wp-json\/wp\/v2\/media?parent=1040973"}],"wp:term":[{"taxonomy":"category","embeddable":true,"href":"https:\/\/www.europesays.com\/de\/wp-json\/wp\/v2\/categories?post=1040973"},{"taxonomy":"post_tag","embeddable":true,"href":"https:\/\/www.europesays.com\/de\/wp-json\/wp\/v2\/tags?post=1040973"}],"curies":[{"name":"wp","href":"https:\/\/api.w.org\/{rel}","templated":true}]}}